{"id":1134,"date":"2015-03-03T00:00:00","date_gmt":"2015-03-03T00:00:00","guid":{"rendered":"https:\/\/escuelas.mvl.edu.ar\/dorrego\/2015\/03\/03\/nuestra-formacion\/"},"modified":"2022-04-14T12:59:21","modified_gmt":"2022-04-14T12:59:21","slug":"nuestra-formacion","status":"publish","type":"post","link":"https:\/\/escuelas.mvl.edu.ar\/dorrego\/2015\/03\/03\/nuestra-formacion\/","title":{"rendered":"Plan de Apoyo Educativo Municipal: Quienes somos"},"content":{"rendered":"<p><span style=\"font-family: 'trebuchet ms', geneva, sans-serif; font-size: 10pt;\"><b>Responsables del PAE en nuestra Escuela Primaria Municipal Manuel Dorrego (Vte. L\u00f3pez)<\/b><\/span><\/p>\n<p><span style=\"font-family: 'trebuchet ms', geneva, sans-serif; font-size: 10pt;\"><span style=\"text-decoration: underline;\">Responsable 1\u00b0 ciclo:<\/span> \u00a0 \u00a0<b> \u00a0 \u00a0<\/b><br \/>\nIrene Marisa Gim\u00e9nez<\/span><\/p>\n<ul>\n<li><span style=\"font-size: 10pt; font-family: 'trebuchet ms', geneva, sans-serif;\"><i>Prof<i><img decoding=\"async\" class=\" alignleft\" src=\"https:\/\/sites.google.com\/a\/mvl.edu.ar\/apoyo-escolar-en-epm-dorrego\/nuestra-formacion\/irene1.jpg\" width=\"100\" height=\"124\" border=\"0\" \/><\/i>esora para la Ense\u00f1anza Primaria:<br \/>\nInstituto Pedro Poveda &#8211; Vicente L\u00f3pez<\/i><\/span><\/li>\n<li><span style=\"font-size: 10pt; font-family: 'trebuchet ms', geneva, sans-serif;\"><i>Maestra Recuperadora:<br \/>\nInstituto de Formaci\u00f3n Docente N\u00b0 39 &#8211; Vicente L\u00f3pez<br \/>\n<\/i><\/span><\/li>\n<li><span style=\"font-size: 10pt; font-family: 'trebuchet ms', geneva, sans-serif;\"><i>Licenciada en Psicopedagog\u00eda :<br \/>\n<\/i><\/span><\/li>\n<li><span style=\"font-size: 10pt; font-family: 'trebuchet ms', geneva, sans-serif;\"><i>Universidad del Salvador (USAL)<\/i><\/span><\/li>\n<li><span style=\"font-family: 'trebuchet ms', geneva, sans-serif; font-size: 10pt;\"><i>Grupo de Estudio Sobre Diagn\u00f3stico y Tratamiento a cargo de la Lic. Liliana Fonseca.<\/i><\/span><\/li>\n<li><span style=\"font-family: 'trebuchet ms', geneva, sans-serif; font-size: 10pt;\"><i>Postgrado en Psicoan\u00e1lisis de Ni\u00f1os a cargo del Lic. Carlos Tach (UBA)<\/i><\/span><\/li>\n<li><span style=\"font-family: 'trebuchet ms', geneva, sans-serif; font-size: 10pt;\"><i>Concurrencia en el Centro de Salud y Acci\u00f3n Comunitaria N\u00b0 1 -Villa Pueyrred\u00f3n (dependiente del Hospital Pirovano)<\/i><\/span><\/li>\n<\/ul>\n<p><span style=\"text-decoration: underline;\"><span style=\"font-family: 'trebuchet ms', geneva, sans-serif; font-size: 10pt;\">Responsable 2\u00b0 ciclo<\/span><\/span><\/p>\n<p><span style=\"font-size: 10pt; font-family: 'trebuchet ms', geneva, sans-serif;\">\u00a0Helvia\u00a0Mar\u00eda Cesario: \u00a0<\/span><\/p>\n<ul>\n<li><span style=\"font-family: 'trebuchet ms', geneva, sans-serif; font-size: 10pt;\"><em>P<img decoding=\"async\" class=\" alignleft\" src=\"https:\/\/sites.google.com\/a\/mvl.edu.ar\/apoyo-escolar-en-epm-dorrego\/nuestra-formacion\/autorretrato%20191.jpg\" width=\"117\" height=\"127\" border=\"0\" \/>rofesora para la Ense\u00f1anza Primaria: <\/em><\/span><br \/>\n<span style=\"font-family: 'trebuchet ms', geneva, sans-serif; font-size: 10pt;\"> <em> Instituto Superior de Formaci\u00f3n Docente N\u00b0 117 &#8211; San Fernando<\/em><\/span><\/li>\n<\/ul>\n<ul>\n<li><span style=\"font-size: 10pt; font-family: 'trebuchet ms', geneva, sans-serif;\"><i>Licenciada en Calidad de la Gesti\u00f3n de la Educaci\u00f3n<br \/>\n(Universidad del Salvador -USAL)<\/i><\/span><\/li>\n<li><span style=\"font-size: 10pt; font-family: 'trebuchet ms', geneva, sans-serif;\"><i>Experta Universitaria en Educaci\u00f3n Socio-comunitaria<br \/>\n(Universidad Tecnol\u00f3gica Nacional -UTN)<\/i><\/span><\/li>\n<li><span style=\"font-size: 10pt; font-family: 'trebuchet ms', geneva, sans-serif;\"><i>Diplomada Superior en Pedagog\u00edas de las Diferencias<br \/>\n(Facultad Latinoamericana de Ciencias Sociales &#8211; FLACSO Argentina)<\/i><\/span><\/li>\n<li><span style=\"font-size: 10pt; font-family: 'trebuchet ms', geneva, sans-serif;\"><i>Formadora \u00a0Promotores Comunitarios de Salud en\u00a0<\/i><i>Fundaci\u00f3n y Hospital de Pediatr\u00eda<br \/>\nDr. Juan P. Garrahan\u00a0<\/i><i>y Regi\u00f3n Sanitaria V.<\/i><\/span><\/li>\n<li><span style=\"font-size: 10pt; font-family: 'trebuchet ms', geneva, sans-serif;\"><i>Asistente y Gu\u00eda Montessori (3 a 6 a\u00f1os) \u00a0(AMI &#8211; Asociaci\u00f3n Montessori Internacional)<\/i><\/span><\/li>\n<li><span style=\"font-family: 'trebuchet ms', geneva, sans-serif; font-size: 10pt;\"><em>Asistente Montessori Primaria (6 a 12 a\u00f1os) para Taller Primaria 1 y 2 \u00a0<i>(AMI &#8211; Asociaci\u00f3n Montessori Internacional)<\/i><\/em><\/span><\/li>\n<\/ul>\n<p><span style=\"text-decoration: underline; font-size: 12pt;\"><strong>Qu\u00e9 hacemos:<\/strong><\/span><\/p>\n<p><span style=\"font-size: 10pt;\">Desarrollamos el PAE en la escuela desde el a\u00f1o 2011, atendiendo a la situaci\u00f3n pedag\u00f3gica que involucre alumnos con dificultades de aprendizaje y vulnerabilidad educativa.<\/span><\/p>\n<p><span style=\"font-size: 10pt;\">Nuestra funci\u00f3n incluye:<\/span><\/p>\n<ul>\n<li><span style=\"font-size: 10pt;\">Atenci\u00f3n personalizada de alumnos<\/span><\/li>\n<li><span style=\"font-size: 10pt;\">Atenci\u00f3n de alumnos en aula<\/span><\/li>\n<li><span style=\"font-size: 10pt;\">Asesoramiento y orientaci\u00f3n a docentes en la realizaci\u00f3n de Configuraciones de apoyo, para alumnos con dificultades en el aprendizaje.<\/span><\/li>\n<li><span style=\"font-size: 10pt;\">Talleres para desarrollo de tem\u00e1ticas programadas con el docente\u00a0<\/span><\/li>\n<li><span style=\"font-size: 10pt;\">Colaboraci\u00f3n en la evaluaci\u00f3n diagn\u00f3stica de alumnos con dificultades de aprendizaje<\/span><\/li>\n<li><span style=\"font-size: 10pt;\">Participaci\u00f3n al E.O.E. de los resultados y transcurso de nuestra labor.\u00a0<\/span><\/li>\n<li><span style=\"font-size: 10pt;\">Proyectos, informes y participaci\u00f3n a la Direcci\u00f3n de la escuela de nuestra labor.<\/span><\/li>\n<\/ul>\n","protected":false},"excerpt":{"rendered":"<p>Responsables del PAE en nuestra Escuela Primaria Municipal Manuel Dorrego (Vte. L\u00f3pez) Responsable 1\u00b0 ciclo: \u00a0 \u00a0 \u00a0 \u00a0 Irene Marisa Gim\u00e9nez Profesora para la Ense\u00f1anza Primaria: Instituto Pedro Poveda &#8211; Vicente L\u00f3pez Maestra Recuperadora: Instituto de Formaci\u00f3n Docente N\u00b0 39 &#8211; Vicente L\u00f3pez Licenciada en Psicopedagog\u00eda : Universidad del Salvador (USAL) Grupo de Estudio Sobre Diagn\u00f3stico y Tratamiento a cargo de la Lic. Liliana Fonseca. Postgrado en Psicoan\u00e1lisis de Ni\u00f1os a cargo del Lic. Carlos Tach (UBA) Concurrencia en el Centro de Salud y Acci\u00f3n Comunitaria N\u00b0 1 -Villa Pueyrred\u00f3n (dependiente del Hospital Pirovano) Responsable 2\u00b0 ciclo \u00a0Helvia\u00a0Mar\u00eda Cesario: \u00a0 Profesora para la Ense\u00f1anza Primaria: Instituto Superior de Formaci\u00f3n Docente N\u00b0 117 &#8211; San Fernando Licenciada en Calidad de la Gesti\u00f3n de la Educaci\u00f3n (Universidad del Salvador -USAL) Experta Universitaria en Educaci\u00f3n Socio-comunitaria (Universidad Tecnol\u00f3gica Nacional -UTN) Diplomada Superior en Pedagog\u00edas de las Diferencias (Facultad Latinoamericana de Ciencias Sociales &#8211; FLACSO Argentina) Formadora \u00a0Promotores Comunitarios de Salud en\u00a0Fundaci\u00f3n y Hospital de Pediatr\u00eda Dr. Juan P. Garrahan\u00a0y Regi\u00f3n Sanitaria V. Asistente y Gu\u00eda Montessori (3 a 6 a\u00f1os) \u00a0(AMI &#8211; Asociaci\u00f3n Montessori Internacional) Asistente Montessori Primaria (6 a 12 a\u00f1os) para Taller Primaria 1 y 2 \u00a0(AMI &#8211; Asociaci\u00f3n Montessori Internacional) Qu\u00e9 hacemos: Desarrollamos el PAE en la escuela desde el a\u00f1o 2011, atendiendo a la situaci\u00f3n pedag\u00f3gica que involucre alumnos con dificultades de aprendizaje y vulnerabilidad educativa. Nuestra funci\u00f3n incluye: Atenci\u00f3n personalizada de alumnos Atenci\u00f3n de alumnos en aula Asesoramiento y orientaci\u00f3n a docentes en la realizaci\u00f3n de Configuraciones de apoyo, para alumnos con dificultades en el aprendizaje. Talleres para desarrollo de tem\u00e1ticas programadas con el docente\u00a0 Colaboraci\u00f3n en la evaluaci\u00f3n diagn\u00f3stica de alumnos con dificultades de aprendizaje Participaci\u00f3n al E.O.E. de los resultados y transcurso de nuestra labor.\u00a0 Proyectos, informes y participaci\u00f3n a la Direcci\u00f3n de la escuela de nuestra labor.<\/p>\n","protected":false},"author":1,"featured_media":0,"comment_status":"open","ping_status":"open","sticky":false,"template":"","format":"standard","meta":{"footnotes":""},"categories":[110,41,42],"tags":[],"class_list":["post-1134","post","type-post","status-publish","format-standard","hentry","category-diversos","category-escuela-manuel-dorrego","category-experiencias-escuela-dorrego"],"_links":{"self":[{"href":"https:\/\/escuelas.mvl.edu.ar\/dorrego\/wp-json\/wp\/v2\/posts\/1134","targetHints":{"allow":["GET"]}}],"collection":[{"href":"https:\/\/escuelas.mvl.edu.ar\/dorrego\/wp-json\/wp\/v2\/posts"}],"about":[{"href":"https:\/\/escuelas.mvl.edu.ar\/dorrego\/wp-json\/wp\/v2\/types\/post"}],"author":[{"embeddable":true,"href":"https:\/\/escuelas.mvl.edu.ar\/dorrego\/wp-json\/wp\/v2\/users\/1"}],"replies":[{"embeddable":true,"href":"https:\/\/escuelas.mvl.edu.ar\/dorrego\/wp-json\/wp\/v2\/comments?post=1134"}],"version-history":[{"count":1,"href":"https:\/\/escuelas.mvl.edu.ar\/dorrego\/wp-json\/wp\/v2\/posts\/1134\/revisions"}],"predecessor-version":[{"id":7438,"href":"https:\/\/escuelas.mvl.edu.ar\/dorrego\/wp-json\/wp\/v2\/posts\/1134\/revisions\/7438"}],"wp:attachment":[{"href":"https:\/\/escuelas.mvl.edu.ar\/dorrego\/wp-json\/wp\/v2\/media?parent=1134"}],"wp:term":[{"taxonomy":"category","embeddable":true,"href":"https:\/\/escuelas.mvl.edu.ar\/dorrego\/wp-json\/wp\/v2\/categories?post=1134"},{"taxonomy":"post_tag","embeddable":true,"href":"https:\/\/escuelas.mvl.edu.ar\/dorrego\/wp-json\/wp\/v2\/tags?post=1134"}],"curies":[{"name":"wp","href":"https:\/\/api.w.org\/{rel}","templated":true}]}}