{"id":1445,"date":"2015-10-26T00:00:00","date_gmt":"2015-10-26T00:00:00","guid":{"rendered":"https:\/\/escuelas.mvl.edu.ar\/dorrego\/2015\/10\/26\/mision-y-vision-maternal-11\/"},"modified":"2022-04-14T12:59:09","modified_gmt":"2022-04-14T12:59:09","slug":"mision-y-vision-maternal-11","status":"publish","type":"post","link":"https:\/\/escuelas.mvl.edu.ar\/dorrego\/2015\/10\/26\/mision-y-vision-maternal-11\/","title":{"rendered":"Misi\u00f3n y Visi\u00f3n &#8211; Maternal 11"},"content":{"rendered":"<p><b><span style=\"text-decoration: underline;\">Visi\u00f3n<\/span><\/b><span>:\u00a0<\/span><\/p>\n<div><\/p>\n<div><i>\u00abUna Instituci\u00f3n Educativa conformada por un equipo de trabajo integrado entre s\u00ed y con la comunidad, comprometido con el inter\u00e9s primordial del ni\u00f1o y sus Derechos, trabajando para el mejoramiento de su misi\u00f3n de educar y cuidar, guiada por los objetivos de la educaci\u00f3n inicial, a trav\u00e9s de su capacitaci\u00f3n y evaluaci\u00f3n permanente, reflexi\u00f3n critica y transformaci\u00f3n de sus practicas, generador de un buen clima institucional, de una cultura de la solidaridad, de la colaboraci\u00f3n y del trabajo, con una imagen prestigiosa en su medio y con una comunidad que valorice su funci\u00f3n pedag\u00f3gica.\u00bb<\/i><\/div>\n<div><i>\u00a0<\/i><\/div>\n<div><span style=\"text-decoration: underline;\"><b>Misi\u00f3n:<\/b><\/span><\/div>\n<div><i>\u00a0<\/i><\/div>\n<div><i>\u00abNuestra\u00a0misi\u00f3n\u00a0es impartir\u00a0educaci\u00f3n\u00a0y cuidado a los ni\u00f1os de 45\u00a0d\u00edas\u00a0a 2 a\u00f1os, para lograr su\u00a0formaci\u00f3n\u00a0integral, su pleno\u00a0desarrollo, la internalizacion de valores y su\u00a0integraci\u00f3n\u00a0a la sociedad en la que vive\u00bb<\/p>\n<p><\/i><\/div>\n<\/div>\n","protected":false},"excerpt":{"rendered":"<p>Visi\u00f3n:\u00a0 \u00abUna Instituci\u00f3n Educativa conformada por un equipo de trabajo integrado entre s\u00ed y con la comunidad, comprometido con el inter\u00e9s primordial del ni\u00f1o y sus Derechos, trabajando para el mejoramiento de su misi\u00f3n de educar y cuidar, guiada por los objetivos de la educaci\u00f3n inicial, a trav\u00e9s de su capacitaci\u00f3n y evaluaci\u00f3n permanente, reflexi\u00f3n critica y transformaci\u00f3n de sus practicas, generador de un buen clima institucional, de una cultura de la solidaridad, de la colaboraci\u00f3n y del trabajo, con una imagen prestigiosa en su medio y con una comunidad que valorice su funci\u00f3n pedag\u00f3gica.\u00bb \u00a0 Misi\u00f3n: \u00a0 \u00abNuestra\u00a0misi\u00f3n\u00a0es impartir\u00a0educaci\u00f3n\u00a0y cuidado a los ni\u00f1os de 45\u00a0d\u00edas\u00a0a 2 a\u00f1os, para lograr su\u00a0formaci\u00f3n\u00a0integral, su pleno\u00a0desarrollo, la internalizacion de valores y su\u00a0integraci\u00f3n\u00a0a la sociedad en la que vive\u00bb<\/p>\n","protected":false},"author":1,"featured_media":0,"comment_status":"open","ping_status":"open","sticky":false,"template":"","format":"standard","meta":{"footnotes":""},"categories":[1],"tags":[],"class_list":["post-1445","post","type-post","status-publish","format-standard","hentry","category-sin-categoria"],"_links":{"self":[{"href":"https:\/\/escuelas.mvl.edu.ar\/dorrego\/wp-json\/wp\/v2\/posts\/1445","targetHints":{"allow":["GET"]}}],"collection":[{"href":"https:\/\/escuelas.mvl.edu.ar\/dorrego\/wp-json\/wp\/v2\/posts"}],"about":[{"href":"https:\/\/escuelas.mvl.edu.ar\/dorrego\/wp-json\/wp\/v2\/types\/post"}],"author":[{"embeddable":true,"href":"https:\/\/escuelas.mvl.edu.ar\/dorrego\/wp-json\/wp\/v2\/users\/1"}],"replies":[{"embeddable":true,"href":"https:\/\/escuelas.mvl.edu.ar\/dorrego\/wp-json\/wp\/v2\/comments?post=1445"}],"version-history":[{"count":1,"href":"https:\/\/escuelas.mvl.edu.ar\/dorrego\/wp-json\/wp\/v2\/posts\/1445\/revisions"}],"predecessor-version":[{"id":7418,"href":"https:\/\/escuelas.mvl.edu.ar\/dorrego\/wp-json\/wp\/v2\/posts\/1445\/revisions\/7418"}],"wp:attachment":[{"href":"https:\/\/escuelas.mvl.edu.ar\/dorrego\/wp-json\/wp\/v2\/media?parent=1445"}],"wp:term":[{"taxonomy":"category","embeddable":true,"href":"https:\/\/escuelas.mvl.edu.ar\/dorrego\/wp-json\/wp\/v2\/categories?post=1445"},{"taxonomy":"post_tag","embeddable":true,"href":"https:\/\/escuelas.mvl.edu.ar\/dorrego\/wp-json\/wp\/v2\/tags?post=1445"}],"curies":[{"name":"wp","href":"https:\/\/api.w.org\/{rel}","templated":true}]}}