{"id":1474,"date":"2015-11-10T00:00:00","date_gmt":"2015-11-10T00:00:00","guid":{"rendered":"https:\/\/escuelas.mvl.edu.ar\/dorrego\/2015\/11\/10\/taller-de-radio\/"},"modified":"2022-04-14T12:59:09","modified_gmt":"2022-04-14T12:59:09","slug":"taller-de-radio","status":"publish","type":"post","link":"https:\/\/escuelas.mvl.edu.ar\/dorrego\/2015\/11\/10\/taller-de-radio\/","title":{"rendered":"Taller de Radio"},"content":{"rendered":"<p><span style=\"font-weight: 400;\">La radio es una herramienta m\u00e1gica y accesible que goza de cualidades educativas singulares para el trabajo curricular: permite el trabajo en grupo, favorece la motivaci\u00f3n de los alumnos y es un buen instrumento para el tratamiento de diversos temas transversales.<\/span><\/p>\n<p><span style=\"font-weight: 400;\">Este mes comenzamos a trabajar con alumnos de 6\u00ba B del turno ma\u00f1ana de la Escuela Dorrego en el Taller de Radio. Como primera medida, realizamos un trabajo conjunto en el que invitamos a participar a todo el colegio en <\/span><b><i>la elecci\u00f3n del nombre de nuestro programa radial<\/i><\/b><span style=\"font-weight: 400;\">. <br \/><\/span><\/p>\n<div style=\"width: 480px;\" class=\"wp-video\"><video class=\"wp-video-shortcode\" id=\"video-1474-1\" width=\"480\" height=\"264\" preload=\"metadata\" controls=\"controls\"><source type=\"video\/mp4\" src=\"http:\/\/www.entramar.mvl.edu.ar\/wp-content\/uploads\/2015\/11\/VID-20150916-WA0002.mp4?_=1\" \/><a href=\"http:\/\/www.entramar.mvl.edu.ar\/wp-content\/uploads\/2015\/11\/VID-20150916-WA0002.mp4\">http:\/\/www.entramar.mvl.edu.ar\/wp-content\/uploads\/2015\/11\/VID-20150916-WA0002.mp4<\/a><\/video><\/div>\n<p>&nbsp;<\/p>\n<p><span style=\"font-weight: 400;\">Los alumnos realizaron varios afiches informativos, confeccionaron urnas y panfletos donde cada integrante \u00a0de la instituci\u00f3n (ni\u00f1os, docentes, auxiliares) podr\u00e1n optar \u00a0por uno de los tres nombres seleccionados. \u00a1\u00a1Pronto sabremos cu\u00e1l fue el ganador!!<\/span><\/p>\n","protected":false},"excerpt":{"rendered":"<p>La radio es una herramienta m\u00e1gica y accesible que goza de cualidades educativas singulares para el trabajo curricular: permite el trabajo en grupo, favorece la motivaci\u00f3n de los alumnos y es un buen instrumento para el tratamiento de diversos temas transversales. Este mes comenzamos a trabajar con alumnos de 6\u00ba B del turno ma\u00f1ana de la Escuela Dorrego en el Taller de Radio. Como primera medida, realizamos un trabajo conjunto en el que invitamos a participar a todo el colegio en la elecci\u00f3n del nombre de nuestro programa radial. &nbsp; Los alumnos realizaron varios afiches informativos, confeccionaron urnas y panfletos donde cada integrante \u00a0de la instituci\u00f3n (ni\u00f1os, docentes, auxiliares) podr\u00e1n optar \u00a0por uno de los tres nombres seleccionados. \u00a1\u00a1Pronto sabremos cu\u00e1l fue el ganador!!<\/p>\n","protected":false},"author":1,"featured_media":0,"comment_status":"open","ping_status":"open","sticky":false,"template":"","format":"standard","meta":{"footnotes":""},"categories":[110,41,42,86],"tags":[],"class_list":["post-1474","post","type-post","status-publish","format-standard","hentry","category-diversos","category-escuela-manuel-dorrego","category-experiencias-escuela-dorrego","category-noticias-escuela-dorrego"],"_links":{"self":[{"href":"https:\/\/escuelas.mvl.edu.ar\/dorrego\/wp-json\/wp\/v2\/posts\/1474","targetHints":{"allow":["GET"]}}],"collection":[{"href":"https:\/\/escuelas.mvl.edu.ar\/dorrego\/wp-json\/wp\/v2\/posts"}],"about":[{"href":"https:\/\/escuelas.mvl.edu.ar\/dorrego\/wp-json\/wp\/v2\/types\/post"}],"author":[{"embeddable":true,"href":"https:\/\/escuelas.mvl.edu.ar\/dorrego\/wp-json\/wp\/v2\/users\/1"}],"replies":[{"embeddable":true,"href":"https:\/\/escuelas.mvl.edu.ar\/dorrego\/wp-json\/wp\/v2\/comments?post=1474"}],"version-history":[{"count":1,"href":"https:\/\/escuelas.mvl.edu.ar\/dorrego\/wp-json\/wp\/v2\/posts\/1474\/revisions"}],"predecessor-version":[{"id":7417,"href":"https:\/\/escuelas.mvl.edu.ar\/dorrego\/wp-json\/wp\/v2\/posts\/1474\/revisions\/7417"}],"wp:attachment":[{"href":"https:\/\/escuelas.mvl.edu.ar\/dorrego\/wp-json\/wp\/v2\/media?parent=1474"}],"wp:term":[{"taxonomy":"category","embeddable":true,"href":"https:\/\/escuelas.mvl.edu.ar\/dorrego\/wp-json\/wp\/v2\/categories?post=1474"},{"taxonomy":"post_tag","embeddable":true,"href":"https:\/\/escuelas.mvl.edu.ar\/dorrego\/wp-json\/wp\/v2\/tags?post=1474"}],"curies":[{"name":"wp","href":"https:\/\/api.w.org\/{rel}","templated":true}]}}