{"id":1724,"date":"2016-05-30T00:00:00","date_gmt":"2016-05-30T00:00:00","guid":{"rendered":"https:\/\/escuelas.mvl.edu.ar\/dorrego\/2016\/05\/30\/experiencia-con-realidad-aumentada-magia-3d-en-clase\/"},"modified":"2022-04-14T12:59:08","modified_gmt":"2022-04-14T12:59:08","slug":"experiencia-con-realidad-aumentada-magia-3d-en-clase","status":"publish","type":"post","link":"https:\/\/escuelas.mvl.edu.ar\/dorrego\/2016\/05\/30\/experiencia-con-realidad-aumentada-magia-3d-en-clase\/","title":{"rendered":"Experiencia con Realidad Aumentada: \u00abMagia 3D en clase\u00bb"},"content":{"rendered":"<p><span style=\"font-size: 12pt;\">En el marco de la 2\u00b0 CONFERENCIA ENTRAMAR 2016 se realiz\u00f3 el d\u00eda viernes 13 de mayo la exhibici\u00f3n de experiencias TED en aulas, en la sede del Centro Universitario Vicente L\u00f3pez, entre las 19 y las 20:30 hs.<\/span><\/p>\n<p><span style=\"font-size: 12pt;\">En este contexto se present\u00f3 la experiencia titulada: \u00abMagia 3D en clase\u00bb : experiencias con Realidad Aumentada.<\/span><\/p>\n<p><span style=\"font-size: 12pt;\"><em>Eje\/s de trabajo para el cual se propone la comunicaci\u00f3n;<\/em><\/span><\/p>\n<p><span style=\"font-size: 12pt;\"><i><span style=\"font-weight: 400;\">Eje de trabajo Eje 1 <\/span><\/i><span style=\"font-weight: 400;\">| \u00bfQu\u00e9 es posible hoy en la escuela?<\/span><\/span><\/p>\n<ul>\n<li style=\"font-weight: 400;\"><span style=\"font-size: 12pt; font-weight: 400;\">Ense\u00f1ar con contenidos educativos digitales:<\/span><\/li>\n<li style=\"font-weight: 400;\"><span style=\"font-size: 12pt; font-weight: 400;\">Material Web curricular<\/span><\/li>\n<li style=\"font-weight: 400;\"><span style=\"font-size: 12pt; font-weight: 400;\">Software o Aplicaciones en el aula.<\/span><\/li>\n<li style=\"font-weight: 400;\"><span style=\"font-size: 12pt; font-weight: 400;\">Construcci\u00f3n de saberes a partir de material digital.<\/span><\/li>\n<li style=\"font-weight: 400;\"><span style=\"font-size: 12pt; font-weight: 400;\">Materiales multimedia, medios audiovisuales.<\/span><\/li>\n<\/ul>\n<p><span style=\"font-size: 12pt;\">|\u00a0Noelia Fava y Fabiana Claret<\/span><\/p>\n<p><span style=\"font-size: 12pt;\"><i><\/i><span style=\"font-weight: 400;\">La Realidad Aumentada permite construir nuevas formas de conocimiento basadas en interacciones con objetos, aportando juego y experimentaci\u00f3n. Mostraremos diferentes opciones de lo trabajado con los alumnos de nuestra Escuela Primaria Municipal Manuel Dorrego, \u00a0en distintas \u00e1reas curriculares. El motivo es presentar a otros colegas un recurso did\u00e1ctico e innovador, mediante el cual los ni\u00f1os transforman la realidad de la imagen en dos dimensiones de la tarjeta, en un objeto tridimensional con el que pueden interactuar, manipulandolo ellos mismos. <\/span><span style=\"font-weight: 400;\">Nuestros prop\u00f3sitos han sido: <\/span><span style=\"font-weight: 400;\">promover el uso de nuevas herramientas tecnol\u00f3gicas para incorporar conocimiento, experimentar mediante la interacci\u00f3n con objetos en tres dimensiones, desarrollar la capacidad de aprender de lo que vemos y proponer a los docentes la adquisici\u00f3n de habilidades y destrezas a la hora de trabajar con tecnolog\u00eda.<\/span><\/span><\/p>\n<p><span style=\"font-size: 12pt;\"><i>Palabras claves<\/i> \u00a0virtual, interacci\u00f3n, webcam, soft, gr\u00e1ficos<\/span><\/p>\n<p><span style=\"font-size: 12pt;\"><i>Rama: <\/i>\u00a0Primaria.<\/span><\/p>\n<p><span style=\"font-size: 12pt;\">PRESENTACI\u00d3N BASE de la Experiencia:<\/span><br \/>\n<iframe src=\"https:\/\/docs.google.com\/presentation\/d\/1tBZ965E_InbDULvyTF8QEgaLymYdT309aJGLEp1dY78\/embed?start=true&amp;loop=false&amp;delayms=5000\" width=\"480\" height=\"389\" frameborder=\"0\" allowfullscreen=\"allowfullscreen\"><\/iframe><\/p>\n<p>FOTOS DE LA PRESENTACI\u00d3N DE LA EXPERIENCIA<\/p>\n<hr \/>\n","protected":false},"excerpt":{"rendered":"<p>En el marco de la 2\u00b0 CONFERENCIA ENTRAMAR 2016 se realiz\u00f3 el d\u00eda viernes 13 de mayo la exhibici\u00f3n de experiencias TED en aulas, en la sede del Centro Universitario Vicente L\u00f3pez, entre las 19 y las 20:30 hs. En este contexto se present\u00f3 la experiencia titulada: \u00abMagia 3D en clase\u00bb : experiencias con Realidad Aumentada. Eje\/s de trabajo para el cual se propone la comunicaci\u00f3n; Eje de trabajo Eje 1 | \u00bfQu\u00e9 es posible hoy en la escuela? Ense\u00f1ar con contenidos educativos digitales: Material Web curricular Software o Aplicaciones en el aula. Construcci\u00f3n de saberes a partir de material digital. Materiales multimedia, medios audiovisuales. |\u00a0Noelia Fava y Fabiana Claret La Realidad Aumentada permite construir nuevas formas de conocimiento basadas en interacciones con objetos, aportando juego y experimentaci\u00f3n. Mostraremos diferentes opciones de lo trabajado con los alumnos de nuestra Escuela Primaria Municipal Manuel Dorrego, \u00a0en distintas \u00e1reas curriculares. El motivo es presentar a otros colegas un recurso did\u00e1ctico e innovador, mediante el cual los ni\u00f1os transforman la realidad de la imagen en dos dimensiones de la tarjeta, en un objeto tridimensional con el que pueden interactuar, manipulandolo ellos mismos. Nuestros prop\u00f3sitos han sido: promover el uso de nuevas herramientas tecnol\u00f3gicas para incorporar conocimiento, experimentar mediante la interacci\u00f3n con objetos en tres dimensiones, desarrollar la capacidad de aprender de lo que vemos y proponer a los docentes la adquisici\u00f3n de habilidades y destrezas a la hora de trabajar con tecnolog\u00eda. Palabras claves \u00a0virtual, interacci\u00f3n, webcam, soft, gr\u00e1ficos Rama: \u00a0Primaria. PRESENTACI\u00d3N BASE de la Experiencia: FOTOS DE LA PRESENTACI\u00d3N DE LA EXPERIENCIA<\/p>\n","protected":false},"author":1,"featured_media":0,"comment_status":"open","ping_status":"open","sticky":false,"template":"","format":"standard","meta":{"footnotes":""},"categories":[41,42,43],"tags":[],"class_list":["post-1724","post","type-post","status-publish","format-standard","hentry","category-escuela-manuel-dorrego","category-experiencias-escuela-dorrego","category-trabajo-aulico"],"_links":{"self":[{"href":"https:\/\/escuelas.mvl.edu.ar\/dorrego\/wp-json\/wp\/v2\/posts\/1724","targetHints":{"allow":["GET"]}}],"collection":[{"href":"https:\/\/escuelas.mvl.edu.ar\/dorrego\/wp-json\/wp\/v2\/posts"}],"about":[{"href":"https:\/\/escuelas.mvl.edu.ar\/dorrego\/wp-json\/wp\/v2\/types\/post"}],"author":[{"embeddable":true,"href":"https:\/\/escuelas.mvl.edu.ar\/dorrego\/wp-json\/wp\/v2\/users\/1"}],"replies":[{"embeddable":true,"href":"https:\/\/escuelas.mvl.edu.ar\/dorrego\/wp-json\/wp\/v2\/comments?post=1724"}],"version-history":[{"count":1,"href":"https:\/\/escuelas.mvl.edu.ar\/dorrego\/wp-json\/wp\/v2\/posts\/1724\/revisions"}],"predecessor-version":[{"id":7410,"href":"https:\/\/escuelas.mvl.edu.ar\/dorrego\/wp-json\/wp\/v2\/posts\/1724\/revisions\/7410"}],"wp:attachment":[{"href":"https:\/\/escuelas.mvl.edu.ar\/dorrego\/wp-json\/wp\/v2\/media?parent=1724"}],"wp:term":[{"taxonomy":"category","embeddable":true,"href":"https:\/\/escuelas.mvl.edu.ar\/dorrego\/wp-json\/wp\/v2\/categories?post=1724"},{"taxonomy":"post_tag","embeddable":true,"href":"https:\/\/escuelas.mvl.edu.ar\/dorrego\/wp-json\/wp\/v2\/tags?post=1724"}],"curies":[{"name":"wp","href":"https:\/\/api.w.org\/{rel}","templated":true}]}}