{"id":2061,"date":"2016-12-23T00:00:00","date_gmt":"2016-12-23T00:00:00","guid":{"rendered":"https:\/\/escuelas.mvl.edu.ar\/dorrego\/2016\/12\/23\/25-de-noviembre-dia-internacional-de-la-no-violencia-en-la-escuela-dorrego\/"},"modified":"2022-04-14T12:59:04","modified_gmt":"2022-04-14T12:59:04","slug":"25-de-noviembre-dia-internacional-de-la-no-violencia-en-la-escuela-dorrego","status":"publish","type":"post","link":"https:\/\/escuelas.mvl.edu.ar\/dorrego\/2016\/12\/23\/25-de-noviembre-dia-internacional-de-la-no-violencia-en-la-escuela-dorrego\/","title":{"rendered":"25 de noviembre: \u00abD\u00eda Internacional de la No Violencia\u00bb en la Escuela Dorrego"},"content":{"rendered":"<p>En el marco de la Efem\u00e9rides, lxs estudiantes de 5\u00b0 \u00abC\u00bb &#8211; Turno Tarde, reflexionaron la tem\u00e1tica en su hora <strong>TED<\/strong>, junto a sus profesores Andrea (docente de grado) y Rom\u00e1n (Referente TED-Primaria).<\/p>\n<p>Y a trav\u00e9s del recurso online \u00ab<a href=\"http:\/\/pizap.com\/\" target=\"_blank\" rel=\"noopener noreferrer\"><strong>Pizap<\/strong><\/a>\u00ab, el cual permite generar m\u00faltiples producciones gr\u00e1fico-visuales, crearon los siguientes afiches virtuales de campa\u00f1a y concientizaci\u00f3n:<\/p>\n\n<p>&nbsp;<\/p>\n","protected":false},"excerpt":{"rendered":"<p>En el marco de la Efem\u00e9rides, lxs estudiantes de 5\u00b0 \u00abC\u00bb &#8211; Turno Tarde, reflexionaron la tem\u00e1tica en su hora TED, junto a sus profesores Andrea (docente de grado) y Rom\u00e1n (Referente TED-Primaria). Y a trav\u00e9s del recurso online \u00abPizap\u00ab, el cual permite generar m\u00faltiples producciones gr\u00e1fico-visuales, crearon los siguientes afiches virtuales de campa\u00f1a y concientizaci\u00f3n: &nbsp;<\/p>\n","protected":false},"author":1,"featured_media":0,"comment_status":"open","ping_status":"open","sticky":false,"template":"","format":"standard","meta":{"footnotes":""},"categories":[41,42,43],"tags":[],"class_list":["post-2061","post","type-post","status-publish","format-standard","hentry","category-escuela-manuel-dorrego","category-experiencias-escuela-dorrego","category-trabajo-aulico"],"_links":{"self":[{"href":"https:\/\/escuelas.mvl.edu.ar\/dorrego\/wp-json\/wp\/v2\/posts\/2061","targetHints":{"allow":["GET"]}}],"collection":[{"href":"https:\/\/escuelas.mvl.edu.ar\/dorrego\/wp-json\/wp\/v2\/posts"}],"about":[{"href":"https:\/\/escuelas.mvl.edu.ar\/dorrego\/wp-json\/wp\/v2\/types\/post"}],"author":[{"embeddable":true,"href":"https:\/\/escuelas.mvl.edu.ar\/dorrego\/wp-json\/wp\/v2\/users\/1"}],"replies":[{"embeddable":true,"href":"https:\/\/escuelas.mvl.edu.ar\/dorrego\/wp-json\/wp\/v2\/comments?post=2061"}],"version-history":[{"count":1,"href":"https:\/\/escuelas.mvl.edu.ar\/dorrego\/wp-json\/wp\/v2\/posts\/2061\/revisions"}],"predecessor-version":[{"id":7387,"href":"https:\/\/escuelas.mvl.edu.ar\/dorrego\/wp-json\/wp\/v2\/posts\/2061\/revisions\/7387"}],"wp:attachment":[{"href":"https:\/\/escuelas.mvl.edu.ar\/dorrego\/wp-json\/wp\/v2\/media?parent=2061"}],"wp:term":[{"taxonomy":"category","embeddable":true,"href":"https:\/\/escuelas.mvl.edu.ar\/dorrego\/wp-json\/wp\/v2\/categories?post=2061"},{"taxonomy":"post_tag","embeddable":true,"href":"https:\/\/escuelas.mvl.edu.ar\/dorrego\/wp-json\/wp\/v2\/tags?post=2061"}],"curies":[{"name":"wp","href":"https:\/\/api.w.org\/{rel}","templated":true}]}}