{"id":3093,"date":"2018-10-17T00:00:00","date_gmt":"2018-10-17T00:00:00","guid":{"rendered":"https:\/\/escuelas.mvl.edu.ar\/dorrego\/2018\/10\/17\/concierto-de-primavera\/"},"modified":"2022-04-14T12:58:34","modified_gmt":"2022-04-14T12:58:34","slug":"concierto-de-primavera","status":"publish","type":"post","link":"https:\/\/escuelas.mvl.edu.ar\/dorrego\/2018\/10\/17\/concierto-de-primavera\/","title":{"rendered":"Concierto de Primavera!!!"},"content":{"rendered":"<div><\/div>\n<div style=\"text-align: center;\"><img fetchpriority=\"high\" decoding=\"async\" class=\"alignnone wp-image-47698 size-full\" src=\"https:\/\/escuelas.mvl.edu.ar\/dorrego\/wp-content\/uploads\/sites\/4\/2022\/04\/flores.jpg\" alt=\"\" width=\"1171\" height=\"294\" data-id=\"47698\" \/><\/div>\n<div><\/div>\n<div><\/div>\n<div><\/div>\n<div>El d\u00eda 21 de septiembre se realiz\u00f3 en la escuela el \u00ab<span style=\"background-color: #ff99cc;\"><em><strong>Concierto de Primavera<\/strong><\/em><\/span>\u00bb por tercer a\u00f1o consecutivo.<\/div>\n<div>Los chicos de 2\u00aa ciclo, dirigidos por su profesora de M\u00fasica, Estela Gord\u00ecn, brindaron conciertos para todo el alumnado, a los que acudieron tambi\u00e9n las familias.<\/div>\n<div><\/div>\n<div>\n\n<\/div>\n<div><\/div>\n<div style=\"text-align: center;\"><\/div>\n","protected":false},"excerpt":{"rendered":"<p>El d\u00eda 21 de septiembre se realiz\u00f3 en la escuela el \u00abConcierto de Primavera\u00bb por tercer a\u00f1o consecutivo. Los chicos de 2\u00aa ciclo, dirigidos por su profesora de M\u00fasica, Estela Gord\u00ecn, brindaron conciertos para todo el alumnado, a los que acudieron tambi\u00e9n las familias.<\/p>\n","protected":false},"author":1,"featured_media":0,"comment_status":"open","ping_status":"open","sticky":false,"template":"","format":"standard","meta":{"footnotes":""},"categories":[41],"tags":[],"class_list":["post-3093","post","type-post","status-publish","format-standard","hentry","category-escuela-manuel-dorrego"],"_links":{"self":[{"href":"https:\/\/escuelas.mvl.edu.ar\/dorrego\/wp-json\/wp\/v2\/posts\/3093","targetHints":{"allow":["GET"]}}],"collection":[{"href":"https:\/\/escuelas.mvl.edu.ar\/dorrego\/wp-json\/wp\/v2\/posts"}],"about":[{"href":"https:\/\/escuelas.mvl.edu.ar\/dorrego\/wp-json\/wp\/v2\/types\/post"}],"author":[{"embeddable":true,"href":"https:\/\/escuelas.mvl.edu.ar\/dorrego\/wp-json\/wp\/v2\/users\/1"}],"replies":[{"embeddable":true,"href":"https:\/\/escuelas.mvl.edu.ar\/dorrego\/wp-json\/wp\/v2\/comments?post=3093"}],"version-history":[{"count":1,"href":"https:\/\/escuelas.mvl.edu.ar\/dorrego\/wp-json\/wp\/v2\/posts\/3093\/revisions"}],"predecessor-version":[{"id":7308,"href":"https:\/\/escuelas.mvl.edu.ar\/dorrego\/wp-json\/wp\/v2\/posts\/3093\/revisions\/7308"}],"wp:attachment":[{"href":"https:\/\/escuelas.mvl.edu.ar\/dorrego\/wp-json\/wp\/v2\/media?parent=3093"}],"wp:term":[{"taxonomy":"category","embeddable":true,"href":"https:\/\/escuelas.mvl.edu.ar\/dorrego\/wp-json\/wp\/v2\/categories?post=3093"},{"taxonomy":"post_tag","embeddable":true,"href":"https:\/\/escuelas.mvl.edu.ar\/dorrego\/wp-json\/wp\/v2\/tags?post=3093"}],"curies":[{"name":"wp","href":"https:\/\/api.w.org\/{rel}","templated":true}]}}