{"id":3433,"date":"2019-07-11T00:00:00","date_gmt":"2019-07-11T00:00:00","guid":{"rendered":"https:\/\/escuelas.mvl.edu.ar\/dorrego\/2019\/07\/11\/el-principito\/"},"modified":"2022-04-14T12:58:33","modified_gmt":"2022-04-14T12:58:33","slug":"el-principito","status":"publish","type":"post","link":"https:\/\/escuelas.mvl.edu.ar\/dorrego\/2019\/07\/11\/el-principito\/","title":{"rendered":"El Principito"},"content":{"rendered":"<p><span style=\"color: #993300;\"><em><strong><img fetchpriority=\"high\" decoding=\"async\" class=\"size-medium wp-image-56517 alignright\" src=\"https:\/\/escuelas.mvl.edu.ar\/dorrego\/wp-content\/uploads\/sites\/4\/2022\/04\/el-principito_1-300x174.jpg\" alt=\"\" width=\"300\" height=\"174\" data-id=\"56517\" \/>El Principito<\/strong><\/em><\/span> es considerado como uno de los mejores libros de todos los tiempos y un cl\u00e1sico contempor\u00e1neo de la Literatura Universal.<\/p>\n<p style=\"text-align: left;\">Si bien por su estilo sencillo, es considerado como un libro para ni\u00f1os, por su car\u00e1cter reflexivo sobre la vida, la sociedad y el amor, resulta de inter\u00e9s para todas las edades.<\/p>\n<p>Con los alumnos\/as de 4to. a\u00f1o A de la Escuela Primaria Municipal Manuel Dorrego, y su maestra Mar\u00eda Rosa Moralez, comenzamos a desarrollar un proyecto de Pr\u00e1cticas del Lenguaje y TED (Tecnolog\u00eda Educativa Digital) que tiene al peque\u00f1o pr\u00edncipe como el principal protagonista.<\/p>\n<p>Teniendo como gu\u00edas: el libro original, la pel\u00edcula que dirigi\u00f3 <a class=\"fl\" href=\"https:\/\/www.google.com\/search?q=Mark+Osborne&amp;stick=H4sIAAAAAAAAAOPgE-LSz9U3qDBKMi9OUwKzjZOzU0rStMSyk6300zJzcsGEVUpmUWpySX7RIlYe38SibAX_4qT8orxUAGopmaJBAAAA&amp;sa=X&amp;ved=2ahUKEwjbpPrKvq3jAhWBB9QKHfEpCyIQmxMoATAoegQIDBAL\" data-ved=\"2ahUKEwjbpPrKvq3jAhWBB9QKHfEpCyIQmxMoATAoegQIDBAL\">Mark Osborne<\/a> (escritor, productor y animador estadounidense) y nuestro <a href=\"https:\/\/cuartoadorrego.blogspot.com\/\">blog de aula, <\/a>vamos realizando una traves\u00eda por el Universo, descubriendo el verdadero sentido de la amistad y la esencia de las relaciones humanas.<\/p>\n<p style=\"text-align: center;\"><img decoding=\"async\" class=\"alignnone size-medium wp-image-56841\" src=\"https:\/\/escuelas.mvl.edu.ar\/dorrego\/wp-content\/uploads\/sites\/4\/2022\/04\/blog-4a-300x223.jpg\" alt=\"\" width=\"300\" height=\"223\" data-id=\"56841\" \/><\/p>\n<p>En cada propuesta did\u00e1ctica, se incluyen diferentes recursos digitales que favorecen el recorrido y enriquecen la pr\u00e1ctica \u00e1ulica: trabajo con graficadores, producciones de texto enriquecido, presentaciones y actividades gamificadas, son solo algunas de las actividades que desarrollan los estudiantes.<\/p>\n<p>Compartimos con ustedes algunas im\u00e1genes&#8230;<\/p>\n<p style=\"text-align: center;\"><img decoding=\"async\" class=\"alignnone size-medium wp-image-56836\" src=\"https:\/\/escuelas.mvl.edu.ar\/dorrego\/wp-content\/uploads\/sites\/4\/2022\/04\/20190701_133226-300x169.jpg\" alt=\"\" width=\"300\" height=\"169\" data-id=\"56836\" \/><\/p>\n<p style=\"text-align: center;\"><img loading=\"lazy\" decoding=\"async\" class=\"alignnone size-medium wp-image-56839\" src=\"https:\/\/escuelas.mvl.edu.ar\/dorrego\/wp-content\/uploads\/sites\/4\/2022\/04\/20190701_133337-300x169.jpg\" alt=\"\" width=\"300\" height=\"169\" data-id=\"56839\" \/><\/p>\n<p style=\"text-align: center;\"><img loading=\"lazy\" decoding=\"async\" class=\"alignnone size-medium wp-image-56840\" src=\"https:\/\/escuelas.mvl.edu.ar\/dorrego\/wp-content\/uploads\/sites\/4\/2022\/04\/20190701_133351-300x169.jpg\" alt=\"\" width=\"300\" height=\"169\" data-id=\"56840\" \/><\/p>\n<p style=\"text-align: center;\"><img loading=\"lazy\" decoding=\"async\" class=\"alignnone size-medium wp-image-56842\" src=\"https:\/\/escuelas.mvl.edu.ar\/dorrego\/wp-content\/uploads\/sites\/4\/2022\/04\/lo-esencial-300x300.png\" alt=\"\" width=\"300\" height=\"300\" data-id=\"56842\" \/><\/p>\n","protected":false},"excerpt":{"rendered":"<p>Con los alumnos\/as de 4to. a\u00f1o A de la Escuela Primaria Municipal Manuel Dorrego comenzamos a desarrollar un proyecto de Pr\u00e1cticas del Lenguaje y TED<\/p>\n","protected":false},"author":1,"featured_media":0,"comment_status":"open","ping_status":"open","sticky":false,"template":"","format":"standard","meta":{"footnotes":""},"categories":[41],"tags":[],"class_list":["post-3433","post","type-post","status-publish","format-standard","hentry","category-escuela-manuel-dorrego"],"_links":{"self":[{"href":"https:\/\/escuelas.mvl.edu.ar\/dorrego\/wp-json\/wp\/v2\/posts\/3433","targetHints":{"allow":["GET"]}}],"collection":[{"href":"https:\/\/escuelas.mvl.edu.ar\/dorrego\/wp-json\/wp\/v2\/posts"}],"about":[{"href":"https:\/\/escuelas.mvl.edu.ar\/dorrego\/wp-json\/wp\/v2\/types\/post"}],"author":[{"embeddable":true,"href":"https:\/\/escuelas.mvl.edu.ar\/dorrego\/wp-json\/wp\/v2\/users\/1"}],"replies":[{"embeddable":true,"href":"https:\/\/escuelas.mvl.edu.ar\/dorrego\/wp-json\/wp\/v2\/comments?post=3433"}],"version-history":[{"count":1,"href":"https:\/\/escuelas.mvl.edu.ar\/dorrego\/wp-json\/wp\/v2\/posts\/3433\/revisions"}],"predecessor-version":[{"id":7297,"href":"https:\/\/escuelas.mvl.edu.ar\/dorrego\/wp-json\/wp\/v2\/posts\/3433\/revisions\/7297"}],"wp:attachment":[{"href":"https:\/\/escuelas.mvl.edu.ar\/dorrego\/wp-json\/wp\/v2\/media?parent=3433"}],"wp:term":[{"taxonomy":"category","embeddable":true,"href":"https:\/\/escuelas.mvl.edu.ar\/dorrego\/wp-json\/wp\/v2\/categories?post=3433"},{"taxonomy":"post_tag","embeddable":true,"href":"https:\/\/escuelas.mvl.edu.ar\/dorrego\/wp-json\/wp\/v2\/tags?post=3433"}],"curies":[{"name":"wp","href":"https:\/\/api.w.org\/{rel}","templated":true}]}}