{"id":3690,"date":"2019-11-26T00:00:00","date_gmt":"2019-11-26T00:00:00","guid":{"rendered":"https:\/\/escuelas.mvl.edu.ar\/dorrego\/2019\/11\/26\/la-hora-del-codigo-en-la-escuela-dorrego\/"},"modified":"2022-04-14T12:58:32","modified_gmt":"2022-04-14T12:58:32","slug":"la-hora-del-codigo-en-la-escuela-dorrego","status":"publish","type":"post","link":"https:\/\/escuelas.mvl.edu.ar\/dorrego\/2019\/11\/26\/la-hora-del-codigo-en-la-escuela-dorrego\/","title":{"rendered":"La hora del c\u00f3digo en la Escuela Dorrego."},"content":{"rendered":"<p><span style=\"color: #800080;\"><em><strong>La hora del c\u00f3digo<\/strong><\/em><\/span> es una campa\u00f1a mundial que organizan, en nuestro pa\u00eds, <a href=\"http:\/\/program.ar\/\">Program.AR<\/a> y <a href=\"https:\/\/code.org\/\">Code.org<\/a>.<br \/>\nEste a\u00f1o se desarroll\u00f3, en Latinoam\u00e9rica, entre los d\u00edas 2 y 8 de octubre.<\/p>\n<p>El objetivo principal de este evento es ofrecer a los\/as estudiantes, una hora de clase, para aprender a programar.<\/p>\n<p>Es importante saber que, \u201c<em><strong>La Hora del C\u00f3digo<\/strong><\/em>\u201d, puede organizarse en cualquier momento del a\u00f1o.<br \/>\nNo se trata de una hora determinada, sino de generar un evento, un espacio particular, en el que nuestros\/as estudiantes puedan disfrutar de una experiencia diferente y aprendan a programar.<\/p>\n<p>Para participar, disponemos de diferentes <a href=\"http:\/\/program.ar\/la-hora-del-codigo-docentes\/\">desaf\u00edos y tutoriales<\/a> que nos ayudar\u00e1n a planificar distintas actividades en el aula.<\/p>\n<p style=\"text-align: center;\"><img fetchpriority=\"high\" decoding=\"async\" class=\"alignnone wp-image-61901 size-full\" src=\"https:\/\/escuelas.mvl.edu.ar\/dorrego\/wp-content\/uploads\/sites\/4\/2022\/04\/hora1.jpg\" alt=\"\" width=\"779\" height=\"596\" data-id=\"61901\" \/><\/p>\n<p>En la <span style=\"color: #800000;\"><em><strong>Escuela Primaria Municipal Manuel Dorrego<\/strong><\/em><\/span> elegimos la actividad \u00ab<em><strong>Dance Party<\/strong><\/em>\u00ab, que nos permite programar una Fiesta de Baile con varios hits musicales y divertidos personajes animados.<\/p>\n<p>Utilizando bloques de c\u00f3digo podemos programar de manera sencilla: seleccionar personajes, pasos de baile, eventos, caracter\u00edsticas y otros elementos.<\/p>\n<p>Luego de seleccionar la edad de nuestros estudiantes, nos encontraremos con un tutorial interactivo, paso a paso, que nos guiar\u00e1 por esta divertida aventura de programar.<\/p>\n<p style=\"text-align: center;\"><img decoding=\"async\" class=\"alignnone wp-image-61903 size-full\" src=\"https:\/\/escuelas.mvl.edu.ar\/dorrego\/wp-content\/uploads\/sites\/4\/2022\/04\/hora3.png\" alt=\"\" width=\"640\" height=\"320\" data-id=\"61902\" \/><\/p>\n<p><img decoding=\"async\" class=\"wp-image-61907 size-thumbnail alignleft\" src=\"https:\/\/escuelas.mvl.edu.ar\/dorrego\/wp-content\/uploads\/sites\/4\/2022\/04\/after_party_project-150x150.gif\" alt=\"\" width=\"150\" height=\"150\" data-id=\"61907\" \/><\/p>\n<p>&nbsp;<\/p>\n<p>Compartimos con ustedes algunas im\u00e1genes y los invitamos a sumarse a la <a href=\"https:\/\/code.org\/dance\"><em><strong>Fiesta de Baile<\/strong><\/em><\/a> que nos propone \u00ab<strong>La Hora de C\u00f3digo<\/strong>\u00ab.<\/p>\n<p>&nbsp;<\/p>\n<p>&nbsp;<\/p>\n<p style=\"text-align: center;\"><img loading=\"lazy\" decoding=\"async\" class=\"alignnone wp-image-61909 size-large\" src=\"https:\/\/escuelas.mvl.edu.ar\/dorrego\/wp-content\/uploads\/sites\/4\/2022\/04\/DANCE-PARTY-1024x819.jpg\" alt=\"\" width=\"800\" height=\"640\" data-id=\"61909\" \/><\/p>\n<p>&nbsp;<\/p>\n<p style=\"text-align: center;\">\n","protected":false},"excerpt":{"rendered":"<p>La hora del c\u00f3digo es una campa\u00f1a mundial que organizan, en nuestro pa\u00eds, Program.AR y Code.org. Este a\u00f1o se desarroll\u00f3, en Latinoam\u00e9rica, entre los d\u00edas 2 y 8 de octubre. El objetivo principal de este evento es ofrecer a los\/as estudiantes, una hora de clase, para aprender a programar. Es importante saber que, \u201cLa Hora del C\u00f3digo\u201d, puede organizarse en cualquier momento del a\u00f1o. No se trata de una hora determinada, sino de generar un evento, un espacio particular, en el que nuestros\/as estudiantes puedan disfrutar de una experiencia diferente y aprendan a programar. Para participar, disponemos de diferentes desaf\u00edos y tutoriales que nos ayudar\u00e1n a planificar distintas actividades en el aula. En la Escuela Primaria Municipal Manuel Dorrego elegimos la actividad \u00abDance Party\u00ab, que nos permite programar una Fiesta de Baile con varios hits musicales y divertidos personajes animados. Utilizando bloques de c\u00f3digo podemos programar de manera sencilla: seleccionar personajes, pasos de baile, eventos, caracter\u00edsticas y otros elementos. Luego de seleccionar la edad de nuestros estudiantes, nos encontraremos con un tutorial interactivo, paso a paso, que nos guiar\u00e1 por esta divertida aventura de programar. &nbsp; Compartimos con ustedes algunas im\u00e1genes y los invitamos a sumarse a la Fiesta de Baile que nos propone \u00abLa Hora de C\u00f3digo\u00ab. &nbsp; &nbsp; &nbsp;<\/p>\n","protected":false},"author":1,"featured_media":0,"comment_status":"open","ping_status":"open","sticky":false,"template":"","format":"standard","meta":{"footnotes":""},"categories":[41],"tags":[],"class_list":["post-3690","post","type-post","status-publish","format-standard","hentry","category-escuela-manuel-dorrego"],"_links":{"self":[{"href":"https:\/\/escuelas.mvl.edu.ar\/dorrego\/wp-json\/wp\/v2\/posts\/3690","targetHints":{"allow":["GET"]}}],"collection":[{"href":"https:\/\/escuelas.mvl.edu.ar\/dorrego\/wp-json\/wp\/v2\/posts"}],"about":[{"href":"https:\/\/escuelas.mvl.edu.ar\/dorrego\/wp-json\/wp\/v2\/types\/post"}],"author":[{"embeddable":true,"href":"https:\/\/escuelas.mvl.edu.ar\/dorrego\/wp-json\/wp\/v2\/users\/1"}],"replies":[{"embeddable":true,"href":"https:\/\/escuelas.mvl.edu.ar\/dorrego\/wp-json\/wp\/v2\/comments?post=3690"}],"version-history":[{"count":1,"href":"https:\/\/escuelas.mvl.edu.ar\/dorrego\/wp-json\/wp\/v2\/posts\/3690\/revisions"}],"predecessor-version":[{"id":7284,"href":"https:\/\/escuelas.mvl.edu.ar\/dorrego\/wp-json\/wp\/v2\/posts\/3690\/revisions\/7284"}],"wp:attachment":[{"href":"https:\/\/escuelas.mvl.edu.ar\/dorrego\/wp-json\/wp\/v2\/media?parent=3690"}],"wp:term":[{"taxonomy":"category","embeddable":true,"href":"https:\/\/escuelas.mvl.edu.ar\/dorrego\/wp-json\/wp\/v2\/categories?post=3690"},{"taxonomy":"post_tag","embeddable":true,"href":"https:\/\/escuelas.mvl.edu.ar\/dorrego\/wp-json\/wp\/v2\/tags?post=3690"}],"curies":[{"name":"wp","href":"https:\/\/api.w.org\/{rel}","templated":true}]}}