{"id":547,"date":"2013-11-21T00:00:00","date_gmt":"2013-11-21T00:00:00","guid":{"rendered":"https:\/\/escuelas.mvl.edu.ar\/dorrego\/2013\/11\/21\/crecimiento-y-estado-nutricional-2\/"},"modified":"2022-04-14T12:59:36","modified_gmt":"2022-04-14T12:59:36","slug":"crecimiento-y-estado-nutricional-2","status":"publish","type":"post","link":"https:\/\/escuelas.mvl.edu.ar\/dorrego\/2013\/11\/21\/crecimiento-y-estado-nutricional-2\/","title":{"rendered":"Crecimiento y Estado Nutricional"},"content":{"rendered":"<p>La producci\u00f3n audiovisual de 2\u00b0 \u00abC\u00bb integra dos actividades vinculadas a la alimentaci\u00f3n:<\/p>\n<p>1\u00b0) Presentaci\u00f3n de diapositivas dise\u00f1ada por la Docente de grado M\u00f3nica, junto a sus alumnos. Con el Docente de Inform\u00e1tica Rom\u00e1n, se realiz\u00f3 una captura de video de dicho trabajo, en la pantalla de la computadora (a trav\u00e9s del programa \u00abCamStudio\u00bb), mientras se grababa \u00aben vivo\u00bb la locuci\u00f3n de l@s participantes, en sincron\u00eda con el paso de las diapositivas.<\/p>\n<p>2\u00b0) Clip tambi\u00e9n realizado por la misma maestra, sobre un taller gastron\u00f3mico desarrollado en el aula.<\/p>\n<p>Por \u00faltimo, Rom\u00e1n re edit\u00f3 ambos materiales y elabor\u00f3 el presente video que sintetiza ambas producciones:\u00a0<\/p>\n<p><iframe width=\"500\" height=\"280\" src=\"\/\/player.vimeo.com\/video\/79933942\" frameborder=\"0\" webkitallowfullscreen=\"\" mozallowfullscreen=\"\" allowfullscreen=\"\" gt=\"\" lt=\"\" iframe=\"\" p=\"\" a=\"\" href=\"https:\/\/vimeo.com\" crecimiento=\"\" y=\"\" estado=\"\" nutricional=\"\" from=\"\" rom=\"\" amp=\"\" aacute=\"\" n=\"\" pi=\"\" ntilde=\"\" ero=\"\" on=\"\" vimeo=\"\" br=\"\"><\/iframe><\/p>\n","protected":false},"excerpt":{"rendered":"<p>La producci\u00f3n audiovisual de 2\u00b0 \u00abC\u00bb integra dos actividades vinculadas a la alimentaci\u00f3n: 1\u00b0) Presentaci\u00f3n de diapositivas dise\u00f1ada por la Docente de grado M\u00f3nica, junto a sus alumnos. Con el Docente de Inform\u00e1tica Rom\u00e1n, se realiz\u00f3 una captura de video de dicho trabajo, en la pantalla de la computadora (a trav\u00e9s del programa \u00abCamStudio\u00bb), mientras se grababa \u00aben vivo\u00bb la locuci\u00f3n de l@s participantes, en sincron\u00eda con el paso de las diapositivas. 2\u00b0) Clip tambi\u00e9n realizado por la misma maestra, sobre un taller gastron\u00f3mico desarrollado en el aula. Por \u00faltimo, Rom\u00e1n re edit\u00f3 ambos materiales y elabor\u00f3 el presente video que sintetiza ambas producciones:\u00a0<\/p>\n","protected":false},"author":1,"featured_media":0,"comment_status":"open","ping_status":"open","sticky":false,"template":"","format":"standard","meta":{"footnotes":""},"categories":[41,42,43],"tags":[],"class_list":["post-547","post","type-post","status-publish","format-standard","hentry","category-escuela-manuel-dorrego","category-experiencias-escuela-dorrego","category-trabajo-aulico"],"_links":{"self":[{"href":"https:\/\/escuelas.mvl.edu.ar\/dorrego\/wp-json\/wp\/v2\/posts\/547","targetHints":{"allow":["GET"]}}],"collection":[{"href":"https:\/\/escuelas.mvl.edu.ar\/dorrego\/wp-json\/wp\/v2\/posts"}],"about":[{"href":"https:\/\/escuelas.mvl.edu.ar\/dorrego\/wp-json\/wp\/v2\/types\/post"}],"author":[{"embeddable":true,"href":"https:\/\/escuelas.mvl.edu.ar\/dorrego\/wp-json\/wp\/v2\/users\/1"}],"replies":[{"embeddable":true,"href":"https:\/\/escuelas.mvl.edu.ar\/dorrego\/wp-json\/wp\/v2\/comments?post=547"}],"version-history":[{"count":1,"href":"https:\/\/escuelas.mvl.edu.ar\/dorrego\/wp-json\/wp\/v2\/posts\/547\/revisions"}],"predecessor-version":[{"id":7476,"href":"https:\/\/escuelas.mvl.edu.ar\/dorrego\/wp-json\/wp\/v2\/posts\/547\/revisions\/7476"}],"wp:attachment":[{"href":"https:\/\/escuelas.mvl.edu.ar\/dorrego\/wp-json\/wp\/v2\/media?parent=547"}],"wp:term":[{"taxonomy":"category","embeddable":true,"href":"https:\/\/escuelas.mvl.edu.ar\/dorrego\/wp-json\/wp\/v2\/categories?post=547"},{"taxonomy":"post_tag","embeddable":true,"href":"https:\/\/escuelas.mvl.edu.ar\/dorrego\/wp-json\/wp\/v2\/tags?post=547"}],"curies":[{"name":"wp","href":"https:\/\/api.w.org\/{rel}","templated":true}]}}