{"id":614,"date":"2014-02-12T00:00:00","date_gmt":"2014-02-12T00:00:00","guid":{"rendered":"https:\/\/escuelas.mvl.edu.ar\/dorrego\/2014\/02\/12\/capacitacion-docente-febrero-2013\/"},"modified":"2022-04-14T12:59:35","modified_gmt":"2022-04-14T12:59:35","slug":"capacitacion-docente-febrero-2013","status":"publish","type":"post","link":"https:\/\/escuelas.mvl.edu.ar\/dorrego\/2014\/02\/12\/capacitacion-docente-febrero-2013\/","title":{"rendered":"Capacitaci\u00f3n docente &#8211; Febrero 2013"},"content":{"rendered":"<p><strong><span style=\"text-decoration: underline;\">Capacitaci\u00f3n permanen<\/span><span style=\"text-decoration: underline;\">te<\/span><\/strong>:<br \/><span style=\"text-decoration: underline;\">Fecha<\/span>: 13-02-14<br \/><span style=\"text-decoration: underline;\">Hora<\/span>: de 8 a 12.30 hs \u00a0\u00a0<br \/><span style=\"text-decoration: underline;\">Lugar:<\/span> Sal\u00f3n de actos del E.M.P.A.S. Alberdi 1227. Olivos<br \/><span style=\"text-decoration: underline;\">Tem\u00e1tica:<\/span> TECNOLOG\u00cdA APLICADA.<\/p>\n<p><span style=\"text-decoration: underline;\">Fecha<\/span>: 19-02-13<br \/><span style=\"text-decoration: underline;\">Hora<\/span>: 13 \u00a017 hs.<br \/><span style=\"text-decoration: underline;\">Lugar:<\/span> Sal\u00f3n Amia<br \/><span style=\"text-decoration: underline;\">Tem\u00e1tica:<\/span> Los valores y la educaci\u00f3n.<\/p>\n<p><span style=\"text-decoration: underline;\">Fecha<\/span>: 20-02-14<br \/><span style=\"text-decoration: underline;\">Hora<\/span>: 13 a 15.30 \u00a0hs.<br \/><span style=\"text-decoration: underline;\">Lugar:<\/span> Sal\u00f3n Amia<br \/><span style=\"text-decoration: underline;\">Tem\u00e1tica<\/span>: El rol docente y las tecnolog\u00edas.<\/p>\n<p><span style=\"text-decoration: underline;\">Fecha:<\/span> 24-02-14<br \/><span style=\"text-decoration: underline;\">Hora<\/span>: 9 a 13 hs.<br \/><span style=\"text-decoration: underline;\">Lugar:<\/span> Instituto Marini<br \/><span style=\"text-decoration: underline;\">Tem\u00e1tica:<\/span> RCP<\/p>\n","protected":false},"excerpt":{"rendered":"<p>Capacitaci\u00f3n permanente:Fecha: 13-02-14Hora: de 8 a 12.30 hs \u00a0\u00a0Lugar: Sal\u00f3n de actos del E.M.P.A.S. Alberdi 1227. OlivosTem\u00e1tica: TECNOLOG\u00cdA APLICADA. Fecha: 19-02-13Hora: 13 \u00a017 hs.Lugar: Sal\u00f3n AmiaTem\u00e1tica: Los valores y la educaci\u00f3n. Fecha: 20-02-14Hora: 13 a 15.30 \u00a0hs.Lugar: Sal\u00f3n AmiaTem\u00e1tica: El rol docente y las tecnolog\u00edas. Fecha: 24-02-14Hora: 9 a 13 hs.Lugar: Instituto MariniTem\u00e1tica: RCP<\/p>\n","protected":false},"author":1,"featured_media":0,"comment_status":"open","ping_status":"open","sticky":false,"template":"","format":"standard","meta":{"footnotes":""},"categories":[93,41],"tags":[],"class_list":["post-614","post","type-post","status-publish","format-standard","hentry","category-capacitacion-docente","category-escuela-manuel-dorrego"],"_links":{"self":[{"href":"https:\/\/escuelas.mvl.edu.ar\/dorrego\/wp-json\/wp\/v2\/posts\/614","targetHints":{"allow":["GET"]}}],"collection":[{"href":"https:\/\/escuelas.mvl.edu.ar\/dorrego\/wp-json\/wp\/v2\/posts"}],"about":[{"href":"https:\/\/escuelas.mvl.edu.ar\/dorrego\/wp-json\/wp\/v2\/types\/post"}],"author":[{"embeddable":true,"href":"https:\/\/escuelas.mvl.edu.ar\/dorrego\/wp-json\/wp\/v2\/users\/1"}],"replies":[{"embeddable":true,"href":"https:\/\/escuelas.mvl.edu.ar\/dorrego\/wp-json\/wp\/v2\/comments?post=614"}],"version-history":[{"count":1,"href":"https:\/\/escuelas.mvl.edu.ar\/dorrego\/wp-json\/wp\/v2\/posts\/614\/revisions"}],"predecessor-version":[{"id":7462,"href":"https:\/\/escuelas.mvl.edu.ar\/dorrego\/wp-json\/wp\/v2\/posts\/614\/revisions\/7462"}],"wp:attachment":[{"href":"https:\/\/escuelas.mvl.edu.ar\/dorrego\/wp-json\/wp\/v2\/media?parent=614"}],"wp:term":[{"taxonomy":"category","embeddable":true,"href":"https:\/\/escuelas.mvl.edu.ar\/dorrego\/wp-json\/wp\/v2\/categories?post=614"},{"taxonomy":"post_tag","embeddable":true,"href":"https:\/\/escuelas.mvl.edu.ar\/dorrego\/wp-json\/wp\/v2\/tags?post=614"}],"curies":[{"name":"wp","href":"https:\/\/api.w.org\/{rel}","templated":true}]}}