{"id":716,"date":"2014-05-17T00:00:00","date_gmt":"2014-05-17T00:00:00","guid":{"rendered":"https:\/\/escuelas.mvl.edu.ar\/dorrego\/2014\/05\/17\/proyecto-experimento\/"},"modified":"2022-04-14T12:59:35","modified_gmt":"2022-04-14T12:59:35","slug":"proyecto-experimento","status":"publish","type":"post","link":"https:\/\/escuelas.mvl.edu.ar\/dorrego\/2014\/05\/17\/proyecto-experimento\/","title":{"rendered":"Proyecto: \u00abExperimento\u00bb"},"content":{"rendered":"<p>La Fundaci\u00f3n Siemens y la Secretar\u00eda de Educaci\u00f3n de Vicente L\u00f3pez nos han propuesto la realizaci\u00f3n de este Proyecto, fundamental para el aprendizaje constructivo de las Ciencias Naturales.<br \/>\u00a0\u00a0\u00a0\u00a0\u00a0\u00a0\u00a0\u00a0 La comprensi\u00f3n del mundo actual requiere de miradas complejas, miradas que incluyan lo ambiental y lo tecnol\u00f3gico. <br \/>\u00a0\u00a0\u00a0\u00a0\u00a0\u00a0\u00a0\u00a0 Partiendo de lo curioso que son los ni\u00f1os por naturaleza, los educadores tenemos la oportunidad de despertar a trav\u00e9s de las preguntas del propio alumnado su inter\u00e9s por el mundo que los rodea y la ciencia que lo investiga.<br \/>\u00a0\u00a0\u00a0\u00a0\u00a0\u00a0\u00a0\u00a0 A trav\u00e9s de este proyecto la Fundaci\u00f3n Siemens nos ayuda a promover en conjunto distintas maneras de trabajar las ciencias en el aula.<br \/>\u00a0\u00a0\u00a0\u00a0\u00a0\u00a0\u00a0\u00a0 Ya hemos cumplimentado la primer parte: Taller de capacitaci\u00f3n para\u00a0 docentes y en la semana hemos recibido la caja con el material para poder armar el laboratorio. <br \/>\u00a0\u00a0\u00a0\u00a0\u00a0\u00a0\u00a0\u00a0 Alumnos y docentes nos encontramos muy entusiasmados al poder realizar las tan deseadas \u00abexperiencias directas\u00bb que tanto favorecen a la construcci\u00f3n de los aprendizajes.<br \/>\u00a0\u00a0\u00a0\u00a0\u00a0\u00a0\u00a0\u00a0\u00a0\u00a0\u00a0\u00a0\u00a0\u00a0\u00a0\u00a0\u00a0\u00a0\u00a0\u00a0\u00a0\u00a0\u00a0\u00a0\u00a0\u00a0\u00a0\u00a0\u00a0\u00a0\u00a0\u00a0\u00a0\u00a0\u00a0\u00a0\u00a0\u00a0\u00a0\u00a0\u00a0\u00a0\u00a0\u00a0\u00a0\u00a0\u00a0\u00a0\u00a0\u00a0\u00a0\u00a0\u00a0\u00a0\u00a0\u00a0\u00a0\u00a0\u00a0\u00a0\u00a0\u00a0\u00a0\u00a0\u00a0\u00a0\u00a0\u00a0\u00a0\u00a0\u00a0\u00a0\u00a0\u00a0\u00a0\u00a0\u00a0\u00a0\u00a0\u00a0\u00a0\u00a0\u00a0\u00a0\u00a0\u00a0\u00a0\u00a0\u00a0\u00a0\u00a0\u00a0\u00a0\u00a0\u00a0\u00a0\u00a0\u00a0\u00a0\u00a0\u00a0\u00a0\u00a0\u00a0\u00a0\u00a0\u00a0\u00a0\u00a0\u00a0\u00a0\u00a0\u00a0\u00a0\u00a0\u00a0\u00a0\u00a0\u00a0\u00a0\u00a0 Gracias<br \/>\u00a0\u00a0\u00a0\u00a0\u00a0\u00a0\u00a0\u00a0\u00a0\u00a0\u00a0\u00a0\u00a0\u00a0\u00a0\u00a0\u00a0\u00a0\u00a0\u00a0\u00a0\u00a0\u00a0\u00a0\u00a0\u00a0\u00a0\u00a0\u00a0\u00a0\u00a0\u00a0\u00a0\u00a0\u00a0\u00a0\u00a0\u00a0\u00a0\u00a0\u00a0\u00a0\u00a0\u00a0\u00a0\u00a0\u00a0\u00a0\u00a0\u00a0\u00a0\u00a0\u00a0\u00a0\u00a0\u00a0\u00a0\u00a0\u00a0\u00a0\u00a0\u00a0\u00a0\u00a0\u00a0\u00a0\u00a0\u00a0 <\/p>\n","protected":false},"excerpt":{"rendered":"<p>La Fundaci\u00f3n Siemens y la Secretar\u00eda de Educaci\u00f3n de Vicente L\u00f3pez nos han propuesto la realizaci\u00f3n de este Proyecto, fundamental para el aprendizaje constructivo de las Ciencias Naturales.\u00a0\u00a0\u00a0\u00a0\u00a0\u00a0\u00a0\u00a0 La comprensi\u00f3n del mundo actual requiere de miradas complejas, miradas que incluyan lo ambiental y lo tecnol\u00f3gico. \u00a0\u00a0\u00a0\u00a0\u00a0\u00a0\u00a0\u00a0 Partiendo de lo curioso que son los ni\u00f1os por naturaleza, los educadores tenemos la oportunidad de despertar a trav\u00e9s de las preguntas del propio alumnado su inter\u00e9s por el mundo que los rodea y la ciencia que lo investiga.\u00a0\u00a0\u00a0\u00a0\u00a0\u00a0\u00a0\u00a0 A trav\u00e9s de este proyecto la Fundaci\u00f3n Siemens nos ayuda a promover en conjunto distintas maneras de trabajar las ciencias en el aula.\u00a0\u00a0\u00a0\u00a0\u00a0\u00a0\u00a0\u00a0 Ya hemos cumplimentado la primer parte: Taller de capacitaci\u00f3n para\u00a0 docentes y en la semana hemos recibido la caja con el material para poder armar el laboratorio. \u00a0\u00a0\u00a0\u00a0\u00a0\u00a0\u00a0\u00a0 Alumnos y docentes nos encontramos muy entusiasmados al poder realizar las tan deseadas \u00abexperiencias directas\u00bb que tanto favorecen a la construcci\u00f3n de los aprendizajes.\u00a0\u00a0\u00a0\u00a0\u00a0\u00a0\u00a0\u00a0\u00a0\u00a0\u00a0\u00a0\u00a0\u00a0\u00a0\u00a0\u00a0\u00a0\u00a0\u00a0\u00a0\u00a0\u00a0\u00a0\u00a0\u00a0\u00a0\u00a0\u00a0\u00a0\u00a0\u00a0\u00a0\u00a0\u00a0\u00a0\u00a0\u00a0\u00a0\u00a0\u00a0\u00a0\u00a0\u00a0\u00a0\u00a0\u00a0\u00a0\u00a0\u00a0\u00a0\u00a0\u00a0\u00a0\u00a0\u00a0\u00a0\u00a0\u00a0\u00a0\u00a0\u00a0\u00a0\u00a0\u00a0\u00a0\u00a0\u00a0\u00a0\u00a0\u00a0\u00a0\u00a0\u00a0\u00a0\u00a0\u00a0\u00a0\u00a0\u00a0\u00a0\u00a0\u00a0\u00a0\u00a0\u00a0\u00a0\u00a0\u00a0\u00a0\u00a0\u00a0\u00a0\u00a0\u00a0\u00a0\u00a0\u00a0\u00a0\u00a0\u00a0\u00a0\u00a0\u00a0\u00a0\u00a0\u00a0\u00a0\u00a0\u00a0\u00a0\u00a0\u00a0\u00a0\u00a0\u00a0\u00a0\u00a0\u00a0\u00a0\u00a0 Gracias\u00a0\u00a0\u00a0\u00a0\u00a0\u00a0\u00a0\u00a0\u00a0\u00a0\u00a0\u00a0\u00a0\u00a0\u00a0\u00a0\u00a0\u00a0\u00a0\u00a0\u00a0\u00a0\u00a0\u00a0\u00a0\u00a0\u00a0\u00a0\u00a0\u00a0\u00a0\u00a0\u00a0\u00a0\u00a0\u00a0\u00a0\u00a0\u00a0\u00a0\u00a0\u00a0\u00a0\u00a0\u00a0\u00a0\u00a0\u00a0\u00a0\u00a0\u00a0\u00a0\u00a0\u00a0\u00a0\u00a0\u00a0\u00a0\u00a0\u00a0\u00a0\u00a0\u00a0\u00a0\u00a0\u00a0\u00a0\u00a0<\/p>\n","protected":false},"author":1,"featured_media":0,"comment_status":"open","ping_status":"open","sticky":false,"template":"","format":"standard","meta":{"footnotes":""},"categories":[41,42,43],"tags":[],"class_list":["post-716","post","type-post","status-publish","format-standard","hentry","category-escuela-manuel-dorrego","category-experiencias-escuela-dorrego","category-trabajo-aulico"],"_links":{"self":[{"href":"https:\/\/escuelas.mvl.edu.ar\/dorrego\/wp-json\/wp\/v2\/posts\/716","targetHints":{"allow":["GET"]}}],"collection":[{"href":"https:\/\/escuelas.mvl.edu.ar\/dorrego\/wp-json\/wp\/v2\/posts"}],"about":[{"href":"https:\/\/escuelas.mvl.edu.ar\/dorrego\/wp-json\/wp\/v2\/types\/post"}],"author":[{"embeddable":true,"href":"https:\/\/escuelas.mvl.edu.ar\/dorrego\/wp-json\/wp\/v2\/users\/1"}],"replies":[{"embeddable":true,"href":"https:\/\/escuelas.mvl.edu.ar\/dorrego\/wp-json\/wp\/v2\/comments?post=716"}],"version-history":[{"count":1,"href":"https:\/\/escuelas.mvl.edu.ar\/dorrego\/wp-json\/wp\/v2\/posts\/716\/revisions"}],"predecessor-version":[{"id":7453,"href":"https:\/\/escuelas.mvl.edu.ar\/dorrego\/wp-json\/wp\/v2\/posts\/716\/revisions\/7453"}],"wp:attachment":[{"href":"https:\/\/escuelas.mvl.edu.ar\/dorrego\/wp-json\/wp\/v2\/media?parent=716"}],"wp:term":[{"taxonomy":"category","embeddable":true,"href":"https:\/\/escuelas.mvl.edu.ar\/dorrego\/wp-json\/wp\/v2\/categories?post=716"},{"taxonomy":"post_tag","embeddable":true,"href":"https:\/\/escuelas.mvl.edu.ar\/dorrego\/wp-json\/wp\/v2\/tags?post=716"}],"curies":[{"name":"wp","href":"https:\/\/api.w.org\/{rel}","templated":true}]}}