{"id":733,"date":"2014-06-04T00:00:00","date_gmt":"2014-06-04T00:00:00","guid":{"rendered":"https:\/\/escuelas.mvl.edu.ar\/dorrego\/2014\/06\/04\/viva-la-patria-y-viva-google\/"},"modified":"2022-04-14T12:59:34","modified_gmt":"2022-04-14T12:59:34","slug":"viva-la-patria-y-viva-google","status":"publish","type":"post","link":"https:\/\/escuelas.mvl.edu.ar\/dorrego\/2014\/06\/04\/viva-la-patria-y-viva-google\/","title":{"rendered":"\u00a1 Viva La Patria y vivan las sorpresas !"},"content":{"rendered":"<p>Quisiera compartir con ustedes, esta grata sorpresa. Luego de registrar con fotograf\u00edas y videos cada una de las escenas del Acto realizado en la Escuela Primaria Municipal \u00abManuel Dorrego\u00bb para la Gesta Patria, Google nos \u00a0sorprende con este regalo : Un video \u00abautom\u00e1tico\u00bb editado a partir de mi registro fotogr\u00e1fico desde mi m\u00f3vil.<\/p>\n<p>Lo compartimos con Uds., la idea es estimularlos a considerar la fotograf\u00eda con car\u00e1cter documental y social, para:<\/p>\n<ul>\n<li><em>Registrar<\/em>: a fin de revisar luego y mejorar nuestras pr\u00e1cticas referidas al uso pedag\u00f3gico del Acto Escolar<\/li>\n<li><em>Compartir:\u00a0<\/em>para socializar nuestras pr\u00e1cticas y experiencias<\/li>\n<\/ul>\n<p>Ofrecemos aqu\u00ed una s\u00edntesis de un trabajo mayor al respecto:<\/p>\n<p><iframe src=\"\/\/www.youtube.com\/embed\/1Bm6dyeFWMk\" width=\"560\" height=\"315\" frameborder=\"0\" allowfullscreen=\"allowfullscreen\"><\/iframe><\/p>\n","protected":false},"excerpt":{"rendered":"<p>Quisiera compartir con ustedes, esta grata sorpresa. Luego de registrar con fotograf\u00edas y videos cada una de las escenas del Acto realizado en la Escuela Primaria Municipal \u00abManuel Dorrego\u00bb para la Gesta Patria, Google nos \u00a0sorprende con este regalo : Un video \u00abautom\u00e1tico\u00bb editado a partir de mi registro fotogr\u00e1fico desde mi m\u00f3vil. Lo compartimos con Uds., la idea es estimularlos a considerar la fotograf\u00eda con car\u00e1cter documental y social, para: Registrar: a fin de revisar luego y mejorar nuestras pr\u00e1cticas referidas al uso pedag\u00f3gico del Acto Escolar Compartir:\u00a0para socializar nuestras pr\u00e1cticas y experiencias Ofrecemos aqu\u00ed una s\u00edntesis de un trabajo mayor al respecto:<\/p>\n","protected":false},"author":1,"featured_media":0,"comment_status":"open","ping_status":"open","sticky":false,"template":"","format":"standard","meta":{"footnotes":""},"categories":[107,41,42,86],"tags":[],"class_list":["post-733","post","type-post","status-publish","format-standard","hentry","category-actos","category-escuela-manuel-dorrego","category-experiencias-escuela-dorrego","category-noticias-escuela-dorrego"],"_links":{"self":[{"href":"https:\/\/escuelas.mvl.edu.ar\/dorrego\/wp-json\/wp\/v2\/posts\/733","targetHints":{"allow":["GET"]}}],"collection":[{"href":"https:\/\/escuelas.mvl.edu.ar\/dorrego\/wp-json\/wp\/v2\/posts"}],"about":[{"href":"https:\/\/escuelas.mvl.edu.ar\/dorrego\/wp-json\/wp\/v2\/types\/post"}],"author":[{"embeddable":true,"href":"https:\/\/escuelas.mvl.edu.ar\/dorrego\/wp-json\/wp\/v2\/users\/1"}],"replies":[{"embeddable":true,"href":"https:\/\/escuelas.mvl.edu.ar\/dorrego\/wp-json\/wp\/v2\/comments?post=733"}],"version-history":[{"count":1,"href":"https:\/\/escuelas.mvl.edu.ar\/dorrego\/wp-json\/wp\/v2\/posts\/733\/revisions"}],"predecessor-version":[{"id":7450,"href":"https:\/\/escuelas.mvl.edu.ar\/dorrego\/wp-json\/wp\/v2\/posts\/733\/revisions\/7450"}],"wp:attachment":[{"href":"https:\/\/escuelas.mvl.edu.ar\/dorrego\/wp-json\/wp\/v2\/media?parent=733"}],"wp:term":[{"taxonomy":"category","embeddable":true,"href":"https:\/\/escuelas.mvl.edu.ar\/dorrego\/wp-json\/wp\/v2\/categories?post=733"},{"taxonomy":"post_tag","embeddable":true,"href":"https:\/\/escuelas.mvl.edu.ar\/dorrego\/wp-json\/wp\/v2\/tags?post=733"}],"curies":[{"name":"wp","href":"https:\/\/api.w.org\/{rel}","templated":true}]}}