{"id":7540,"date":"2022-08-25T11:39:00","date_gmt":"2022-08-25T11:39:00","guid":{"rendered":"https:\/\/escuelas.mvl.edu.ar\/dorrego\/?p=7540"},"modified":"2022-09-15T13:32:19","modified_gmt":"2022-09-15T13:32:19","slug":"inscripcion2023-escuela-municipal-primaria-manuel-dorrego","status":"publish","type":"post","link":"https:\/\/escuelas.mvl.edu.ar\/dorrego\/2022\/08\/25\/inscripcion2023-escuela-municipal-primaria-manuel-dorrego\/","title":{"rendered":"#INSCRIPCI\u00d3N2023\u00a0\ufffc\u00a0ESCUELA MUNICIPAL PRIMARIA MANUEL DORREGO"},"content":{"rendered":"\n<figure class=\"wp-block-image size-large\"><img decoding=\"async\" src=\"https:\/\/escuelas.mvl.edu.ar\/dorrego\/wp-content\/uploads\/sites\/4\/2022\/08\/dorrego_INSCRIPCION_1er-ano_22-1200x756.png\" alt=\"\" \/><\/figure>\n\n\n\n<hr class=\"wp-block-separator is-style-wide\" \/>\n\n\n<p>La&nbsp;<span style=\"color: #97077d\"><strong>Escuela Municipal Primaria \u00abManuel Dorrego\u00bb<\/strong>&nbsp;<\/span>abrir\u00e1 sus inscripciones para el&nbsp;<span style=\"color: #97077d\"><strong>ciclo lectivo 2023<\/strong>.<\/span> Nuevamente,<span style=\"color: #97077d\">&nbsp;<strong>el proceso se llevar\u00e1 adelante de manera completamente online<\/strong><\/span>&nbsp;pero en esta primera instancia s\u00f3lo se realizar\u00e1 la&nbsp;<strong><span style=\"color: #97077d\">PRE-INSCRIPCI\u00d3N<\/span>&nbsp;<\/strong>para<strong>&nbsp;<span style=\"color: #97077d\">INGRESANTES A PRIMER A\u00d1O.<\/span><\/strong><\/p>\n<p>La misma se encontrar\u00e1 abierta<span style=\"color: #97077d\"><strong>&nbsp;a partir del JUEVES 22 Y HASTA EL DOMINGO 25 DE SEPTIEMBRE.<\/strong><\/span><\/p>\n<p>Para aquellos\/as que cuenten&nbsp;<span style=\"color: #97077d\"><strong>con hermanos\/as en la Instituci\u00f3n<\/strong><\/span>, deber\u00e1n pre-inscribirse los d\u00edas<span style=\"color: #97077d\">&nbsp;<b>8 Y 9 DE SEPTIEMBRE<\/b><\/span>. En esta fecha deber\u00e1n anotarse&nbsp;<span style=\"color: #97077d\"><strong>SOLAMENTE&nbsp;los\/as alumnos\/as que ya cuentan con hermanos\/as en la Escuela<\/strong><\/span>.<\/p>\n\n\n<div class=\"wp-block-buttons is-layout-flex wp-block-buttons-is-layout-flex\">\n<div class=\"wp-block-button aligncenter\"><a class=\"wp-block-button__link has-background\" href=\"https:\/\/inscripciones.primaria.mvl.edu.ar\" style=\"background-color:#97077d\" target=\"_blank\" rel=\"noreferrer noopener\"><strong>QUIERO PRE-INSCRIBIRME<\/strong><\/a><\/div>\n<\/div>\n\n\n\n<hr class=\"wp-block-separator is-style-wide\" \/>\n\n\n\n<figure class=\"wp-block-table aligncenter is-style-regular has-medium-font-size\"><table  class=\"has-white-color has-text-color has-background has-fixed-layout table table-hover\"  style=\"background-color:#97077d\"><tbody><tr><td class=\"has-text-align-center\" data-align=\"center\"><strong>\u25bc PRE-INSCRIPCIONES PARA INGRESANTES A 1\u00b0 A\u00d1O \u25bc<\/strong><\/td><\/tr><\/tbody><\/table><\/figure>\n\n\n<p><strong><span style=\"color: #97077d\">Para aquellos que deseen ingresar a 1\u00b0 a\u00f1o de la Escuela<\/span><\/strong>, se deber\u00e1 realizar la&nbsp;<span style=\"color: #97077d\"><strong>pre-inscripci\u00f3n<\/strong><\/span>&nbsp;a trav\u00e9s de la web y luego se deber\u00e1 asistir a una entrevista en la Escuela.<\/p>\n<h2><span style=\"color: #97077d\"><strong>\u25ba \u00bfC\u00d3MO ME PRE-INSCRIBO?<\/strong><\/span><\/h2>\n<p>Para pre-inscribirte vas a tener que&nbsp;<strong><span style=\"color: #97077d\">ingresar a&nbsp;<a style=\"color: #97077d\" href=\"https:\/\/www.anbem.com\/easySchool\/primaria\/preregistracion\" target=\"_blank\" rel=\"noopener\">https:\/\/www.anbem.com\/easySchool\/primaria\/preregistracion<\/a><\/span>&nbsp;<\/strong>y<strong>&nbsp;<span style=\"color: #97077d\">completar el formulario<\/span>&nbsp;<\/strong>con los datos del\/a ni\u00f1o\/a:&nbsp;<em>nombre, apellido, grado al que ingresa, fecha de nacimiento, documento, direcci\u00f3n y de qu\u00e9 instituci\u00f3n proviene<\/em>.<\/p>\n<p><strong><span style=\"color: #97077d\">Luego, carg\u00e1 los datos de los padres\/madres\/tutores<\/span><\/strong>:&nbsp;<em>nombre, apellido, fecha de nacimiento, documento, direcci\u00f3n<\/em>. Es&nbsp;<span style=\"color: #97077d\"><strong>importante<\/strong><\/span>&nbsp;que pongas&nbsp;<span style=\"color: #97077d\"><strong>al menos un mail y un tel\u00e9fono de contacto<\/strong><\/span>&nbsp;para que estemos comunicados.<\/p>\n<p><span style=\"color: #97077d\"><strong>#NoTeOlvides<\/strong><\/span>&nbsp;de&nbsp;<span style=\"color: #97077d\"><strong>especificar si el\/la ni\u00f1o\/a tiene hermanos cursando<\/strong>&nbsp;<b>dentro de la instituci\u00f3n<\/b><\/span>, y el motivo por el cual solicitas la vacante en el&nbsp;<span style=\"color: #97077d\"><strong>casillero de observaciones<\/strong><\/span>&nbsp;que te brinda el sistema. Tambi\u00e9n pod\u00e9s<strong>&nbsp;<span style=\"color: #97077d\">incluir datos relevantes<\/span><\/strong>&nbsp;como si es hijo\/a de empleado municipal, si concurri\u00f3 a un Jard\u00edn Municipal, si tiene hermanos ex-alumnos\/as de la escuela, \u00e9tc.<\/p>\n\n\n<hr class=\"wp-block-separator is-style-wide\" \/>\n\n\n\n<figure class=\"wp-block-table aligncenter is-style-regular has-medium-font-size\"><table  class=\"has-white-color has-text-color has-background has-fixed-layout table table-hover\"  style=\"background-color:#97077d\"><tbody><tr><td class=\"has-text-align-center\" data-align=\"center\"><strong><strong>\u25bc&nbsp;\u00bfCU\u00c1NDO ME ENTERO SI OBTUVE LA VACANTE?&nbsp;\u25bc&nbsp;<\/strong><\/strong><\/td><\/tr><\/tbody><\/table><\/figure>\n\n\n<p><strong><span style=\"color: #97077d\">En la segunda quincena de noviembre<\/span>&nbsp;<\/strong>se anunciar\u00e1n las vacantes otorgadas<strong>&nbsp;a<span style=\"color: #97077d\"> trav\u00e9s del correo electr\u00f3nico y tel\u00e9fono de contacto<\/span><\/strong>&nbsp;proporcionado por la familia del ingresante y, adem\u00e1s, podr\u00e1n chequear el estado de su inscripci\u00f3n a trav\u00e9s del sistema de inscripci\u00f3n.<\/p>\n<h3 style=\"text-align: center\"><span style=\"color: #97077d\"><strong>&lt;&lt; El orden de pre-inscripci\u00f3n no garantiza<\/strong><strong>&nbsp;el otorgamiento de las vacantes &gt;&gt;<\/strong><\/span><\/h3>\n\n\n<div class=\"wp-block-buttons is-layout-flex wp-block-buttons-is-layout-flex\">\n<div class=\"wp-block-button aligncenter\"><a class=\"wp-block-button__link has-background\" href=\"https:\/\/inscripciones.primaria.mvl.edu.ar\/\" style=\"background-color:#97077d\" rel=\"https:\/\/www.anbem.com\/easySchool\/primary\/closed noopener\"><strong>QUIERO PRE-INSCRIBIRME<\/strong><\/a><\/div>\n<\/div>\n\n\n\n<hr class=\"wp-block-separator is-style-wide\" \/>\n\n\n<p style=\"text-align: center\"><span style=\"color: #97077d\"><strong>\u00bfAlguna duda? \u25ba&nbsp;<\/strong><\/span><a href=\"mailto:inscripcion-dorrego@mvl.edu.ar\">inscripcion-dorrego@mvl.edu.ar<\/a><\/p>\n\n\n<hr class=\"wp-block-separator is-style-wide\" \/>\n","protected":false},"excerpt":{"rendered":"<p>La&nbsp;Escuela Municipal Primaria \u00abManuel Dorrego\u00bb&nbsp;abrir\u00e1 sus inscripciones para el&nbsp;ciclo lectivo 2023. Nuevamente,&nbsp;el proceso se llevar\u00e1 adelante de manera completamente online&nbsp;pero en esta primera instancia s\u00f3lo se realizar\u00e1 la&nbsp;PRE-INSCRIPCI\u00d3N&nbsp;para&nbsp;INGRESANTES A PRIMER A\u00d1O. La misma se encontrar\u00e1 abierta&nbsp;a partir del JUEVES 22 Y HASTA EL DOMINGO 25 DE SEPTIEMBRE. Para aquellos\/as que cuenten&nbsp;con hermanos\/as en la Instituci\u00f3n, deber\u00e1n pre-inscribirse los d\u00edas&nbsp;8 Y 9 DE SEPTIEMBRE. En esta fecha deber\u00e1n anotarse&nbsp;SOLAMENTE&nbsp;los\/as alumnos\/as que ya cuentan con hermanos\/as en la Escuela. \u25bc PRE-INSCRIPCIONES PARA INGRESANTES A 1\u00b0 A\u00d1O \u25bc Para aquellos que deseen ingresar a 1\u00b0 a\u00f1o de la Escuela, se deber\u00e1 realizar la&nbsp;pre-inscripci\u00f3n&nbsp;a trav\u00e9s de la web y luego se deber\u00e1 asistir a una entrevista en la Escuela. \u25ba \u00bfC\u00d3MO ME PRE-INSCRIBO? Para pre-inscribirte vas a tener que&nbsp;ingresar a&nbsp;https:\/\/www.anbem.com\/easySchool\/primaria\/preregistracion&nbsp;y&nbsp;completar el formulario&nbsp;con los datos del\/a ni\u00f1o\/a:&nbsp;nombre, apellido, grado al que ingresa, fecha de nacimiento, documento, direcci\u00f3n y de qu\u00e9 instituci\u00f3n proviene. Luego, carg\u00e1 los datos de los padres\/madres\/tutores:&nbsp;nombre, apellido, fecha de nacimiento, documento, direcci\u00f3n. Es&nbsp;importante&nbsp;que pongas&nbsp;al menos un mail y un tel\u00e9fono de contacto&nbsp;para que estemos comunicados. #NoTeOlvides&nbsp;de&nbsp;especificar si el\/la ni\u00f1o\/a tiene hermanos cursando&nbsp;dentro de la instituci\u00f3n, y el motivo por el cual solicitas la vacante en el&nbsp;casillero de observaciones&nbsp;que te brinda el sistema. Tambi\u00e9n pod\u00e9s&nbsp;incluir datos relevantes&nbsp;como si es hijo\/a de empleado municipal, si concurri\u00f3 a un Jard\u00edn Municipal, si tiene hermanos ex-alumnos\/as de la escuela, \u00e9tc. \u25bc&nbsp;\u00bfCU\u00c1NDO ME ENTERO SI OBTUVE LA VACANTE?&nbsp;\u25bc&nbsp; En la segunda quincena de noviembre&nbsp;se anunciar\u00e1n las vacantes otorgadas&nbsp;a trav\u00e9s del correo electr\u00f3nico y tel\u00e9fono de contacto&nbsp;proporcionado por la familia del ingresante y, adem\u00e1s, podr\u00e1n chequear el estado de su inscripci\u00f3n a trav\u00e9s del sistema de inscripci\u00f3n. &lt;&lt; El orden de pre-inscripci\u00f3n no garantiza&nbsp;el otorgamiento de las vacantes &gt;&gt; \u00bfAlguna duda? \u25ba&nbsp;inscripcion-dorrego@mvl.edu.ar<\/p>\n","protected":false},"author":10,"featured_media":0,"comment_status":"closed","ping_status":"closed","sticky":false,"template":"","format":"standard","meta":{"footnotes":""},"categories":[1],"tags":[],"class_list":["post-7540","post","type-post","status-publish","format-standard","hentry","category-sin-categoria"],"_links":{"self":[{"href":"https:\/\/escuelas.mvl.edu.ar\/dorrego\/wp-json\/wp\/v2\/posts\/7540","targetHints":{"allow":["GET"]}}],"collection":[{"href":"https:\/\/escuelas.mvl.edu.ar\/dorrego\/wp-json\/wp\/v2\/posts"}],"about":[{"href":"https:\/\/escuelas.mvl.edu.ar\/dorrego\/wp-json\/wp\/v2\/types\/post"}],"author":[{"embeddable":true,"href":"https:\/\/escuelas.mvl.edu.ar\/dorrego\/wp-json\/wp\/v2\/users\/10"}],"replies":[{"embeddable":true,"href":"https:\/\/escuelas.mvl.edu.ar\/dorrego\/wp-json\/wp\/v2\/comments?post=7540"}],"version-history":[{"count":9,"href":"https:\/\/escuelas.mvl.edu.ar\/dorrego\/wp-json\/wp\/v2\/posts\/7540\/revisions"}],"predecessor-version":[{"id":7559,"href":"https:\/\/escuelas.mvl.edu.ar\/dorrego\/wp-json\/wp\/v2\/posts\/7540\/revisions\/7559"}],"wp:attachment":[{"href":"https:\/\/escuelas.mvl.edu.ar\/dorrego\/wp-json\/wp\/v2\/media?parent=7540"}],"wp:term":[{"taxonomy":"category","embeddable":true,"href":"https:\/\/escuelas.mvl.edu.ar\/dorrego\/wp-json\/wp\/v2\/categories?post=7540"},{"taxonomy":"post_tag","embeddable":true,"href":"https:\/\/escuelas.mvl.edu.ar\/dorrego\/wp-json\/wp\/v2\/tags?post=7540"}],"curies":[{"name":"wp","href":"https:\/\/api.w.org\/{rel}","templated":true}]}}