{"id":7558,"date":"2022-09-29T14:40:32","date_gmt":"2022-09-29T14:40:32","guid":{"rendered":"https:\/\/escuelas.mvl.edu.ar\/dorrego\/?p=7558"},"modified":"2022-09-29T17:25:46","modified_gmt":"2022-09-29T17:25:46","slug":"inscripcion2023-ingreso-de-2-a-6","status":"publish","type":"post","link":"https:\/\/escuelas.mvl.edu.ar\/dorrego\/2022\/09\/29\/inscripcion2023-ingreso-de-2-a-6\/","title":{"rendered":"#INSCRIPCI\u00d3N2023 \ud83c\udfeb INGRESO DE 2\u00b0 A 6\u00b0 A\u00d1O"},"content":{"rendered":"\n<figure class=\"wp-block-image size-large\"><img fetchpriority=\"high\" decoding=\"async\" width=\"1024\" height=\"645\" src=\"https:\/\/escuelas.mvl.edu.ar\/dorrego\/wp-content\/uploads\/sites\/4\/2022\/09\/dorrego_INSCRIPCION_1er-ano_22-1024x645.jpg\" alt=\"\" class=\"wp-image-7560\" srcset=\"https:\/\/escuelas.mvl.edu.ar\/dorrego\/wp-content\/uploads\/sites\/4\/2022\/09\/dorrego_INSCRIPCION_1er-ano_22-1024x645.jpg 1024w, https:\/\/escuelas.mvl.edu.ar\/dorrego\/wp-content\/uploads\/sites\/4\/2022\/09\/dorrego_INSCRIPCION_1er-ano_22-300x189.jpg 300w, https:\/\/escuelas.mvl.edu.ar\/dorrego\/wp-content\/uploads\/sites\/4\/2022\/09\/dorrego_INSCRIPCION_1er-ano_22-768x484.jpg 768w, https:\/\/escuelas.mvl.edu.ar\/dorrego\/wp-content\/uploads\/sites\/4\/2022\/09\/dorrego_INSCRIPCION_1er-ano_22-1536x968.jpg 1536w, https:\/\/escuelas.mvl.edu.ar\/dorrego\/wp-content\/uploads\/sites\/4\/2022\/09\/dorrego_INSCRIPCION_1er-ano_22.jpg 1920w\" sizes=\"(max-width: 1024px) 100vw, 1024px\" \/><\/figure>\n\n\n\n<hr class=\"wp-block-separator is-style-wide\" \/>\n\n\n<p>\u00a0<\/p>\n<p><span style=\"font-family: arial, helvetica, sans-serif;font-size: 12pt\">La <span style=\"color: #97077d\"><strong>Escuela Municipal Primaria \u00abManuel Dorrego\u00bb<\/strong> <\/span>abrir\u00e1 sus inscripciones para el <span style=\"color: #97077d\"><strong>ciclo lectivo 2023<\/strong><\/span>. Nuevamente, <span style=\"color: #97077d\"><strong>el proceso se llevar\u00e1 adelante de manera completamente online<\/strong><\/span> y, en esta segunda instancia, se realizar\u00e1 la <strong><span style=\"color: #6fb200\"><span style=\"color: #97077d\">PRE-INSCRIPCI\u00d3N<\/span> <\/span><\/strong>para<span style=\"color: #97077d\"><strong> INGRESANTES DE SEGUNDO A SEXTO A\u00d1O.<\/strong><\/span><\/span><\/p>\n<p><span style=\"font-family: arial, helvetica, sans-serif;font-size: 12pt\">La misma se encontrar\u00e1 abierta<span style=\"color: #97077d\"><strong> a partir d<span style=\"color: #97077d\">el JUE<\/span>VES 17 Y HASTA EL DOMINGO 20 DE NOVIEMBRE. <\/strong><\/span><\/span><\/p>\n<p><span style=\"font-family: arial, helvetica, sans-serif;font-size: 12pt\"><span style=\"color: #97077d\"><strong>&lt;&lt; <\/strong><span style=\"color: #333333\">Los <\/span><strong>ingresos ser\u00e1n posibles si se liberan vacantes de los cursos,<\/strong><span style=\"color: #333333\"> ya que en este ciclo 2022 los cursos tienen su matr\u00edcula completa.<\/span><\/span><\/span><\/p>\n<p>\u00a0<\/p>\n\n\n<hr class=\"wp-block-separator is-style-wide\" \/>\n\n\n\n<figure class=\"wp-block-table has-medium-font-size\"><table  class=\"has-white-color has-text-color has-background table table-hover\"  style=\"background-color:#97077d\"><tbody><tr><td class=\"has-text-align-center\" data-align=\"center\"><strong>\u25bc PRE-INSCRIPCIONES PARA INGRESANTES DE 2\u00b0 A 6\u00b0 A\u00d1O \u25bc<\/strong><\/td><\/tr><\/tbody><\/table><\/figure>\n\n\n<p><span style=\"font-family: arial, helvetica, sans-serif;font-size: 12pt\"><span style=\"color: #97077d\"><strong>Para aquellos que deseen ingresar a 2\u00b0, 3\u00b0, 4\u00b0, 5\u00b0 o 6\u00b0 a\u00f1o de la Escuela<\/strong><\/span>, se deber\u00e1 realizar la<span style=\"color: #97077d\"> <strong>pre-inscripci\u00f3n online<\/strong><\/span>&nbsp;y luego se deber\u00e1 asistir a una entrevista en la Escuela.<\/span><\/p>\n<p><span style=\"font-family: arial, helvetica, sans-serif;font-size: 12pt\">Ser\u00e1&nbsp;<span style=\"color: #97077d\"><strong>excluyente<\/strong>&nbsp;<strong>vivir en Vicente L\u00f3pez<\/strong><\/span>&nbsp;para&nbsp;<span style=\"color: #97077d\"><strong>acceder a una vacante<\/strong><\/span>.<\/span><\/p>\n<p><span style=\"color: #97077d\"><!-- \/wp:post-content --> <!-- wp:paragraph --><\/span><\/p>\n<h3><span style=\"color: #97077d\"><strong>\u25ba \u00bfC\u00d3MO ME PRE-INSCRIBO?<\/strong><\/span><\/h3>\n<h3><span style=\"color: #97077d\"><!-- \/wp:paragraph --> <!-- wp:paragraph --><\/span><\/h3>\n<p><span style=\"font-family: arial, helvetica, sans-serif;font-size: 12pt\">Para pre-inscribirte vas a tener que <span style=\"color: #9c1b26\"><strong><span style=\"color: #97077d\">ingresar a <a style=\"color: #97077d\" href=\"https:\/\/www.anbem.com\/easySchool\/primaria\/registracion\/validacion\" target=\"_blank\" rel=\"noopener\">https:\/\/inscripciones.primaria.mvl.edu.ar<\/a><\/span>&nbsp;<\/strong><span style=\"color: #333333\">y<\/span><span style=\"color: #97077d\"><strong> completar el formulario <\/strong><\/span><\/span>con los datos del\/a ni\u00f1o\/a: <em>nombre, apellido, grado al que ingresa, fecha de nacimiento, documento, direcci\u00f3n y de qu\u00e9 instituci\u00f3n proviene<\/em>.<\/span><\/p>\n<div class=\"wp-block-buttons\">\n<div class=\"wp-block-button\" style=\"padding-left: 360px\"><a class=\"wp-block-button__link has-white-color has-text-color has-background\" style=\"background-color: #97077d\" href=\"http:\/\/inscripciones.primaria.mvl.edu.ar\" target=\"_blank\" rel=\"noreferrer noopener\"><strong>QUIERO PRE-INSCRIBIRME<\/strong><\/a><\/div>\n<div>&nbsp;<\/div>\n<p><!-- \/wp:paragraph --><\/p>\n<\/div>\n<p><!-- \/wp:buttons --><\/p>\n<p><!-- wp:separator {\"className\":\"is-style-wide\"} --><\/p>\n<hr class=\"wp-block-separator is-style-wide\"><!-- \/wp:separator --><p><\/p>\n<p><!-- \/wp:separator --><\/p>\n<p><!-- wp:table {\"style\":{\"color\":{\"background\":\"#97077d\"}},\"textColor\":\"white\",\"fontSize\":\"medium\"} --><\/p>\n<figure class=\"wp-block-table has-medium-font-size\">\n<table  class=\"has-white-color has-text-color has-background table table-hover\"  style=\"background-color: #97077d\">\n<tbody>\n<tr>\n<td class=\"has-text-align-center\" data-align=\"center\"><strong>\u25bc&nbsp;\u00bfCU\u00c1NDO ME ENTERO SI OBTUVE LA VACANTE?&nbsp;\u25bc&nbsp;<\/strong><\/td>\n<\/tr>\n<\/tbody>\n<\/table>\n<\/figure>\n<p><!-- \/wp:table --><\/p>\n<p><span style=\"font-family: arial, helvetica, sans-serif;font-size: 12pt\"><span style=\"color: #97077d\"><strong>En la segunda quincena de diciembre&nbsp;<\/strong><\/span>se anunciar\u00e1n las vacantes otorgadas<span style=\"color: #97077d\"><strong> a trav\u00e9s del correo electr\u00f3nico y tel\u00e9fono de contacto<\/strong><\/span> proporcionado por la familia del ingresante y, adem\u00e1s, podr\u00e1n chequear el estado de su inscripci\u00f3n a trav\u00e9s del sistema de inscripci\u00f3n.<\/span><\/p>\n<p style=\"text-align: center\"><span style=\"font-size: 14pt;color: #97077d\"><span style=\"font-family: arial, helvetica, sans-serif;text-align: center\"><strong>&lt;&lt; El orden de pre-inscripci\u00f3n no garantiza<\/strong><\/span><span style=\"font-family: arial, helvetica, sans-serif;text-align: center\"><strong> el otorgamiento de las vacantes &gt;&gt;<\/strong><\/span><\/span><\/p>\n<p><\/p>\n<p><!-- wp:separator {\"className\":\"is-style-wide\"} --><\/p>\n<hr class=\"wp-block-separator is-style-wide\"><!-- \/wp:separator --><p><\/p>\n<p><!-- \/wp:separator --><\/p>\n<p style=\"text-align: center\"><span style=\"font-family: arial, helvetica, sans-serif;font-size: 12pt\"><span style=\"color: #97077d\"><strong>\u00bfAlguna duda? \u25ba <\/strong><\/span><a href=\"mailto:inscripcion-dorrego@mvl.edu.ar\"><span style=\"font-weight: 400\">inscripcion-dorrego@mvl.edu.ar<\/span><\/a><\/span><\/p>\n<p><!-- wp:separator {\"className\":\"is-style-wide\"} --><\/p>\n<p><!-- wp:separator {\"className\":\"is-style-wide\"} --><\/p>\n<hr class=\"wp-block-separator is-style-wide\"><!-- \/wp:separator --><p><\/p>","protected":false},"excerpt":{"rendered":"<p>\u00a0 La Escuela Municipal Primaria \u00abManuel Dorrego\u00bb abrir\u00e1 sus inscripciones para el ciclo lectivo 2023. Nuevamente, el proceso se llevar\u00e1 adelante de manera completamente online y, en esta segunda instancia, se realizar\u00e1 la PRE-INSCRIPCI\u00d3N para INGRESANTES DE SEGUNDO A SEXTO A\u00d1O. La misma se encontrar\u00e1 abierta a partir del JUEVES 17 Y HASTA EL DOMINGO 20 DE NOVIEMBRE. &lt;&lt; Los ingresos ser\u00e1n posibles si se liberan vacantes de los cursos, ya que en este ciclo 2022 los cursos tienen su matr\u00edcula completa. \u00a0 \u25bc PRE-INSCRIPCIONES PARA INGRESANTES DE 2\u00b0 A 6\u00b0 A\u00d1O \u25bc Para aquellos que deseen ingresar a 2\u00b0, 3\u00b0, 4\u00b0, 5\u00b0 o 6\u00b0 a\u00f1o de la Escuela, se deber\u00e1 realizar la pre-inscripci\u00f3n online&nbsp;y luego se deber\u00e1 asistir a una entrevista en la Escuela. Ser\u00e1&nbsp;excluyente&nbsp;vivir en Vicente L\u00f3pez&nbsp;para&nbsp;acceder a una vacante. \u25ba \u00bfC\u00d3MO ME PRE-INSCRIBO? Para pre-inscribirte vas a tener que ingresar a https:\/\/inscripciones.primaria.mvl.edu.ar&nbsp;y completar el formulario con los datos del\/a ni\u00f1o\/a: nombre, apellido, grado al que ingresa, fecha de nacimiento, documento, direcci\u00f3n y de qu\u00e9 instituci\u00f3n proviene. QUIERO PRE-INSCRIBIRME &nbsp; \u25bc&nbsp;\u00bfCU\u00c1NDO ME ENTERO SI OBTUVE LA VACANTE?&nbsp;\u25bc&nbsp; En la segunda quincena de diciembre&nbsp;se anunciar\u00e1n las vacantes otorgadas a trav\u00e9s del correo electr\u00f3nico y tel\u00e9fono de contacto proporcionado por la familia del ingresante y, adem\u00e1s, podr\u00e1n chequear el estado de su inscripci\u00f3n a trav\u00e9s del sistema de inscripci\u00f3n. &lt;&lt; El orden de pre-inscripci\u00f3n no garantiza el otorgamiento de las vacantes &gt;&gt; \u00bfAlguna duda? \u25ba inscripcion-dorrego@mvl.edu.ar<\/p>\n","protected":false},"author":10,"featured_media":0,"comment_status":"closed","ping_status":"closed","sticky":false,"template":"","format":"standard","meta":{"footnotes":""},"categories":[1],"tags":[],"class_list":["post-7558","post","type-post","status-publish","format-standard","hentry","category-sin-categoria"],"_links":{"self":[{"href":"https:\/\/escuelas.mvl.edu.ar\/dorrego\/wp-json\/wp\/v2\/posts\/7558","targetHints":{"allow":["GET"]}}],"collection":[{"href":"https:\/\/escuelas.mvl.edu.ar\/dorrego\/wp-json\/wp\/v2\/posts"}],"about":[{"href":"https:\/\/escuelas.mvl.edu.ar\/dorrego\/wp-json\/wp\/v2\/types\/post"}],"author":[{"embeddable":true,"href":"https:\/\/escuelas.mvl.edu.ar\/dorrego\/wp-json\/wp\/v2\/users\/10"}],"replies":[{"embeddable":true,"href":"https:\/\/escuelas.mvl.edu.ar\/dorrego\/wp-json\/wp\/v2\/comments?post=7558"}],"version-history":[{"count":8,"href":"https:\/\/escuelas.mvl.edu.ar\/dorrego\/wp-json\/wp\/v2\/posts\/7558\/revisions"}],"predecessor-version":[{"id":7570,"href":"https:\/\/escuelas.mvl.edu.ar\/dorrego\/wp-json\/wp\/v2\/posts\/7558\/revisions\/7570"}],"wp:attachment":[{"href":"https:\/\/escuelas.mvl.edu.ar\/dorrego\/wp-json\/wp\/v2\/media?parent=7558"}],"wp:term":[{"taxonomy":"category","embeddable":true,"href":"https:\/\/escuelas.mvl.edu.ar\/dorrego\/wp-json\/wp\/v2\/categories?post=7558"},{"taxonomy":"post_tag","embeddable":true,"href":"https:\/\/escuelas.mvl.edu.ar\/dorrego\/wp-json\/wp\/v2\/tags?post=7558"}],"curies":[{"name":"wp","href":"https:\/\/api.w.org\/{rel}","templated":true}]}}