{"id":89,"date":"2014-12-17T00:00:00","date_gmt":"2014-12-17T00:00:00","guid":{"rendered":"https:\/\/escuelas.mvl.edu.ar\/dorrego\/2014\/12\/17\/sobre-organizaciones\/"},"modified":"2022-04-14T12:59:34","modified_gmt":"2022-04-14T12:59:34","slug":"sobre-organizaciones","status":"publish","type":"post","link":"https:\/\/escuelas.mvl.edu.ar\/dorrego\/2014\/12\/17\/sobre-organizaciones\/","title":{"rendered":"Organigramas o mapas conceptuales"},"content":{"rendered":"<div>\n<p>Mediante herramientas educativas destinadas al p\u00fablico infantil, un mapa de im\u00e1genes o ideas es capaz de fomentar el aprendizaje de diferentes materias gracias a la utilizaci\u00f3n recursos gr\u00e1ficos que ayudan a organizar la informaci\u00f3n.<\/p>\n<p>&nbsp;<\/p>\n<p><object style=\"width: 420px; height: 148px;\" width=\"300\" height=\"150\"><param name=\"movie\" value=\"http:\/\/static.issuu.com\/webembed\/viewers\/style1\/v2\/IssuuReader.swf?mode=mini&amp;embedBackground=%23000000&amp;backgroundColor=%23222222&amp;documentId=121008144456-abe0eb7d90094e5798861a6138ff2565\" \/><param name=\"allowfullscreen\" value=\"true\" \/><param name=\"menu\" value=\"false\" \/><param name=\"wmode\" value=\"transparent\" \/><embed src=\"http:\/\/static.issuu.com\/webembed\/viewers\/style1\/v2\/IssuuReader.swf\" type=\"application\/x-shockwave-flash\" allowfullscreen=\"allowfullscreen\" menu=\"false\" wmode=\"transparent\" style=\"width: 420px; height: 148px;\" flashvars=\"mode=mini&amp;embedBackground=%23000000&amp;backgroundColor=%23222222&amp;documentId=121008144456-abe0eb7d90094e5798861a6138ff2565\" \/><\/object><\/p>\n<div style=\"width: 420px; text-align: left;\"><a href=\"http:\/\/issuu.com\/fabiclaret\/docs\/organigramas?mode=window&amp;backgroundColor=%23222222\" target=\"_blank\" rel=\"noopener noreferrer\">Open publication<\/a> &#8211; Free <a href=\"http:\/\/issuu.com\" target=\"_blank\" rel=\"noopener noreferrer\">publishing<\/a> &#8211; <a href=\"http:\/\/issuu.com\/search?q=news\" target=\"_blank\" rel=\"noopener noreferrer\">More news<\/a><\/div>\n<\/div>\n<p>Por Fabiana Claret<\/p>\n","protected":false},"excerpt":{"rendered":"<p>Mediante herramientas educativas destinadas al p\u00fablico infantil, un mapa de im\u00e1genes o ideas es capaz de fomentar el aprendizaje de diferentes materias gracias a la utilizaci\u00f3n recursos gr\u00e1ficos que ayudan a organizar la informaci\u00f3n. &nbsp; Open publication &#8211; Free publishing &#8211; More news Por Fabiana Claret<\/p>\n","protected":false},"author":1,"featured_media":0,"comment_status":"open","ping_status":"open","sticky":false,"template":"","format":"standard","meta":{"footnotes":""},"categories":[41,42,43],"tags":[],"class_list":["post-89","post","type-post","status-publish","format-standard","hentry","category-escuela-manuel-dorrego","category-experiencias-escuela-dorrego","category-trabajo-aulico"],"_links":{"self":[{"href":"https:\/\/escuelas.mvl.edu.ar\/dorrego\/wp-json\/wp\/v2\/posts\/89","targetHints":{"allow":["GET"]}}],"collection":[{"href":"https:\/\/escuelas.mvl.edu.ar\/dorrego\/wp-json\/wp\/v2\/posts"}],"about":[{"href":"https:\/\/escuelas.mvl.edu.ar\/dorrego\/wp-json\/wp\/v2\/types\/post"}],"author":[{"embeddable":true,"href":"https:\/\/escuelas.mvl.edu.ar\/dorrego\/wp-json\/wp\/v2\/users\/1"}],"replies":[{"embeddable":true,"href":"https:\/\/escuelas.mvl.edu.ar\/dorrego\/wp-json\/wp\/v2\/comments?post=89"}],"version-history":[{"count":1,"href":"https:\/\/escuelas.mvl.edu.ar\/dorrego\/wp-json\/wp\/v2\/posts\/89\/revisions"}],"predecessor-version":[{"id":7439,"href":"https:\/\/escuelas.mvl.edu.ar\/dorrego\/wp-json\/wp\/v2\/posts\/89\/revisions\/7439"}],"wp:attachment":[{"href":"https:\/\/escuelas.mvl.edu.ar\/dorrego\/wp-json\/wp\/v2\/media?parent=89"}],"wp:term":[{"taxonomy":"category","embeddable":true,"href":"https:\/\/escuelas.mvl.edu.ar\/dorrego\/wp-json\/wp\/v2\/categories?post=89"},{"taxonomy":"post_tag","embeddable":true,"href":"https:\/\/escuelas.mvl.edu.ar\/dorrego\/wp-json\/wp\/v2\/tags?post=89"}],"curies":[{"name":"wp","href":"https:\/\/api.w.org\/{rel}","templated":true}]}}