{"id":90,"date":"2012-12-17T00:00:00","date_gmt":"2012-12-17T00:00:00","guid":{"rendered":"https:\/\/escuelas.mvl.edu.ar\/dorrego\/2012\/12\/17\/miremos-la-escuela-desde-adentro\/"},"modified":"2022-04-14T13:00:03","modified_gmt":"2022-04-14T13:00:03","slug":"miremos-la-escuela-desde-adentro","status":"publish","type":"post","link":"https:\/\/escuelas.mvl.edu.ar\/dorrego\/2012\/12\/17\/miremos-la-escuela-desde-adentro\/","title":{"rendered":"Miremos la escuela desde adentro&#8230;"},"content":{"rendered":"<p>Una apasionante manera de presentar como se trabaja en el aula y desde el \u00e1rea de tecnolog\u00eda inform\u00e1tica de la comunicaci\u00f3n, con los alumnos y sus docentes. Creaci\u00f3n de un p\u00f3ster digital con la herramienta. www.Glogster.com<\/p>\n<p><iframe id=\"glogster-embed-glog\" style=\"overflow: hidden;\" src=\"http:\/\/www.glogster.com\/glog\/6l6sq5vpd6juhv6st97soa0\" name=\"glogster-embed-glog\" width=\"360\" height=\"488\" frameborder=\"0\" marginwidth=\"0\" marginheight=\"0\" scrolling=\"no\"><\/iframe><\/p>\n<p>Los ni\u00f1os en acci\u00f3n&#8230; Compaginado por <em>Fabiana Claret<\/em><\/p>\n","protected":false},"excerpt":{"rendered":"<p>Una apasionante manera de presentar como se trabaja en el aula y desde el \u00e1rea de tecnolog\u00eda inform\u00e1tica de la comunicaci\u00f3n, con los alumnos y sus docentes. Creaci\u00f3n de un p\u00f3ster digital con la herramienta. www.Glogster.com Los ni\u00f1os en acci\u00f3n&#8230; Compaginado por Fabiana Claret<\/p>\n","protected":false},"author":1,"featured_media":0,"comment_status":"open","ping_status":"open","sticky":false,"template":"","format":"standard","meta":{"footnotes":""},"categories":[41,42,43],"tags":[],"class_list":["post-90","post","type-post","status-publish","format-standard","hentry","category-escuela-manuel-dorrego","category-experiencias-escuela-dorrego","category-trabajo-aulico"],"_links":{"self":[{"href":"https:\/\/escuelas.mvl.edu.ar\/dorrego\/wp-json\/wp\/v2\/posts\/90","targetHints":{"allow":["GET"]}}],"collection":[{"href":"https:\/\/escuelas.mvl.edu.ar\/dorrego\/wp-json\/wp\/v2\/posts"}],"about":[{"href":"https:\/\/escuelas.mvl.edu.ar\/dorrego\/wp-json\/wp\/v2\/types\/post"}],"author":[{"embeddable":true,"href":"https:\/\/escuelas.mvl.edu.ar\/dorrego\/wp-json\/wp\/v2\/users\/1"}],"replies":[{"embeddable":true,"href":"https:\/\/escuelas.mvl.edu.ar\/dorrego\/wp-json\/wp\/v2\/comments?post=90"}],"version-history":[{"count":1,"href":"https:\/\/escuelas.mvl.edu.ar\/dorrego\/wp-json\/wp\/v2\/posts\/90\/revisions"}],"predecessor-version":[{"id":7515,"href":"https:\/\/escuelas.mvl.edu.ar\/dorrego\/wp-json\/wp\/v2\/posts\/90\/revisions\/7515"}],"wp:attachment":[{"href":"https:\/\/escuelas.mvl.edu.ar\/dorrego\/wp-json\/wp\/v2\/media?parent=90"}],"wp:term":[{"taxonomy":"category","embeddable":true,"href":"https:\/\/escuelas.mvl.edu.ar\/dorrego\/wp-json\/wp\/v2\/categories?post=90"},{"taxonomy":"post_tag","embeddable":true,"href":"https:\/\/escuelas.mvl.edu.ar\/dorrego\/wp-json\/wp\/v2\/tags?post=90"}],"curies":[{"name":"wp","href":"https:\/\/api.w.org\/{rel}","templated":true}]}}