{"id":10015,"date":"2025-03-07T14:28:04","date_gmt":"2025-03-07T14:28:04","guid":{"rendered":"https:\/\/escuelas.mvl.edu.ar\/empas\/?p=10015"},"modified":"2025-03-07T14:28:05","modified_gmt":"2025-03-07T14:28:05","slug":"horario-de-educacion-fisica-2025","status":"publish","type":"post","link":"https:\/\/escuelas.mvl.edu.ar\/empas\/2025\/03\/07\/horario-de-educacion-fisica-2025\/","title":{"rendered":"\u00a0Horario de Educaci\u00f3n F\u00edsica 2025"},"content":{"rendered":"\n<figure class=\"wp-block-image size-large\"><img fetchpriority=\"high\" decoding=\"async\" width=\"747\" height=\"1024\" src=\"https:\/\/escuelas.mvl.edu.ar\/empas\/wp-content\/uploads\/sites\/3\/2025\/03\/IMG_5241-747x1024.jpeg\" alt=\"\" class=\"wp-image-10016\" srcset=\"https:\/\/escuelas.mvl.edu.ar\/empas\/wp-content\/uploads\/sites\/3\/2025\/03\/IMG_5241-747x1024.jpeg 747w, https:\/\/escuelas.mvl.edu.ar\/empas\/wp-content\/uploads\/sites\/3\/2025\/03\/IMG_5241-219x300.jpeg 219w, https:\/\/escuelas.mvl.edu.ar\/empas\/wp-content\/uploads\/sites\/3\/2025\/03\/IMG_5241-768x1053.jpeg 768w, https:\/\/escuelas.mvl.edu.ar\/empas\/wp-content\/uploads\/sites\/3\/2025\/03\/IMG_5241-1120x1536.jpeg 1120w, https:\/\/escuelas.mvl.edu.ar\/empas\/wp-content\/uploads\/sites\/3\/2025\/03\/IMG_5241.jpeg 1186w\" sizes=\"(max-width: 747px) 100vw, 747px\" \/><\/figure>\n\n\n\n<p>Estimadas Familias ,<\/p>\n\n\n\n<p>Les compartimos el horario de Educaci\u00f3n F\u00edsica para el ciclo lectivo 2025.<\/p>\n\n\n\n<p>Ante cualquier consulta acercarse a la escuela en el d\u00eda y horario del curso para conversar con el docente asignado,<\/p>\n\n\n\n<p>Una vez iniciadas las clases de Educaci\u00f3n F\u00edsica No se podr\u00e1 realizar cambios ni Acuerdos.&nbsp;<\/p>\n","protected":false},"excerpt":{"rendered":"<p>Estimadas Familias , Les compartimos el horario de Educaci\u00f3n F\u00edsica para el ciclo lectivo 2025. Ante cualquier consulta acercarse a la escuela en el d\u00eda y horario del curso para conversar con el docente asignado, Una vez iniciadas las clases de Educaci\u00f3n F\u00edsica No se podr\u00e1 realizar cambios ni Acuerdos.&nbsp;<\/p>\n","protected":false},"author":24,"featured_media":0,"comment_status":"closed","ping_status":"closed","sticky":false,"template":"","format":"standard","meta":{"footnotes":""},"categories":[137,53],"tags":[],"class_list":["post-10015","post","type-post","status-publish","format-standard","hentry","category-educacion-fisica","category-escuela-paula-albarracin"],"_links":{"self":[{"href":"https:\/\/escuelas.mvl.edu.ar\/empas\/wp-json\/wp\/v2\/posts\/10015","targetHints":{"allow":["GET"]}}],"collection":[{"href":"https:\/\/escuelas.mvl.edu.ar\/empas\/wp-json\/wp\/v2\/posts"}],"about":[{"href":"https:\/\/escuelas.mvl.edu.ar\/empas\/wp-json\/wp\/v2\/types\/post"}],"author":[{"embeddable":true,"href":"https:\/\/escuelas.mvl.edu.ar\/empas\/wp-json\/wp\/v2\/users\/24"}],"replies":[{"embeddable":true,"href":"https:\/\/escuelas.mvl.edu.ar\/empas\/wp-json\/wp\/v2\/comments?post=10015"}],"version-history":[{"count":1,"href":"https:\/\/escuelas.mvl.edu.ar\/empas\/wp-json\/wp\/v2\/posts\/10015\/revisions"}],"predecessor-version":[{"id":10017,"href":"https:\/\/escuelas.mvl.edu.ar\/empas\/wp-json\/wp\/v2\/posts\/10015\/revisions\/10017"}],"wp:attachment":[{"href":"https:\/\/escuelas.mvl.edu.ar\/empas\/wp-json\/wp\/v2\/media?parent=10015"}],"wp:term":[{"taxonomy":"category","embeddable":true,"href":"https:\/\/escuelas.mvl.edu.ar\/empas\/wp-json\/wp\/v2\/categories?post=10015"},{"taxonomy":"post_tag","embeddable":true,"href":"https:\/\/escuelas.mvl.edu.ar\/empas\/wp-json\/wp\/v2\/tags?post=10015"}],"curies":[{"name":"wp","href":"https:\/\/api.w.org\/{rel}","templated":true}]}}