{"id":1014,"date":"2014-10-06T00:00:00","date_gmt":"2014-10-06T00:00:00","guid":{"rendered":"https:\/\/escuelas.mvl.edu.ar\/empas\/2014\/10\/06\/muestra-de-arte-2014\/"},"modified":"2022-04-14T12:37:56","modified_gmt":"2022-04-14T12:37:56","slug":"muestra-de-arte-2014","status":"publish","type":"post","link":"https:\/\/escuelas.mvl.edu.ar\/empas\/2014\/10\/06\/muestra-de-arte-2014\/","title":{"rendered":"Muestra de Arte 2014"},"content":{"rendered":"<div style=\"text-align: justify;\"><span style=\"font-size: 12pt;\">Tenemos el agrado de invitarlos a la <strong>Muestra de Arte<\/strong>\u00a0que tendr\u00e1 lugar los d\u00edas\u00a0<strong>mi\u00e9rcoles 15 y jueves 16 de octubre\u00a0<\/strong>desde las <strong>9:35 a 12:00 y de 14:00 a 17 hs.\u00a0<\/strong>Las familias podr\u00e1n ingresar el mediod\u00eda.<\/span><\/div>\n<div style=\"text-align: justify;\"><span style=\"font-size: 12pt;\">Se expondr\u00e1n trabajos de los alumnos realizados durante la cursada.\u00a0Mostramos algunos proyectos.<br \/><\/span><\/p>\n<div id=\"centrado\" style=\"text-align: center;\"><\/div>\n\n<p>&nbsp;<\/p>\n<\/div>\n","protected":false},"excerpt":{"rendered":"<p>Tenemos el agrado de invitarlos a la Muestra de Arte\u00a0que tendr\u00e1 lugar los d\u00edas\u00a0mi\u00e9rcoles 15 y jueves 16 de octubre\u00a0desde las 9:35 a 12:00 y de 14:00 a 17 hs.\u00a0Las familias podr\u00e1n ingresar el mediod\u00eda. Se expondr\u00e1n trabajos de los alumnos realizados durante la cursada.\u00a0Mostramos algunos proyectos. &nbsp;<\/p>\n","protected":false},"author":1,"featured_media":0,"comment_status":"open","ping_status":"open","sticky":false,"template":"","format":"standard","meta":{"footnotes":""},"categories":[53],"tags":[],"class_list":["post-1014","post","type-post","status-publish","format-standard","hentry","category-escuela-paula-albarracin"],"_links":{"self":[{"href":"https:\/\/escuelas.mvl.edu.ar\/empas\/wp-json\/wp\/v2\/posts\/1014","targetHints":{"allow":["GET"]}}],"collection":[{"href":"https:\/\/escuelas.mvl.edu.ar\/empas\/wp-json\/wp\/v2\/posts"}],"about":[{"href":"https:\/\/escuelas.mvl.edu.ar\/empas\/wp-json\/wp\/v2\/types\/post"}],"author":[{"embeddable":true,"href":"https:\/\/escuelas.mvl.edu.ar\/empas\/wp-json\/wp\/v2\/users\/1"}],"replies":[{"embeddable":true,"href":"https:\/\/escuelas.mvl.edu.ar\/empas\/wp-json\/wp\/v2\/comments?post=1014"}],"version-history":[{"count":1,"href":"https:\/\/escuelas.mvl.edu.ar\/empas\/wp-json\/wp\/v2\/posts\/1014\/revisions"}],"predecessor-version":[{"id":8147,"href":"https:\/\/escuelas.mvl.edu.ar\/empas\/wp-json\/wp\/v2\/posts\/1014\/revisions\/8147"}],"wp:attachment":[{"href":"https:\/\/escuelas.mvl.edu.ar\/empas\/wp-json\/wp\/v2\/media?parent=1014"}],"wp:term":[{"taxonomy":"category","embeddable":true,"href":"https:\/\/escuelas.mvl.edu.ar\/empas\/wp-json\/wp\/v2\/categories?post=1014"},{"taxonomy":"post_tag","embeddable":true,"href":"https:\/\/escuelas.mvl.edu.ar\/empas\/wp-json\/wp\/v2\/tags?post=1014"}],"curies":[{"name":"wp","href":"https:\/\/api.w.org\/{rel}","templated":true}]}}