{"id":152,"date":"2013-01-26T00:00:00","date_gmt":"2013-01-26T00:00:00","guid":{"rendered":"https:\/\/escuelas.mvl.edu.ar\/empas\/2013\/01\/26\/aviso-legal\/"},"modified":"2022-04-14T12:37:47","modified_gmt":"2022-04-14T12:37:47","slug":"aviso-legal","status":"publish","type":"post","link":"https:\/\/escuelas.mvl.edu.ar\/empas\/2013\/01\/26\/aviso-legal\/","title":{"rendered":"Aviso legal"},"content":{"rendered":"<p>Los cuentos, poemas, fragmentos de novelas y ensayos que aparecen en esta p\u00e1gina podr\u00edan estar protegidos por los derechos de autor (copyright). Si por alguna raz\u00f3n los propietarios no est\u00e1n conformes con el uso de ellos en esta p\u00e1gina, por favor comunicarse con nosotros y las retiraremos inmediatamente.<\/p>\n<p>Esta p\u00e1gina no tiene, de manera alguna, fines lucrativos. As\u00ed como tampoco colecta correos electr\u00f3nicos de sus visitantes ni usar\u00e1 el correo electr\u00f3nico de sus visitantes para oferecerles ning\u00fan tipo de servicio. Respetamos el derecho de privacidad de cada visitante.<\/p>\n","protected":false},"excerpt":{"rendered":"<p>Los cuentos, poemas, fragmentos de novelas y ensayos que aparecen en esta p\u00e1gina podr\u00edan estar protegidos por los derechos de autor (copyright). Si por alguna raz\u00f3n los propietarios no est\u00e1n conformes con el uso de ellos en esta p\u00e1gina, por favor comunicarse con nosotros y las retiraremos inmediatamente. Esta p\u00e1gina no tiene, de manera alguna, fines lucrativos. As\u00ed como tampoco colecta correos electr\u00f3nicos de sus visitantes ni usar\u00e1 el correo electr\u00f3nico de sus visitantes para oferecerles ning\u00fan tipo de servicio. Respetamos el derecho de privacidad de cada visitante.<\/p>\n","protected":false},"author":1,"featured_media":0,"comment_status":"open","ping_status":"open","sticky":false,"template":"","format":"standard","meta":{"footnotes":""},"categories":[55,53],"tags":[],"class_list":["post-152","post","type-post","status-publish","format-standard","hentry","category-biblioteca","category-escuela-paula-albarracin"],"_links":{"self":[{"href":"https:\/\/escuelas.mvl.edu.ar\/empas\/wp-json\/wp\/v2\/posts\/152","targetHints":{"allow":["GET"]}}],"collection":[{"href":"https:\/\/escuelas.mvl.edu.ar\/empas\/wp-json\/wp\/v2\/posts"}],"about":[{"href":"https:\/\/escuelas.mvl.edu.ar\/empas\/wp-json\/wp\/v2\/types\/post"}],"author":[{"embeddable":true,"href":"https:\/\/escuelas.mvl.edu.ar\/empas\/wp-json\/wp\/v2\/users\/1"}],"replies":[{"embeddable":true,"href":"https:\/\/escuelas.mvl.edu.ar\/empas\/wp-json\/wp\/v2\/comments?post=152"}],"version-history":[{"count":1,"href":"https:\/\/escuelas.mvl.edu.ar\/empas\/wp-json\/wp\/v2\/posts\/152\/revisions"}],"predecessor-version":[{"id":8105,"href":"https:\/\/escuelas.mvl.edu.ar\/empas\/wp-json\/wp\/v2\/posts\/152\/revisions\/8105"}],"wp:attachment":[{"href":"https:\/\/escuelas.mvl.edu.ar\/empas\/wp-json\/wp\/v2\/media?parent=152"}],"wp:term":[{"taxonomy":"category","embeddable":true,"href":"https:\/\/escuelas.mvl.edu.ar\/empas\/wp-json\/wp\/v2\/categories?post=152"},{"taxonomy":"post_tag","embeddable":true,"href":"https:\/\/escuelas.mvl.edu.ar\/empas\/wp-json\/wp\/v2\/tags?post=152"}],"curies":[{"name":"wp","href":"https:\/\/api.w.org\/{rel}","templated":true}]}}