{"id":1612,"date":"2015-12-28T00:00:00","date_gmt":"2015-12-28T00:00:00","guid":{"rendered":"https:\/\/escuelas.mvl.edu.ar\/empas\/2015\/12\/28\/nivel-secundario\/"},"modified":"2022-04-14T12:38:22","modified_gmt":"2022-04-14T12:38:22","slug":"nivel-secundario","status":"publish","type":"post","link":"https:\/\/escuelas.mvl.edu.ar\/empas\/2015\/12\/28\/nivel-secundario\/","title":{"rendered":"Capacitaci\u00f3n: nuevo campus virtual en Empas"},"content":{"rendered":"<p>Los profesores de TED realizaron una capacitaci\u00f3n a los docentes del EMPAS, sobre los Proyectos de integraci\u00f3n con Tic y el nuevo campus <a href=\"campusempas.mvl.edu.ar\">E.M.P.A.S<\/a> que est\u00e1 basado en Classroom, una nueva herramienta de Google destinada a los docentes.<\/p>\n<p><\/p>\n<p><iframe width=\"580\" height=\"489\" src=\"https:\/\/docs.google.com\/presentation\/d\/1rXx53VBh4tH2ZdKxI4DnqZnWTRlUxyNQtyL6dI_JGkI\/embed?start=false&#038;loop=false&#038;delayms=3000\" frameborder=\"0\" allowfullscreen=\"allowfullscreen\" mozallowfullscreen=\"mozallowfullscreen\" webkitallowfullscreen=\"webkitallowfullscreen\"><\/iframe><\/p>\n\n","protected":false},"excerpt":{"rendered":"<p>Los profesores de TED realizaron una capacitaci\u00f3n a los docentes del EMPAS, sobre los Proyectos de integraci\u00f3n con Tic y el nuevo campus E.M.P.A.S que est\u00e1 basado en Classroom, una nueva herramienta de Google destinada a los docentes.<\/p>\n","protected":false},"author":1,"featured_media":0,"comment_status":"open","ping_status":"open","sticky":false,"template":"","format":"standard","meta":{"footnotes":""},"categories":[53],"tags":[85],"class_list":["post-1612","post","type-post","status-publish","format-standard","hentry","category-escuela-paula-albarracin","tag-nuestras-jornadas-ted"],"_links":{"self":[{"href":"https:\/\/escuelas.mvl.edu.ar\/empas\/wp-json\/wp\/v2\/posts\/1612","targetHints":{"allow":["GET"]}}],"collection":[{"href":"https:\/\/escuelas.mvl.edu.ar\/empas\/wp-json\/wp\/v2\/posts"}],"about":[{"href":"https:\/\/escuelas.mvl.edu.ar\/empas\/wp-json\/wp\/v2\/types\/post"}],"author":[{"embeddable":true,"href":"https:\/\/escuelas.mvl.edu.ar\/empas\/wp-json\/wp\/v2\/users\/1"}],"replies":[{"embeddable":true,"href":"https:\/\/escuelas.mvl.edu.ar\/empas\/wp-json\/wp\/v2\/comments?post=1612"}],"version-history":[{"count":1,"href":"https:\/\/escuelas.mvl.edu.ar\/empas\/wp-json\/wp\/v2\/posts\/1612\/revisions"}],"predecessor-version":[{"id":8210,"href":"https:\/\/escuelas.mvl.edu.ar\/empas\/wp-json\/wp\/v2\/posts\/1612\/revisions\/8210"}],"wp:attachment":[{"href":"https:\/\/escuelas.mvl.edu.ar\/empas\/wp-json\/wp\/v2\/media?parent=1612"}],"wp:term":[{"taxonomy":"category","embeddable":true,"href":"https:\/\/escuelas.mvl.edu.ar\/empas\/wp-json\/wp\/v2\/categories?post=1612"},{"taxonomy":"post_tag","embeddable":true,"href":"https:\/\/escuelas.mvl.edu.ar\/empas\/wp-json\/wp\/v2\/tags?post=1612"}],"curies":[{"name":"wp","href":"https:\/\/api.w.org\/{rel}","templated":true}]}}