{"id":2114,"date":"2017-02-22T00:00:00","date_gmt":"2017-02-22T00:00:00","guid":{"rendered":"https:\/\/escuelas.mvl.edu.ar\/empas\/2017\/02\/22\/alumnos-de-6o-ano-que-completan-carrera\/"},"modified":"2022-04-14T12:38:41","modified_gmt":"2022-04-14T12:38:41","slug":"alumnos-de-6o-ano-que-completan-carrera","status":"publish","type":"post","link":"https:\/\/escuelas.mvl.edu.ar\/empas\/2017\/02\/22\/alumnos-de-6o-ano-que-completan-carrera\/","title":{"rendered":"Alumnos de 6\u00ba a\u00f1o que completan carrera"},"content":{"rendered":"<p>Informamos que la fecha fijada por el calendario escolar de la Provincia de Buenos Aires es, entre los d\u00edas 17\/4 y 28\/4<\/p>\n<p>La fecha de inscripci\u00f3n para esa instancia ser\u00e1 entre los d\u00edas 3\/4 y 7\/4.<\/p>\n<p>Estas fechas son determinadas \u00a0por la Direcci\u00f3n General de Cultura y Educaci\u00f3n de la Provincia de Buenos Aires, <u>NO<\/u> por la escuela.<\/p>\n<p>Cualquier modificaci\u00f3n ser\u00e1 publicada por \u00e9ste medio y en cartelera de EMPAS.<\/p>\n<p>Olivos 22 de febrero de 2017<\/p>\n","protected":false},"excerpt":{"rendered":"<p>Informamos que la fecha fijada por el calendario escolar de la Provincia de Buenos Aires es, entre los d\u00edas 17\/4 y 28\/4 La fecha de inscripci\u00f3n para esa instancia ser\u00e1 entre los d\u00edas 3\/4 y 7\/4. Estas fechas son determinadas \u00a0por la Direcci\u00f3n General de Cultura y Educaci\u00f3n de la Provincia de Buenos Aires, NO por la escuela. Cualquier modificaci\u00f3n ser\u00e1 publicada por \u00e9ste medio y en cartelera de EMPAS. Olivos 22 de febrero de 2017<\/p>\n","protected":false},"author":1,"featured_media":0,"comment_status":"open","ping_status":"open","sticky":false,"template":"","format":"standard","meta":{"footnotes":""},"categories":[283,53],"tags":[],"class_list":["post-2114","post","type-post","status-publish","format-standard","hentry","category-comunicaciones","category-escuela-paula-albarracin"],"_links":{"self":[{"href":"https:\/\/escuelas.mvl.edu.ar\/empas\/wp-json\/wp\/v2\/posts\/2114","targetHints":{"allow":["GET"]}}],"collection":[{"href":"https:\/\/escuelas.mvl.edu.ar\/empas\/wp-json\/wp\/v2\/posts"}],"about":[{"href":"https:\/\/escuelas.mvl.edu.ar\/empas\/wp-json\/wp\/v2\/types\/post"}],"author":[{"embeddable":true,"href":"https:\/\/escuelas.mvl.edu.ar\/empas\/wp-json\/wp\/v2\/users\/1"}],"replies":[{"embeddable":true,"href":"https:\/\/escuelas.mvl.edu.ar\/empas\/wp-json\/wp\/v2\/comments?post=2114"}],"version-history":[{"count":1,"href":"https:\/\/escuelas.mvl.edu.ar\/empas\/wp-json\/wp\/v2\/posts\/2114\/revisions"}],"predecessor-version":[{"id":8246,"href":"https:\/\/escuelas.mvl.edu.ar\/empas\/wp-json\/wp\/v2\/posts\/2114\/revisions\/8246"}],"wp:attachment":[{"href":"https:\/\/escuelas.mvl.edu.ar\/empas\/wp-json\/wp\/v2\/media?parent=2114"}],"wp:term":[{"taxonomy":"category","embeddable":true,"href":"https:\/\/escuelas.mvl.edu.ar\/empas\/wp-json\/wp\/v2\/categories?post=2114"},{"taxonomy":"post_tag","embeddable":true,"href":"https:\/\/escuelas.mvl.edu.ar\/empas\/wp-json\/wp\/v2\/tags?post=2114"}],"curies":[{"name":"wp","href":"https:\/\/api.w.org\/{rel}","templated":true}]}}