{"id":2150,"date":"2017-03-20T00:00:00","date_gmt":"2017-03-20T00:00:00","guid":{"rendered":"https:\/\/escuelas.mvl.edu.ar\/empas\/2017\/03\/20\/veteranos-de-malvinas-encuesta\/"},"modified":"2022-04-14T12:38:42","modified_gmt":"2022-04-14T12:38:42","slug":"veteranos-de-malvinas-encuesta","status":"publish","type":"post","link":"https:\/\/escuelas.mvl.edu.ar\/empas\/2017\/03\/20\/veteranos-de-malvinas-encuesta\/","title":{"rendered":"Veteranos de Malvinas: encuesta"},"content":{"rendered":"<p>El 2 de abril se conmemora en Argentina el D\u00eda del Veterano y de los Ca\u00eddos en la Guerra de Malvinas, recordando que hace 35 a\u00f1os tropas argentinas desembarcaron en las islas con el objetivo de recuperar ese territorio arrebatado por fuerzas brit\u00e1nicas en 1833.<\/p>\n<p>Te invitamos a completar una encuesta para\u00a0conocer\u00a0la proximidad de los integrantes de la comunidad escolar del EMPAS con los Veteranos y ca\u00eddos en Guerra de las Malvinas <a href=\"https:\/\/docs.google.com\/a\/mvl.edu.ar\/forms\/d\/e\/1FAIpQLScdYF0Bj3vMmScu77_L21SvlxtFZKYIHmjWCU9cT_QOo26FNA\/viewform?c=0&amp;w=1\">haciendo clic aqu\u00ed<\/a><\/p>\n<p><img fetchpriority=\"high\" decoding=\"async\" class=\"alignnone wp-image-29053\" src=\"https:\/\/escuelas.mvl.edu.ar\/empas\/wp-content\/uploads\/sites\/3\/2022\/04\/foto-300x191.jpg\" alt=\"\" width=\"499\" height=\"318\" data-id=\"29053\" \/><\/p>\n","protected":false},"excerpt":{"rendered":"<p>El 2 de abril se conmemora en Argentina el D\u00eda del Veterano y de los Ca\u00eddos en la Guerra de Malvinas, recordando que hace 35 a\u00f1os tropas argentinas desembarcaron en las islas con el objetivo de recuperar ese territorio arrebatado por fuerzas brit\u00e1nicas en 1833. Te invitamos a completar una encuesta para\u00a0conocer\u00a0la proximidad de los integrantes de la comunidad escolar del EMPAS con los Veteranos y ca\u00eddos en Guerra de las Malvinas haciendo clic aqu\u00ed<\/p>\n","protected":false},"author":1,"featured_media":0,"comment_status":"open","ping_status":"open","sticky":false,"template":"","format":"standard","meta":{"footnotes":""},"categories":[53,54],"tags":[],"class_list":["post-2150","post","type-post","status-publish","format-standard","hentry","category-escuela-paula-albarracin","category-experiencias-en-empas"],"_links":{"self":[{"href":"https:\/\/escuelas.mvl.edu.ar\/empas\/wp-json\/wp\/v2\/posts\/2150","targetHints":{"allow":["GET"]}}],"collection":[{"href":"https:\/\/escuelas.mvl.edu.ar\/empas\/wp-json\/wp\/v2\/posts"}],"about":[{"href":"https:\/\/escuelas.mvl.edu.ar\/empas\/wp-json\/wp\/v2\/types\/post"}],"author":[{"embeddable":true,"href":"https:\/\/escuelas.mvl.edu.ar\/empas\/wp-json\/wp\/v2\/users\/1"}],"replies":[{"embeddable":true,"href":"https:\/\/escuelas.mvl.edu.ar\/empas\/wp-json\/wp\/v2\/comments?post=2150"}],"version-history":[{"count":1,"href":"https:\/\/escuelas.mvl.edu.ar\/empas\/wp-json\/wp\/v2\/posts\/2150\/revisions"}],"predecessor-version":[{"id":8248,"href":"https:\/\/escuelas.mvl.edu.ar\/empas\/wp-json\/wp\/v2\/posts\/2150\/revisions\/8248"}],"wp:attachment":[{"href":"https:\/\/escuelas.mvl.edu.ar\/empas\/wp-json\/wp\/v2\/media?parent=2150"}],"wp:term":[{"taxonomy":"category","embeddable":true,"href":"https:\/\/escuelas.mvl.edu.ar\/empas\/wp-json\/wp\/v2\/categories?post=2150"},{"taxonomy":"post_tag","embeddable":true,"href":"https:\/\/escuelas.mvl.edu.ar\/empas\/wp-json\/wp\/v2\/tags?post=2150"}],"curies":[{"name":"wp","href":"https:\/\/api.w.org\/{rel}","templated":true}]}}