{"id":2923,"date":"2018-06-18T00:00:00","date_gmt":"2018-06-18T00:00:00","guid":{"rendered":"https:\/\/escuelas.mvl.edu.ar\/empas\/2018\/06\/18\/arte-urbano-acompanando-el-mundial-graffitis-desde-tic\/"},"modified":"2022-04-14T12:39:23","modified_gmt":"2022-04-14T12:39:23","slug":"arte-urbano-acompanando-el-mundial-graffitis-desde-tic","status":"publish","type":"post","link":"https:\/\/escuelas.mvl.edu.ar\/empas\/2018\/06\/18\/arte-urbano-acompanando-el-mundial-graffitis-desde-tic\/","title":{"rendered":"Arte urbano acompa\u00f1ando el Mundial&#8230; Graffitis desde TIC."},"content":{"rendered":"<p><img fetchpriority=\"high\" decoding=\"async\" class=\"size-medium wp-image-42783 alignright\" src=\"https:\/\/escuelas.mvl.edu.ar\/empas\/wp-content\/uploads\/sites\/3\/2022\/04\/1457ff2c20e8dbe-300x185.jpg\" alt=\"\" width=\"300\" height=\"185\" data-id=\"42783\" \/>El <strong>graffiti<\/strong> es una expresi\u00f3n <strong>visual<\/strong> y <strong>gr\u00e1fica<\/strong> que proviene del italiano, su implementaci\u00f3n realizada generalmente por las generaciones m\u00e1s j\u00f3venes est\u00e1n compuestas por frases sencillas u otras m\u00e1s complejas consideradas \u00e9stas como una forma de expresi\u00f3n cultural y popular apreciadas como obras de arte.<\/p>\n<p>Si bien\u00a0en algunos pa\u00edses el <strong>graffiti<\/strong> es un delito ya que es considerado suciedad o da\u00f1o de la propiedad privada, en otros ya est\u00e1 integrado como parte propia de la fisonom\u00eda del lugar. Mientras algunos son meramente art\u00edsticos, otros son enunciaciones pol\u00edticas, expresiones de protesta o simples mensajes.<\/p>\n\n<p>Los alumnos de <strong>4to a\u00f1o Sociales y Econom\u00eda<\/strong> trabajaron desde el <strong>\u00ab\u00c1rea de dise\u00f1o\u00bb<\/strong> realizando <strong>Graffitis<\/strong> con herramientas de<strong>\u00a0edici\u00f3n y retoque fotogr\u00e1fico.<\/strong> Para tal fin utilizaron <strong>im\u00e1genes<\/strong> y <strong>textos<\/strong> intervenidos con <strong>filtros<\/strong> de diferentes <strong>texturas<\/strong> y <strong>efectos de estilos varios<\/strong> bajo la tem\u00e1tica del <strong>\u00abMundial Rusia 2018\u00bb.<\/strong><\/p>\n<p><strong>Para tener en cuenta&#8230;<\/strong>\u00a0\u00a0 Existen algunas aplicaciones en la <strong>web<\/strong> para visualizar y experimentar con textos en formato <strong>graffitis<\/strong> como el <strong>\u00abGraffiti Creator\u00bb<\/strong> (<a href=\"http:\/\/www.graffiticreator.net\/\">http:\/\/www.graffiticreator.net\/)\u00a0<\/a>\u00a0que nos permite disfrutar de su dise\u00f1o con gran sencillez de manejo.<\/p>\n<p><strong>Compartimos algunas producciones:<\/strong><\/p>\n\n","protected":false},"excerpt":{"rendered":"<p>El graffiti es una expresi\u00f3n visual y gr\u00e1fica que proviene del italiano, su implementaci\u00f3n realizada generalmente por las generaciones m\u00e1s j\u00f3venes est\u00e1n compuestas por frases sencillas u otras m\u00e1s complejas consideradas \u00e9stas como una forma de expresi\u00f3n cultural y popular apreciadas como obras de arte. Si bien\u00a0en algunos pa\u00edses el graffiti es un delito ya que es considerado suciedad o da\u00f1o de la propiedad privada, en otros ya est\u00e1 integrado como parte propia de la fisonom\u00eda del lugar. Mientras algunos son meramente art\u00edsticos, otros son enunciaciones pol\u00edticas, expresiones de protesta o simples mensajes. Los alumnos de 4to a\u00f1o Sociales y Econom\u00eda trabajaron desde el \u00ab\u00c1rea de dise\u00f1o\u00bb realizando Graffitis con herramientas de\u00a0edici\u00f3n y retoque fotogr\u00e1fico. Para tal fin utilizaron im\u00e1genes y textos intervenidos con filtros de diferentes texturas y efectos de estilos varios bajo la tem\u00e1tica del \u00abMundial Rusia 2018\u00bb. Para tener en cuenta&#8230;\u00a0\u00a0 Existen algunas aplicaciones en la web para visualizar y experimentar con textos en formato graffitis como el \u00abGraffiti Creator\u00bb (http:\/\/www.graffiticreator.net\/)\u00a0\u00a0que nos permite disfrutar de su dise\u00f1o con gran sencillez de manejo. Compartimos algunas producciones:<\/p>\n","protected":false},"author":1,"featured_media":0,"comment_status":"open","ping_status":"open","sticky":false,"template":"","format":"standard","meta":{"footnotes":""},"categories":[86,53,54],"tags":[],"class_list":["post-2923","post","type-post","status-publish","format-standard","hentry","category-computacion","category-escuela-paula-albarracin","category-experiencias-en-empas"],"_links":{"self":[{"href":"https:\/\/escuelas.mvl.edu.ar\/empas\/wp-json\/wp\/v2\/posts\/2923","targetHints":{"allow":["GET"]}}],"collection":[{"href":"https:\/\/escuelas.mvl.edu.ar\/empas\/wp-json\/wp\/v2\/posts"}],"about":[{"href":"https:\/\/escuelas.mvl.edu.ar\/empas\/wp-json\/wp\/v2\/types\/post"}],"author":[{"embeddable":true,"href":"https:\/\/escuelas.mvl.edu.ar\/empas\/wp-json\/wp\/v2\/users\/1"}],"replies":[{"embeddable":true,"href":"https:\/\/escuelas.mvl.edu.ar\/empas\/wp-json\/wp\/v2\/comments?post=2923"}],"version-history":[{"count":1,"href":"https:\/\/escuelas.mvl.edu.ar\/empas\/wp-json\/wp\/v2\/posts\/2923\/revisions"}],"predecessor-version":[{"id":8298,"href":"https:\/\/escuelas.mvl.edu.ar\/empas\/wp-json\/wp\/v2\/posts\/2923\/revisions\/8298"}],"wp:attachment":[{"href":"https:\/\/escuelas.mvl.edu.ar\/empas\/wp-json\/wp\/v2\/media?parent=2923"}],"wp:term":[{"taxonomy":"category","embeddable":true,"href":"https:\/\/escuelas.mvl.edu.ar\/empas\/wp-json\/wp\/v2\/categories?post=2923"},{"taxonomy":"post_tag","embeddable":true,"href":"https:\/\/escuelas.mvl.edu.ar\/empas\/wp-json\/wp\/v2\/tags?post=2923"}],"curies":[{"name":"wp","href":"https:\/\/api.w.org\/{rel}","templated":true}]}}