{"id":310,"date":"2013-05-22T00:00:00","date_gmt":"2013-05-22T00:00:00","guid":{"rendered":"https:\/\/escuelas.mvl.edu.ar\/empas\/2013\/05\/22\/hackear-el-espacio-la-historia-del-capitan-beto-y-otros-piratas\/"},"modified":"2022-04-14T12:37:48","modified_gmt":"2022-04-14T12:37:48","slug":"hackear-el-espacio-la-historia-del-capitan-beto-y-otros-piratas","status":"publish","type":"post","link":"https:\/\/escuelas.mvl.edu.ar\/empas\/2013\/05\/22\/hackear-el-espacio-la-historia-del-capitan-beto-y-otros-piratas\/","title":{"rendered":"HACKEAR EL ESPACIO *La historia del Capit\u00e1n Beto y otros piratas*"},"content":{"rendered":"<p><span style=\"font-family: helvetica; font-size: medium;\">Charla de Emiliano Kagieman, fundador y CEO de Satellogic, la empresa que<\/span><br \/><span style=\"font-family: helvetica; font-size: medium;\">desarroll\u00f3 el nano sat\u00e9lite \u201cCapit\u00e1n Beto\u201d, el primero de plataforma\u00a0<\/span><span style=\"font-family: helvetica; font-size: medium;\">abierta<\/span><\/p>\n<p><span style=\"font-family: helvetica; font-size: medium;\">MI\u00c9RCOLES 29 de MAYO<\/span><br \/><span style=\"font-family: helvetica; font-size: medium;\">AULA MAGNA del PABELL\u00d3N II\u00a0<\/span><span style=\"font-family: helvetica; font-size: medium;\">18.00<\/span><\/p>\n<p><span style=\"font-family: helvetica; font-size: medium;\">Lleg\u00f3 la hora de apropiarse de la tecnolog\u00eda para ir al espacio: las naves<\/span><br \/><span style=\"font-family: helvetica; font-size: medium;\">espaciales ya no son dominio exclusivo de los gobiernos y las grandes<\/span><br \/><span style=\"font-family: helvetica; font-size: medium;\">empresas. Desde la historia de la concepci\u00f3n y fundaci\u00f3n de Satellogic a<\/span><br \/><span style=\"font-family: helvetica; font-size: medium;\">la puesta en \u00f3rbita del Capit\u00e1n Beto, Emiliano Kargieman nos contar\u00e1 los<\/span><br \/><span style=\"font-family: helvetica; font-size: medium;\">principales desaf\u00edos de poner tecnolog\u00eda en \u00f3rbita y las perspectivas de<\/span><br \/><span style=\"font-family: helvetica; font-size: medium;\">una industria que se revitaliza de la mano de aficionados, investigadores<\/span><br \/><span style=\"font-family: helvetica; font-size: medium;\">universitarios y peque\u00f1as empresas.<\/span><\/p>\n<p><span style=\"font-family: helvetica; font-size: medium;\">Emiliano Kargieman es el fundador y CEO de Satellogic. Presenta a su<\/span><br \/><span style=\"font-family: helvetica; font-size: medium;\">compa\u00f1\u00eda como un proyecto \u201cque busca democratizar el acceso al espacio por<\/span><br \/><span style=\"font-family: helvetica; font-size: medium;\">medio de tecnolog\u00eda espacial accesible y nuevos modelos de negocios\u201d.<\/span><br \/><span style=\"font-family: helvetica; font-size: medium;\">Emiliano fund\u00f3 su primera compa\u00f1\u00eda de software a los 15 a\u00f1os, y desde<\/span><br \/><span style=\"font-family: helvetica; font-size: medium;\">entonces no dej\u00f3 nunca de construir tecnolog\u00eda y tratar de llevarla al<\/span><br \/><span style=\"font-family: helvetica; font-size: medium;\">mundo. A los 19, mientras estudiaba Matem\u00e1ticas en la UBA, co-fund\u00f3 Core<\/span><br \/><span style=\"font-family: helvetica; font-size: medium;\">Security Technologies, que se convertir\u00eda en l\u00edder mundial en su segmento<\/span><br \/><span style=\"font-family: helvetica; font-size: medium;\">del mercado de software de seguridad inform\u00e1tica.<\/span><\/p>\n<p><span style=\"font-family: helvetica; font-size: medium;\">&#8212;&#8212;&#8212;&#8212;&#8212;&#8212;&#8212;&#8212;&#8212;&#8212;<\/span><wbr><span style=\"font-family: helvetica; font-size: medium;\">&#8212;&#8212;&#8212;&#8212;&#8212;&#8212;&#8212;&#8212;&#8212;&#8212;<\/span><wbr><span style=\"font-family: helvetica; font-size: medium;\">&#8212;<\/span><br \/><span style=\"font-family: helvetica; font-size: medium;\">Informaci\u00f3n suministrada por el \u00c1rea de Medios de Comunicaci\u00f3n<\/span><br \/><span style=\"font-family: helvetica; font-size: medium;\">Secretar\u00eda de Extensi\u00f3n, Graduados y Bienestar<\/span><br \/><span style=\"font-family: helvetica; font-size: medium;\">Facultad de Ciencias Exactas y Naturales &#8211; UBA<\/span><br \/><span style=\"font-family: helvetica; font-size: medium;\">medios@de.fcen.uba.ar 4576-3399 4576-3337<\/span><br \/><\/wbr><\/wbr><\/p>\n","protected":false},"excerpt":{"rendered":"<p>Charla de Emiliano Kagieman, fundador y CEO de Satellogic, la empresa quedesarroll\u00f3 el nano sat\u00e9lite \u201cCapit\u00e1n Beto\u201d, el primero de plataforma\u00a0abierta MI\u00c9RCOLES 29 de MAYOAULA MAGNA del PABELL\u00d3N II\u00a018.00 Lleg\u00f3 la hora de apropiarse de la tecnolog\u00eda para ir al espacio: las navesespaciales ya no son dominio exclusivo de los gobiernos y las grandesempresas. Desde la historia de la concepci\u00f3n y fundaci\u00f3n de Satellogic ala puesta en \u00f3rbita del Capit\u00e1n Beto, Emiliano Kargieman nos contar\u00e1 losprincipales desaf\u00edos de poner tecnolog\u00eda en \u00f3rbita y las perspectivas deuna industria que se revitaliza de la mano de aficionados, investigadoresuniversitarios y peque\u00f1as empresas. Emiliano Kargieman es el fundador y CEO de Satellogic. Presenta a sucompa\u00f1\u00eda como un proyecto \u201cque busca democratizar el acceso al espacio pormedio de tecnolog\u00eda espacial accesible y nuevos modelos de negocios\u201d.Emiliano fund\u00f3 su primera compa\u00f1\u00eda de software a los 15 a\u00f1os, y desdeentonces no dej\u00f3 nunca de construir tecnolog\u00eda y tratar de llevarla almundo. A los 19, mientras estudiaba Matem\u00e1ticas en la UBA, co-fund\u00f3 CoreSecurity Technologies, que se convertir\u00eda en l\u00edder mundial en su segmentodel mercado de software de seguridad inform\u00e1tica. &#8212;&#8212;&#8212;&#8212;&#8212;&#8212;&#8212;&#8212;&#8212;&#8212;&#8212;&#8212;&#8212;&#8212;&#8212;&#8212;&#8212;&#8212;&#8212;&#8212;&#8212;Informaci\u00f3n suministrada por el \u00c1rea de Medios de Comunicaci\u00f3nSecretar\u00eda de Extensi\u00f3n, Graduados y BienestarFacultad de Ciencias Exactas y Naturales &#8211; UBAmedios@de.fcen.uba.ar 4576-3399 4576-3337<\/p>\n","protected":false},"author":1,"featured_media":0,"comment_status":"open","ping_status":"open","sticky":false,"template":"","format":"standard","meta":{"footnotes":""},"categories":[53],"tags":[],"class_list":["post-310","post","type-post","status-publish","format-standard","hentry","category-escuela-paula-albarracin"],"_links":{"self":[{"href":"https:\/\/escuelas.mvl.edu.ar\/empas\/wp-json\/wp\/v2\/posts\/310","targetHints":{"allow":["GET"]}}],"collection":[{"href":"https:\/\/escuelas.mvl.edu.ar\/empas\/wp-json\/wp\/v2\/posts"}],"about":[{"href":"https:\/\/escuelas.mvl.edu.ar\/empas\/wp-json\/wp\/v2\/types\/post"}],"author":[{"embeddable":true,"href":"https:\/\/escuelas.mvl.edu.ar\/empas\/wp-json\/wp\/v2\/users\/1"}],"replies":[{"embeddable":true,"href":"https:\/\/escuelas.mvl.edu.ar\/empas\/wp-json\/wp\/v2\/comments?post=310"}],"version-history":[{"count":1,"href":"https:\/\/escuelas.mvl.edu.ar\/empas\/wp-json\/wp\/v2\/posts\/310\/revisions"}],"predecessor-version":[{"id":8119,"href":"https:\/\/escuelas.mvl.edu.ar\/empas\/wp-json\/wp\/v2\/posts\/310\/revisions\/8119"}],"wp:attachment":[{"href":"https:\/\/escuelas.mvl.edu.ar\/empas\/wp-json\/wp\/v2\/media?parent=310"}],"wp:term":[{"taxonomy":"category","embeddable":true,"href":"https:\/\/escuelas.mvl.edu.ar\/empas\/wp-json\/wp\/v2\/categories?post=310"},{"taxonomy":"post_tag","embeddable":true,"href":"https:\/\/escuelas.mvl.edu.ar\/empas\/wp-json\/wp\/v2\/tags?post=310"}],"curies":[{"name":"wp","href":"https:\/\/api.w.org\/{rel}","templated":true}]}}