{"id":3219,"date":"2018-11-30T00:00:00","date_gmt":"2018-11-30T00:00:00","guid":{"rendered":"https:\/\/escuelas.mvl.edu.ar\/empas\/2018\/11\/30\/un-cuento-que-viaja-a-amsterdam-de-la-mano-de-su-autor\/"},"modified":"2022-04-14T12:39:34","modified_gmt":"2022-04-14T12:39:34","slug":"un-cuento-que-viaja-a-amsterdam-de-la-mano-de-su-autor","status":"publish","type":"post","link":"https:\/\/escuelas.mvl.edu.ar\/empas\/2018\/11\/30\/un-cuento-que-viaja-a-amsterdam-de-la-mano-de-su-autor\/","title":{"rendered":"Un cuento que viaja a Amsterdam de la mano de su autor&#8230;"},"content":{"rendered":"<p>Estamos muy contentos de\u00a0 compartir esta noticia:\u00a0<strong>Ignacio Garc\u00eda de 3er a\u00f1o C,<\/strong> ganador en su categor\u00eda con el cuento<strong> <em>Hola, soy Teresa<\/em><\/strong>, en el concurso <strong>Ana Frank<\/strong>, atraves\u00f3 una segunda instancia: la presentaci\u00f3n de un proyecto y su defensa en un coloquio que fue aprobado. Por lo tanto viajar\u00e1 a <strong>Amsterdam<\/strong> a participar en una serie de seminarios que dictar\u00e1\u00a0 la <strong>Fundaci\u00f3n<\/strong>, as\u00ed como de distintos eventos y paseos tur\u00edsticos.<\/p>\n<p>Lo Felicitamos calurosamente <strong>toda la comunidad educativa E.M.P.A.S.<\/strong> por su talento y el logro obtenido gracias a su esfuerzo.<\/p>\n<p><img fetchpriority=\"high\" decoding=\"async\" class=\"aligncenter wp-image-49301 size-medium\" src=\"https:\/\/escuelas.mvl.edu.ar\/empas\/wp-content\/uploads\/sites\/3\/2022\/04\/IMG-20180914-WA0023-1-300x169.jpg\" alt=\"\" width=\"300\" height=\"169\" data-id=\"49301\" \/><\/p>\n","protected":false},"excerpt":{"rendered":"<p>Estamos muy contentos de\u00a0 compartir esta noticia:\u00a0Ignacio Garc\u00eda de 3er a\u00f1o C, ganador en su categor\u00eda con el cuento Hola, soy Teresa, en el concurso Ana Frank, atraves\u00f3 una segunda instancia: la presentaci\u00f3n de un proyecto y su defensa en un coloquio que fue aprobado. Por lo tanto viajar\u00e1 a Amsterdam a participar en una serie de seminarios que dictar\u00e1\u00a0 la Fundaci\u00f3n, as\u00ed como de distintos eventos y paseos tur\u00edsticos. Lo Felicitamos calurosamente toda la comunidad educativa E.M.P.A.S. por su talento y el logro obtenido gracias a su esfuerzo.<\/p>\n","protected":false},"author":1,"featured_media":0,"comment_status":"open","ping_status":"open","sticky":false,"template":"","format":"standard","meta":{"footnotes":""},"categories":[53,54],"tags":[],"class_list":["post-3219","post","type-post","status-publish","format-standard","hentry","category-escuela-paula-albarracin","category-experiencias-en-empas"],"_links":{"self":[{"href":"https:\/\/escuelas.mvl.edu.ar\/empas\/wp-json\/wp\/v2\/posts\/3219","targetHints":{"allow":["GET"]}}],"collection":[{"href":"https:\/\/escuelas.mvl.edu.ar\/empas\/wp-json\/wp\/v2\/posts"}],"about":[{"href":"https:\/\/escuelas.mvl.edu.ar\/empas\/wp-json\/wp\/v2\/types\/post"}],"author":[{"embeddable":true,"href":"https:\/\/escuelas.mvl.edu.ar\/empas\/wp-json\/wp\/v2\/users\/1"}],"replies":[{"embeddable":true,"href":"https:\/\/escuelas.mvl.edu.ar\/empas\/wp-json\/wp\/v2\/comments?post=3219"}],"version-history":[{"count":1,"href":"https:\/\/escuelas.mvl.edu.ar\/empas\/wp-json\/wp\/v2\/posts\/3219\/revisions"}],"predecessor-version":[{"id":8322,"href":"https:\/\/escuelas.mvl.edu.ar\/empas\/wp-json\/wp\/v2\/posts\/3219\/revisions\/8322"}],"wp:attachment":[{"href":"https:\/\/escuelas.mvl.edu.ar\/empas\/wp-json\/wp\/v2\/media?parent=3219"}],"wp:term":[{"taxonomy":"category","embeddable":true,"href":"https:\/\/escuelas.mvl.edu.ar\/empas\/wp-json\/wp\/v2\/categories?post=3219"},{"taxonomy":"post_tag","embeddable":true,"href":"https:\/\/escuelas.mvl.edu.ar\/empas\/wp-json\/wp\/v2\/tags?post=3219"}],"curies":[{"name":"wp","href":"https:\/\/api.w.org\/{rel}","templated":true}]}}