{"id":584,"date":"2013-11-21T00:00:00","date_gmt":"2013-11-21T00:00:00","guid":{"rendered":"https:\/\/escuelas.mvl.edu.ar\/empas\/2013\/11\/21\/olimpiadas-de-fisica-y-talleres-de-ciencia\/"},"modified":"2022-04-14T12:37:49","modified_gmt":"2022-04-14T12:37:49","slug":"olimpiadas-de-fisica-y-talleres-de-ciencia","status":"publish","type":"post","link":"https:\/\/escuelas.mvl.edu.ar\/empas\/2013\/11\/21\/olimpiadas-de-fisica-y-talleres-de-ciencia\/","title":{"rendered":"Olimp\u00edadas de F\u00edsica y Talleres de Ciencia"},"content":{"rendered":"<div><span face=\"comic sans ms, sans-serif\" style=\"font-family: helvetica; font-size: medium;\"><strong>Felicitaciones a Sof\u00eda Fernandez!!<\/strong> alumna de 5to Naturales A, por su participaci\u00f3n en las Olimp\u00edadas Metropolitanas de F\u00edsica, obteniendo el 3\u00ba puesto de la categor\u00eda Inicial, y en los Talleres de Ciencia organizados por la Facultad de Ciencias Exactas y Naturales UBA.<\/span><\/div>\n<div><span color=\"#000000\" face=\"comic sans ms, sans-serif\" style=\"color: #000000; font-family: helvetica; font-size: medium;\">\u00a0<\/span><\/div>\n<div><span color=\"#000000\" face=\"comic sans ms, sans-serif\" style=\"color: #000000; font-family: helvetica; font-size: medium;\"><em><strong>Los Talleres de Ciencia<\/strong><\/em> (TC) est\u00e1n dirigidos a estudiantes de escuela media, y se realizan en laboratorios e instalaciones de la Facultad, a cargo de docentes de la misma instituci\u00f3n.\u00a0Estos talleres les brindan la oportunidad de conocer las carreras de Ciencias Exactas y Naturales, y el trabajo que realizan los profesionales de estas disciplinas, dado que vinculan las tem\u00e1ticas abordadas con el quehacer cient\u00edfico y tecnol\u00f3gico en sus respectivas \u00e1reas.\u00a0<br \/>Participan alrededor de 30 estudiantes, que asisten a 8 o 10 encuentros, con una frecuencia de una vez por semana durante tres horas.\u00a0<br \/><\/span><\/div>\n<div><span color=\"#000000\" face=\"comic sans ms, sans-serif\" style=\"color: #000000; font-family: helvetica; font-size: medium;\">\u00a0<\/span><\/div>\n<div><span color=\"#000000\" face=\"comic sans ms, sans-serif\" style=\"color: #000000; font-family: helvetica; font-size: medium;\"><em><strong>Las Experiencias Did\u00e1cticas<\/strong><\/em> (ED) consisten en la participaci\u00f3n de estudiantes de escuela media en un proyecto de investigaci\u00f3n cient\u00edfica, guiados por docentes e investigadores de la Facultad. El objetivo del programa es acercarse al quehacer cient\u00edfico, a trav\u00e9s de compartir el d\u00eda a d\u00eda de trabajo con bi\u00f3logos, qu\u00edmicos, ge\u00f3logos, paleont\u00f3logos, ocean\u00f3grafos, y licenciados en ciencias de la atm\u00f3sfera. La experiencia dura 3 o 4 meses, y tendr\u00e1n que asistir una vez por semana a la Facultad durante aproximadamente tres horas.\u00a0<br \/><\/span><\/div>\n<div><\/div>\n<div><span style=\"font-family: helvetica; font-size: medium;\">Para m\u00e1s informaci\u00f3n ingresar en <span style=\"color: #0000ff;\"><a href=\"http:\/\/exactas.uba.ar\/extension\/display.php?estructura=4&#038;desarrollo=0&#038;id_caja=177&#038;nivel_caja=2\" target=\"_blank\" rel=\"noopener noreferrer\"><span style=\"color: #0000ff;\">Facultad de Ciencias Exactas y Naturales<\/p>\n<p><strong style=\"color: #333333;\"><\/p>\n\n<p><\/strong><\/p>\n<p><\/span><\/a><\/span><\/span><\/div>\n","protected":false},"excerpt":{"rendered":"<p>Felicitaciones a Sof\u00eda Fernandez!! alumna de 5to Naturales A, por su participaci\u00f3n en las Olimp\u00edadas Metropolitanas de F\u00edsica, obteniendo el 3\u00ba puesto de la categor\u00eda Inicial, y en los Talleres de Ciencia organizados por la Facultad de Ciencias Exactas y Naturales UBA. \u00a0 Los Talleres de Ciencia (TC) est\u00e1n dirigidos a estudiantes de escuela media, y se realizan en laboratorios e instalaciones de la Facultad, a cargo de docentes de la misma instituci\u00f3n.\u00a0Estos talleres les brindan la oportunidad de conocer las carreras de Ciencias Exactas y Naturales, y el trabajo que realizan los profesionales de estas disciplinas, dado que vinculan las tem\u00e1ticas abordadas con el quehacer cient\u00edfico y tecnol\u00f3gico en sus respectivas \u00e1reas.\u00a0Participan alrededor de 30 estudiantes, que asisten a 8 o 10 encuentros, con una frecuencia de una vez por semana durante tres horas.\u00a0 \u00a0 Las Experiencias Did\u00e1cticas (ED) consisten en la participaci\u00f3n de estudiantes de escuela media en un proyecto de investigaci\u00f3n cient\u00edfica, guiados por docentes e investigadores de la Facultad. El objetivo del programa es acercarse al quehacer cient\u00edfico, a trav\u00e9s de compartir el d\u00eda a d\u00eda de trabajo con bi\u00f3logos, qu\u00edmicos, ge\u00f3logos, paleont\u00f3logos, ocean\u00f3grafos, y licenciados en ciencias de la atm\u00f3sfera. La experiencia dura 3 o 4 meses, y tendr\u00e1n que asistir una vez por semana a la Facultad durante aproximadamente tres horas.\u00a0 Para m\u00e1s informaci\u00f3n ingresar en Facultad de Ciencias Exactas y Naturales<\/p>\n","protected":false},"author":1,"featured_media":0,"comment_status":"open","ping_status":"open","sticky":false,"template":"","format":"standard","meta":{"footnotes":""},"categories":[53,54],"tags":[],"class_list":["post-584","post","type-post","status-publish","format-standard","hentry","category-escuela-paula-albarracin","category-experiencias-en-empas"],"_links":{"self":[{"href":"https:\/\/escuelas.mvl.edu.ar\/empas\/wp-json\/wp\/v2\/posts\/584","targetHints":{"allow":["GET"]}}],"collection":[{"href":"https:\/\/escuelas.mvl.edu.ar\/empas\/wp-json\/wp\/v2\/posts"}],"about":[{"href":"https:\/\/escuelas.mvl.edu.ar\/empas\/wp-json\/wp\/v2\/types\/post"}],"author":[{"embeddable":true,"href":"https:\/\/escuelas.mvl.edu.ar\/empas\/wp-json\/wp\/v2\/users\/1"}],"replies":[{"embeddable":true,"href":"https:\/\/escuelas.mvl.edu.ar\/empas\/wp-json\/wp\/v2\/comments?post=584"}],"version-history":[{"count":1,"href":"https:\/\/escuelas.mvl.edu.ar\/empas\/wp-json\/wp\/v2\/posts\/584\/revisions"}],"predecessor-version":[{"id":8134,"href":"https:\/\/escuelas.mvl.edu.ar\/empas\/wp-json\/wp\/v2\/posts\/584\/revisions\/8134"}],"wp:attachment":[{"href":"https:\/\/escuelas.mvl.edu.ar\/empas\/wp-json\/wp\/v2\/media?parent=584"}],"wp:term":[{"taxonomy":"category","embeddable":true,"href":"https:\/\/escuelas.mvl.edu.ar\/empas\/wp-json\/wp\/v2\/categories?post=584"},{"taxonomy":"post_tag","embeddable":true,"href":"https:\/\/escuelas.mvl.edu.ar\/empas\/wp-json\/wp\/v2\/tags?post=584"}],"curies":[{"name":"wp","href":"https:\/\/api.w.org\/{rel}","templated":true}]}}