{"id":7184,"date":"2020-03-20T16:40:51","date_gmt":"2020-03-20T16:40:51","guid":{"rendered":"https:\/\/escuelas.mvl.edu.ar\/empas\/?p=7184"},"modified":"2022-04-14T12:39:41","modified_gmt":"2022-04-14T12:39:41","slug":"agradecimiento","status":"publish","type":"post","link":"https:\/\/escuelas.mvl.edu.ar\/empas\/2020\/03\/20\/agradecimiento\/","title":{"rendered":"Situaci\u00f3n"},"content":{"rendered":"<p><b><i>A toda la comunidad educativa:<\/i><\/b><\/p>\n<p style=\"font-weight: 400\"><strong><em>Quiero agradecerles en nombre de todo el equipo directivo, el esfuerzo de continuar trabajando en esta situaci\u00f3n tan especial.<\/em><\/strong><\/p>\n<p style=\"font-weight: 400\"><strong><em>Es el deseo de todos y de todas que esto se solucione lo m\u00e1s pronto posible para lo cual es necesario que tengamos como prioridad quedarnos en casa, cuidarnos y tener m\u00e1xima responsabilidad social.<\/em><\/strong><\/p>\n<p style=\"font-weight: 400\"><strong><em>Los saludo muy afectuosamente.<\/em><\/strong><\/p>\n<p><img decoding=\"async\" class=\"alignnone size-full wp-image-7185\" src=\"https:\/\/escuelas.mvl.edu.ar\/empas\/wp-content\/uploads\/sites\/3\/2020\/03\/coro1.png\" alt=\"\" width=\"253\" height=\"153\" \/><\/p>\n","protected":false},"excerpt":{"rendered":"<p>A toda la comunidad educativa: Quiero agradecerles en nombre de todo el equipo directivo, el esfuerzo de continuar trabajando en esta situaci\u00f3n tan especial. Es el deseo de todos y de todas que esto se solucione lo m\u00e1s pronto posible para lo cual es necesario que tengamos como prioridad quedarnos en casa, cuidarnos y tener m\u00e1xima responsabilidad social. Los saludo muy afectuosamente.<\/p>\n","protected":false},"author":8,"featured_media":0,"comment_status":"closed","ping_status":"closed","sticky":false,"template":"","format":"standard","meta":{"footnotes":""},"categories":[283,53],"tags":[],"class_list":["post-7184","post","type-post","status-publish","format-standard","hentry","category-comunicaciones","category-escuela-paula-albarracin"],"_links":{"self":[{"href":"https:\/\/escuelas.mvl.edu.ar\/empas\/wp-json\/wp\/v2\/posts\/7184","targetHints":{"allow":["GET"]}}],"collection":[{"href":"https:\/\/escuelas.mvl.edu.ar\/empas\/wp-json\/wp\/v2\/posts"}],"about":[{"href":"https:\/\/escuelas.mvl.edu.ar\/empas\/wp-json\/wp\/v2\/types\/post"}],"author":[{"embeddable":true,"href":"https:\/\/escuelas.mvl.edu.ar\/empas\/wp-json\/wp\/v2\/users\/8"}],"replies":[{"embeddable":true,"href":"https:\/\/escuelas.mvl.edu.ar\/empas\/wp-json\/wp\/v2\/comments?post=7184"}],"version-history":[{"count":5,"href":"https:\/\/escuelas.mvl.edu.ar\/empas\/wp-json\/wp\/v2\/posts\/7184\/revisions"}],"predecessor-version":[{"id":7190,"href":"https:\/\/escuelas.mvl.edu.ar\/empas\/wp-json\/wp\/v2\/posts\/7184\/revisions\/7190"}],"wp:attachment":[{"href":"https:\/\/escuelas.mvl.edu.ar\/empas\/wp-json\/wp\/v2\/media?parent=7184"}],"wp:term":[{"taxonomy":"category","embeddable":true,"href":"https:\/\/escuelas.mvl.edu.ar\/empas\/wp-json\/wp\/v2\/categories?post=7184"},{"taxonomy":"post_tag","embeddable":true,"href":"https:\/\/escuelas.mvl.edu.ar\/empas\/wp-json\/wp\/v2\/tags?post=7184"}],"curies":[{"name":"wp","href":"https:\/\/api.w.org\/{rel}","templated":true}]}}