{"id":7624,"date":"2020-08-24T14:24:18","date_gmt":"2020-08-24T14:24:18","guid":{"rendered":"https:\/\/escuelas.mvl.edu.ar\/empas\/?p=7624"},"modified":"2022-04-14T12:39:41","modified_gmt":"2022-04-14T12:39:41","slug":"17-de-agosto-aniversario-de-la-muerte-del-general-jose-de-san-martin","status":"publish","type":"post","link":"https:\/\/escuelas.mvl.edu.ar\/empas\/2020\/08\/24\/17-de-agosto-aniversario-de-la-muerte-del-general-jose-de-san-martin\/","title":{"rendered":"17 de agosto: Aniversario de la muerte del General Jos\u00e9  de San Mart\u00edn"},"content":{"rendered":"<h1 style=\"text-align: center\"><strong><span style=\"color: #000080\">17 de agosto: Aniversario de<\/span><\/strong><br \/>\n<strong><span style=\"color: #000080\">la muerte del General Jos\u00e9<\/span><\/strong><\/h1>\n<h1 style=\"text-align: center\"><strong><span style=\"color: #000080\">de San Mart\u00edn<\/span><\/strong><\/h1>\n<p><strong>El 17 de agosto se cumple un nuevo aniversario del deceso del General San Mart\u00edn, el Libertador de Am\u00e9rica. En Argentina se le reconoce como el \u201cPadre de la Patria\u201d. En Per\u00fa, se lo recuerda libertador de aquel pa\u00eds, con los t\u00edtulos de \u201cFundador de la Libertad del Per\u00fa\u201d, \u201cFundador de la Rep\u00fablica\u201d y \u201cGeneral\u00edsimo de las Armas\u201d. En Chile su ej\u00e9rcito lo ha destacado con el grado de Capit\u00e1n General.<\/strong><\/p>\n<p><strong>Pero m\u00e1s all\u00e1 de su gesta libertadora, San Mart\u00edn es una pieza fundamental en la construcci\u00f3n de nuestra identidad nacional<\/strong><\/p>\n<p><strong>A partir de su c\u00e9lebre figura y heroico proceder, se construye esa gran narraci\u00f3n que nos explica como pa\u00eds. Por eso, rememorar su vida a partir de un nuevo aniversario de su muerte es recordar ese relato que escuchamos en los actos escolares de nuestra infancia, esa gran narraci\u00f3n que nos conform\u00f3 como comunidad y que debemos pensar y reconsiderar en nuestro camino hacia una patria justa, libre y soberana.<\/strong><\/p>\n<p><img fetchpriority=\"high\" decoding=\"async\" class=\"alignnone size-medium wp-image-7625 aligncenter\" src=\"https:\/\/escuelas.mvl.edu.ar\/empas\/wp-content\/uploads\/sites\/3\/2020\/08\/sanmartin-300x208.jpg\" alt=\"\" width=\"300\" height=\"208\" srcset=\"https:\/\/escuelas.mvl.edu.ar\/empas\/wp-content\/uploads\/sites\/3\/2020\/08\/sanmartin-300x208.jpg 300w, https:\/\/escuelas.mvl.edu.ar\/empas\/wp-content\/uploads\/sites\/3\/2020\/08\/sanmartin.jpg 317w\" sizes=\"(max-width: 300px) 100vw, 300px\" \/><\/p>\n<p><strong>Como en actos virtuales anteriores, los invitamos a ver el video realizado por los docentes Nahuel Arrieta y Estaban Da Costa.<\/strong><\/p>\n<p>&nbsp;<\/p>\n<h2 style=\"text-align: center\"><span style=\"color: #000080\"><b>Video<\/b><\/span><\/h2>\n<p>&nbsp;<\/p>\n<p><iframe title=\"17 agosto San Martin\" width=\"648\" height=\"365\" src=\"https:\/\/www.youtube.com\/embed\/hMHw0RNVKQU?feature=oembed\" frameborder=\"0\" allow=\"accelerometer; autoplay; clipboard-write; encrypted-media; gyroscope; picture-in-picture; web-share\" referrerpolicy=\"strict-origin-when-cross-origin\" allowfullscreen><\/iframe><\/p>\n<p>&nbsp;<\/p>\n","protected":false},"excerpt":{"rendered":"<p>17 de agosto: Aniversario de la muerte del General Jos\u00e9 de San Mart\u00edn El 17 de agosto se cumple un nuevo aniversario del deceso del General San Mart\u00edn, el Libertador de Am\u00e9rica. En Argentina se le reconoce como el \u201cPadre de la Patria\u201d. En Per\u00fa, se lo recuerda libertador de aquel pa\u00eds, con los t\u00edtulos de \u201cFundador de la Libertad del Per\u00fa\u201d, \u201cFundador de la Rep\u00fablica\u201d y \u201cGeneral\u00edsimo de las Armas\u201d. En Chile su ej\u00e9rcito lo ha destacado con el grado de Capit\u00e1n General. Pero m\u00e1s all\u00e1 de su gesta libertadora, San Mart\u00edn es una pieza fundamental en la construcci\u00f3n de nuestra identidad nacional A partir de su c\u00e9lebre figura y heroico proceder, se construye esa gran narraci\u00f3n que nos explica como pa\u00eds. Por eso, rememorar su vida a partir de un nuevo aniversario de su muerte es recordar ese relato que escuchamos en los actos escolares de nuestra infancia, esa gran narraci\u00f3n que nos conform\u00f3 como comunidad y que debemos pensar y reconsiderar en nuestro camino hacia una patria justa, libre y soberana. Como en actos virtuales anteriores, los invitamos a ver el video realizado por los docentes Nahuel Arrieta y Estaban Da Costa. &nbsp; Video &nbsp; &nbsp;<\/p>\n","protected":false},"author":8,"featured_media":0,"comment_status":"closed","ping_status":"closed","sticky":false,"template":"","format":"standard","meta":{"footnotes":""},"categories":[283,53],"tags":[],"class_list":["post-7624","post","type-post","status-publish","format-standard","hentry","category-comunicaciones","category-escuela-paula-albarracin"],"_links":{"self":[{"href":"https:\/\/escuelas.mvl.edu.ar\/empas\/wp-json\/wp\/v2\/posts\/7624","targetHints":{"allow":["GET"]}}],"collection":[{"href":"https:\/\/escuelas.mvl.edu.ar\/empas\/wp-json\/wp\/v2\/posts"}],"about":[{"href":"https:\/\/escuelas.mvl.edu.ar\/empas\/wp-json\/wp\/v2\/types\/post"}],"author":[{"embeddable":true,"href":"https:\/\/escuelas.mvl.edu.ar\/empas\/wp-json\/wp\/v2\/users\/8"}],"replies":[{"embeddable":true,"href":"https:\/\/escuelas.mvl.edu.ar\/empas\/wp-json\/wp\/v2\/comments?post=7624"}],"version-history":[{"count":4,"href":"https:\/\/escuelas.mvl.edu.ar\/empas\/wp-json\/wp\/v2\/posts\/7624\/revisions"}],"predecessor-version":[{"id":7629,"href":"https:\/\/escuelas.mvl.edu.ar\/empas\/wp-json\/wp\/v2\/posts\/7624\/revisions\/7629"}],"wp:attachment":[{"href":"https:\/\/escuelas.mvl.edu.ar\/empas\/wp-json\/wp\/v2\/media?parent=7624"}],"wp:term":[{"taxonomy":"category","embeddable":true,"href":"https:\/\/escuelas.mvl.edu.ar\/empas\/wp-json\/wp\/v2\/categories?post=7624"},{"taxonomy":"post_tag","embeddable":true,"href":"https:\/\/escuelas.mvl.edu.ar\/empas\/wp-json\/wp\/v2\/tags?post=7624"}],"curies":[{"name":"wp","href":"https:\/\/api.w.org\/{rel}","templated":true}]}}