{"id":7708,"date":"2020-11-24T11:22:04","date_gmt":"2020-11-24T11:22:04","guid":{"rendered":"https:\/\/escuelas.mvl.edu.ar\/empas\/?p=7708"},"modified":"2022-04-14T12:39:42","modified_gmt":"2022-04-14T12:39:42","slug":"dia-de-la-soberania","status":"publish","type":"post","link":"https:\/\/escuelas.mvl.edu.ar\/empas\/2020\/11\/24\/dia-de-la-soberania\/","title":{"rendered":"D\u00eda de la Soberan\u00eda"},"content":{"rendered":"<h1 style=\"text-align: center\"><u>CONMEMORAMOS EL DIA DE LA SOBERANIA NACIONAL<\/u><\/h1>\n<p>&nbsp;<\/p>\n<p>El 20 de noviembre de 1845 tuvo lugar en nuestro territorio, una acci\u00f3n heroica que marc\u00f3 desde entonces lo que celebramos como el D\u00eda de la Soberan\u00eda Nacional.<\/p>\n<p>Lo conocemos como el \u201cCombate de la Vuelta de Obligado\u201d, batalla que enmarcada en un largo proceso de conflictos con potencias europeas &#8211; en especial Francia e Inglaterra &#8211;\u00a0 que exig\u00edan la libertad de navegar por los r\u00edos interiores del territorio del ex Virreinato de la Plata.<\/p>\n<p>&nbsp;<\/p>\n<p>En aqu\u00e9l entonces, heroicos soldados argentinos, en inferioridad de condiciones, resistieron la invasi\u00f3n del ej\u00e9rcito m\u00e1s poderoso del mundo.<\/p>\n<p>El general Lucio Norberto Mansilla, estaba apostado en un paraje del r\u00edo Paran\u00e1, llamado Vuelta de Obligado (hoy parte del partido bonaerense de San Pedro). La misi\u00f3n de Mansilla era frenar el avance de las fuerzas combinadas anglofrancesas: 22 naves de guerra bien equipadas, que avanzaban sobre el R\u00edo Paran\u00e1.<\/p>\n<p>Decidido a detener el avance de las naves invasoras a cualquier costo, Mansilla coloc\u00f3 en el ancho del r\u00edo, peque\u00f1os botes que extend\u00edan cadenas para bloquear el paso de las embarcaciones y mand\u00f3 a ubicar las bater\u00edas de ataque sobre las m\u00e1rgenes del r\u00edo Paran\u00e1. Como se esperaba, la batalla fue muy despareja y tras siete horas de resistencia, las fuerzas invasoras lograron avanzar. Fue una contienda cargada de hero\u00edsmo, que obtuvo dos a\u00f1os despu\u00e9s, el triunfo por v\u00eda diplom\u00e1tica.<\/p>\n<p>&nbsp;<\/p>\n<p>Conmemoramos esta fecha cada a\u00f1o, pero no s\u00f3lo por nuestra soberan\u00eda territorial.<\/p>\n<p>Lo que fue un s\u00edmbolo de fortaleza, de hero\u00edsmo, de pasi\u00f3n por la defensa de<\/p>\n<p>nuestras fronteras, con el paso del tiempo, nuestra Argentina sigue ganando otras batallas, tan importantes como la de aqu\u00e9l entonces, pero incluyendo todo nuestro ser nacional: la soberan\u00eda cultural, la soberan\u00eda econ\u00f3mica, pol\u00edtica, tecnol\u00f3gica, cient\u00edfica, sanitaria y todas las formas de independencia que nos permitan engrandecer nuestras ra\u00edces y defender nuestras convicciones, como aqu\u00e9l 20 de noviembre de 1845. Sin claudicar y defendiendo nuestros valores con firmeza y amor por nuestra patria.<\/p>\n<p>&nbsp;<\/p>\n<p><iframe title=\"D\u00eda de la Soberan\u00eda Nacional 2do  B\" width=\"648\" height=\"365\" src=\"https:\/\/www.youtube.com\/embed\/feaFr1VFf0o?feature=oembed\" frameborder=\"0\" allow=\"accelerometer; autoplay; clipboard-write; encrypted-media; gyroscope; picture-in-picture; web-share\" referrerpolicy=\"strict-origin-when-cross-origin\" allowfullscreen><\/iframe><\/p>\n<p>&nbsp;<\/p>\n<p><iframe title=\"D\u00eda de la Soberan\u00eda Nacional 2do  C\" width=\"648\" height=\"365\" src=\"https:\/\/www.youtube.com\/embed\/utIv0yA8YPI?feature=oembed\" frameborder=\"0\" allow=\"accelerometer; autoplay; clipboard-write; encrypted-media; gyroscope; picture-in-picture; web-share\" referrerpolicy=\"strict-origin-when-cross-origin\" allowfullscreen><\/iframe><\/p>\n<h3 class=\"gmail_default\"><span style=\"font-size: large\">Agradecimientos<\/span><\/h3>\n<div class=\"gmail_default\">\n<div dir=\"auto\"><span style=\"font-size: large\">A los estudiantes de\u00a0 2do B y 2do C\u00a0 que han compuesto el texto del <span id=\"m_1918930533171245195:1iw.5\">rap<\/span>\u00a0 en forma\u00a0<span id=\"m_1918930533171245195:1iw.6\">colaborativa<\/span>. Realizaron adem\u00e1s los dise\u00f1os y la selecci\u00f3n de im\u00e1genes que se muestran en ambos\u00a0<span id=\"m_1918930533171245195:1iw.7\">videos<\/span>. Ambos trabajos fueron elaborados en el espacio de\u00a0 la materia Educaci\u00f3n Art\u00edstica &#8211; M\u00fasica con la Profesora\u00a0<span id=\"m_1918930533171245195:1iw.8\">Anabella<\/span>\u00a0<span id=\"m_1918930533171245195:1iw.9\">C\u00e1nepa<\/span>.<\/span><\/div>\n<div dir=\"auto\">\n<div dir=\"auto\"><span style=\"font-size: large\">En la presentaci\u00f3n de\u00a0 2do C se incluyen al final dos nubes de palabras sobre conceptos de soberan\u00eda realizadas por los estudiantes con la Profesora Irene Men\u00e9ndez\u00a0en la materia\u00a0<\/span><span id=\"m_1918930533171245195:1iw.11\" style=\"font-size: large\">Construcci\u00f3n<\/span><span style=\"font-size: large\"> de la Ciudadan\u00eda.<\/span><\/div>\n<div><span style=\"font-size: large\">Al\u00a0 profesor <\/span><span id=\"m_1918930533171245195:1iw.12\" style=\"font-size: large\">Ernesto<\/span><span id=\"m_1918930533171245195:1iw.13\" style=\"font-size: large\">Baranowski<\/span><span style=\"font-size: large\">\u00a0quien compuso la m\u00fasica que acompa\u00f1a las presentaciones.<\/span><\/div>\n<\/div>\n<div><span style=\"font-size: large\">A la profesora Clara <span id=\"m_1918930533171245195:1iw.14\">Scagliarini<\/span>\u00a0quien escribi\u00f3 las palabras\u00a0<span id=\"m_1918930533171245195:1iw.15\">conmemorativas<\/span>.<\/span><\/div>\n<\/div>\n<div><\/div>\n<div><span style=\"color: #ffffff\">a<\/span><\/div>\n<div><span style=\"color: #ffffff\">a<\/span><\/div>\n<div><span style=\"color: #ffffff\">a<\/span><\/div>\n<div><span style=\"color: #ffffff\">a<\/span><\/div>\n<div><\/div>\n","protected":false},"excerpt":{"rendered":"<p>CONMEMORAMOS EL DIA DE LA SOBERANIA NACIONAL &nbsp; El 20 de noviembre de 1845 tuvo lugar en nuestro territorio, una acci\u00f3n heroica que marc\u00f3 desde entonces lo que celebramos como el D\u00eda de la Soberan\u00eda Nacional. Lo conocemos como el \u201cCombate de la Vuelta de Obligado\u201d, batalla que enmarcada en un largo proceso de conflictos con potencias europeas &#8211; en especial Francia e Inglaterra &#8211;\u00a0 que exig\u00edan la libertad de navegar por los r\u00edos interiores del territorio del ex Virreinato de la Plata. &nbsp; En aqu\u00e9l entonces, heroicos soldados argentinos, en inferioridad de condiciones, resistieron la invasi\u00f3n del ej\u00e9rcito m\u00e1s poderoso del mundo. El general Lucio Norberto Mansilla, estaba apostado en un paraje del r\u00edo Paran\u00e1, llamado Vuelta de Obligado (hoy parte del partido bonaerense de San Pedro). La misi\u00f3n de Mansilla era frenar el avance de las fuerzas combinadas anglofrancesas: 22 naves de guerra bien equipadas, que avanzaban sobre el R\u00edo Paran\u00e1. Decidido a detener el avance de las naves invasoras a cualquier costo, Mansilla coloc\u00f3 en el ancho del r\u00edo, peque\u00f1os botes que extend\u00edan cadenas para bloquear el paso de las embarcaciones y mand\u00f3 a ubicar las bater\u00edas de ataque sobre las m\u00e1rgenes del r\u00edo Paran\u00e1. Como se esperaba, la batalla fue muy despareja y tras siete horas de resistencia, las fuerzas invasoras lograron avanzar. Fue una contienda cargada de hero\u00edsmo, que obtuvo dos a\u00f1os despu\u00e9s, el triunfo por v\u00eda diplom\u00e1tica. &nbsp; Conmemoramos esta fecha cada a\u00f1o, pero no s\u00f3lo por nuestra soberan\u00eda territorial. Lo que fue un s\u00edmbolo de fortaleza, de hero\u00edsmo, de pasi\u00f3n por la defensa de nuestras fronteras, con el paso del tiempo, nuestra Argentina sigue ganando otras batallas, tan importantes como la de aqu\u00e9l entonces, pero incluyendo todo nuestro ser nacional: la soberan\u00eda cultural, la soberan\u00eda econ\u00f3mica, pol\u00edtica, tecnol\u00f3gica, cient\u00edfica, sanitaria y todas las formas de independencia que nos permitan engrandecer nuestras ra\u00edces y defender nuestras convicciones, como aqu\u00e9l 20 de noviembre de 1845. Sin claudicar y defendiendo nuestros valores con firmeza y amor por nuestra patria. &nbsp; &nbsp; Agradecimientos A los estudiantes de\u00a0 2do B y 2do C\u00a0 que han compuesto el texto del rap\u00a0 en forma\u00a0colaborativa. Realizaron adem\u00e1s los dise\u00f1os y la selecci\u00f3n de im\u00e1genes que se muestran en ambos\u00a0videos. Ambos trabajos fueron elaborados en el espacio de\u00a0 la materia Educaci\u00f3n Art\u00edstica &#8211; M\u00fasica con la Profesora\u00a0Anabella\u00a0C\u00e1nepa. En la presentaci\u00f3n de\u00a0 2do C se incluyen al final dos nubes de palabras sobre conceptos de soberan\u00eda realizadas por los estudiantes con la Profesora Irene Men\u00e9ndez\u00a0en la materia\u00a0Construcci\u00f3n de la Ciudadan\u00eda. Al\u00a0 profesor ErnestoBaranowski\u00a0quien compuso la m\u00fasica que acompa\u00f1a las presentaciones. A la profesora Clara Scagliarini\u00a0quien escribi\u00f3 las palabras\u00a0conmemorativas. a a a a<\/p>\n","protected":false},"author":8,"featured_media":0,"comment_status":"closed","ping_status":"closed","sticky":false,"template":"","format":"standard","meta":{"footnotes":""},"categories":[283,53],"tags":[],"class_list":["post-7708","post","type-post","status-publish","format-standard","hentry","category-comunicaciones","category-escuela-paula-albarracin"],"_links":{"self":[{"href":"https:\/\/escuelas.mvl.edu.ar\/empas\/wp-json\/wp\/v2\/posts\/7708","targetHints":{"allow":["GET"]}}],"collection":[{"href":"https:\/\/escuelas.mvl.edu.ar\/empas\/wp-json\/wp\/v2\/posts"}],"about":[{"href":"https:\/\/escuelas.mvl.edu.ar\/empas\/wp-json\/wp\/v2\/types\/post"}],"author":[{"embeddable":true,"href":"https:\/\/escuelas.mvl.edu.ar\/empas\/wp-json\/wp\/v2\/users\/8"}],"replies":[{"embeddable":true,"href":"https:\/\/escuelas.mvl.edu.ar\/empas\/wp-json\/wp\/v2\/comments?post=7708"}],"version-history":[{"count":5,"href":"https:\/\/escuelas.mvl.edu.ar\/empas\/wp-json\/wp\/v2\/posts\/7708\/revisions"}],"predecessor-version":[{"id":7713,"href":"https:\/\/escuelas.mvl.edu.ar\/empas\/wp-json\/wp\/v2\/posts\/7708\/revisions\/7713"}],"wp:attachment":[{"href":"https:\/\/escuelas.mvl.edu.ar\/empas\/wp-json\/wp\/v2\/media?parent=7708"}],"wp:term":[{"taxonomy":"category","embeddable":true,"href":"https:\/\/escuelas.mvl.edu.ar\/empas\/wp-json\/wp\/v2\/categories?post=7708"},{"taxonomy":"post_tag","embeddable":true,"href":"https:\/\/escuelas.mvl.edu.ar\/empas\/wp-json\/wp\/v2\/tags?post=7708"}],"curies":[{"name":"wp","href":"https:\/\/api.w.org\/{rel}","templated":true}]}}