{"id":7923,"date":"2021-10-11T18:45:29","date_gmt":"2021-10-11T18:45:29","guid":{"rendered":"https:\/\/escuelas.mvl.edu.ar\/empas\/?p=7923"},"modified":"2022-04-14T12:39:44","modified_gmt":"2022-04-14T12:39:44","slug":"dia-de-la-diversidad-cultural","status":"publish","type":"post","link":"https:\/\/escuelas.mvl.edu.ar\/empas\/2021\/10\/11\/dia-de-la-diversidad-cultural\/","title":{"rendered":"D\u00eda de la Diversidad Cultural"},"content":{"rendered":"<div class=\"gE iv gt\"><span style=\"font-family: verdana, sans-serif\">El 12 de octubre se celebra el d\u00eda de la Diversidad Cultural, espacio para la reflexi\u00f3n hist\u00f3rica, el di\u00e1logo intercultural y el reconocimiento y respeto por los pueblos originarios. El audiovisual que se presenta a continuaci\u00f3n fue realizado por los profesores de Historia Nahuel Arrieta y Esteban Da Costa, con la colaboraci\u00f3n de la Prof. Andrea Paolini y Mart\u00edn Rocha, Lautaro G\u00f3mez y Kevin Wright.\u00a0<\/span><\/div>\n<div><\/div>\n<p><iframe title=\"12deOct VF ALTA Final\" width=\"648\" height=\"365\" src=\"https:\/\/www.youtube.com\/embed\/yi8SPB98qzs?feature=oembed\" frameborder=\"0\" allow=\"accelerometer; autoplay; clipboard-write; encrypted-media; gyroscope; picture-in-picture; web-share\" referrerpolicy=\"strict-origin-when-cross-origin\" allowfullscreen><\/iframe><\/p>\n<p>&nbsp;<\/p>\n","protected":false},"excerpt":{"rendered":"<p>El 12 de octubre se celebra el d\u00eda de la Diversidad Cultural, espacio para la reflexi\u00f3n hist\u00f3rica, el di\u00e1logo intercultural y el reconocimiento y respeto por los pueblos originarios. El audiovisual que se presenta a continuaci\u00f3n fue realizado por los profesores de Historia Nahuel Arrieta y Esteban Da Costa, con la colaboraci\u00f3n de la Prof. Andrea Paolini y Mart\u00edn Rocha, Lautaro G\u00f3mez y Kevin Wright.\u00a0 &nbsp;<\/p>\n","protected":false},"author":24,"featured_media":0,"comment_status":"closed","ping_status":"closed","sticky":false,"template":"","format":"standard","meta":{"footnotes":""},"categories":[53],"tags":[],"class_list":["post-7923","post","type-post","status-publish","format-standard","hentry","category-escuela-paula-albarracin"],"_links":{"self":[{"href":"https:\/\/escuelas.mvl.edu.ar\/empas\/wp-json\/wp\/v2\/posts\/7923","targetHints":{"allow":["GET"]}}],"collection":[{"href":"https:\/\/escuelas.mvl.edu.ar\/empas\/wp-json\/wp\/v2\/posts"}],"about":[{"href":"https:\/\/escuelas.mvl.edu.ar\/empas\/wp-json\/wp\/v2\/types\/post"}],"author":[{"embeddable":true,"href":"https:\/\/escuelas.mvl.edu.ar\/empas\/wp-json\/wp\/v2\/users\/24"}],"replies":[{"embeddable":true,"href":"https:\/\/escuelas.mvl.edu.ar\/empas\/wp-json\/wp\/v2\/comments?post=7923"}],"version-history":[{"count":1,"href":"https:\/\/escuelas.mvl.edu.ar\/empas\/wp-json\/wp\/v2\/posts\/7923\/revisions"}],"predecessor-version":[{"id":7924,"href":"https:\/\/escuelas.mvl.edu.ar\/empas\/wp-json\/wp\/v2\/posts\/7923\/revisions\/7924"}],"wp:attachment":[{"href":"https:\/\/escuelas.mvl.edu.ar\/empas\/wp-json\/wp\/v2\/media?parent=7923"}],"wp:term":[{"taxonomy":"category","embeddable":true,"href":"https:\/\/escuelas.mvl.edu.ar\/empas\/wp-json\/wp\/v2\/categories?post=7923"},{"taxonomy":"post_tag","embeddable":true,"href":"https:\/\/escuelas.mvl.edu.ar\/empas\/wp-json\/wp\/v2\/tags?post=7923"}],"curies":[{"name":"wp","href":"https:\/\/api.w.org\/{rel}","templated":true}]}}