{"id":7949,"date":"2021-11-19T13:02:18","date_gmt":"2021-11-19T13:02:18","guid":{"rendered":"https:\/\/escuelas.mvl.edu.ar\/empas\/?p=7949"},"modified":"2022-04-14T12:39:44","modified_gmt":"2022-04-14T12:39:44","slug":"dia-de-la-soberania-nacional","status":"publish","type":"post","link":"https:\/\/escuelas.mvl.edu.ar\/empas\/2021\/11\/19\/dia-de-la-soberania-nacional\/","title":{"rendered":"D\u00eda de la Soberan\u00eda Nacional"},"content":{"rendered":"<h1 style=\"text-align: center\">D\u00eda de la Soberan\u00eda Nacional<\/h1>\n<p>&nbsp;<\/p>\n<p>El video de la conmemoraci\u00f3n de Vuelta de Obligado (D\u00eda de la Soberan\u00eda Nacional):\u00a0 fue realizado por el profesor Roberto Baldasarre con la \u00a0participaci\u00f3n de las alumnas\u00a0 Florencia Francia, Ami Salinas, Maylen Gonz\u00e1lez de 5\u00b0 Econom\u00eda.<\/p>\n<p><iframe title=\"Soberania\" width=\"648\" height=\"365\" src=\"https:\/\/www.youtube.com\/embed\/_lz_iA-1sf0?feature=oembed\" frameborder=\"0\" allow=\"accelerometer; autoplay; clipboard-write; encrypted-media; gyroscope; picture-in-picture; web-share\" referrerpolicy=\"strict-origin-when-cross-origin\" allowfullscreen><\/iframe><\/p>\n<p>&nbsp;<\/p>\n","protected":false},"excerpt":{"rendered":"<p>D\u00eda de la Soberan\u00eda Nacional &nbsp; El video de la conmemoraci\u00f3n de Vuelta de Obligado (D\u00eda de la Soberan\u00eda Nacional):\u00a0 fue realizado por el profesor Roberto Baldasarre con la \u00a0participaci\u00f3n de las alumnas\u00a0 Florencia Francia, Ami Salinas, Maylen Gonz\u00e1lez de 5\u00b0 Econom\u00eda. &nbsp;<\/p>\n","protected":false},"author":8,"featured_media":0,"comment_status":"closed","ping_status":"closed","sticky":false,"template":"","format":"standard","meta":{"footnotes":""},"categories":[283,53],"tags":[],"class_list":["post-7949","post","type-post","status-publish","format-standard","hentry","category-comunicaciones","category-escuela-paula-albarracin"],"_links":{"self":[{"href":"https:\/\/escuelas.mvl.edu.ar\/empas\/wp-json\/wp\/v2\/posts\/7949","targetHints":{"allow":["GET"]}}],"collection":[{"href":"https:\/\/escuelas.mvl.edu.ar\/empas\/wp-json\/wp\/v2\/posts"}],"about":[{"href":"https:\/\/escuelas.mvl.edu.ar\/empas\/wp-json\/wp\/v2\/types\/post"}],"author":[{"embeddable":true,"href":"https:\/\/escuelas.mvl.edu.ar\/empas\/wp-json\/wp\/v2\/users\/8"}],"replies":[{"embeddable":true,"href":"https:\/\/escuelas.mvl.edu.ar\/empas\/wp-json\/wp\/v2\/comments?post=7949"}],"version-history":[{"count":1,"href":"https:\/\/escuelas.mvl.edu.ar\/empas\/wp-json\/wp\/v2\/posts\/7949\/revisions"}],"predecessor-version":[{"id":7950,"href":"https:\/\/escuelas.mvl.edu.ar\/empas\/wp-json\/wp\/v2\/posts\/7949\/revisions\/7950"}],"wp:attachment":[{"href":"https:\/\/escuelas.mvl.edu.ar\/empas\/wp-json\/wp\/v2\/media?parent=7949"}],"wp:term":[{"taxonomy":"category","embeddable":true,"href":"https:\/\/escuelas.mvl.edu.ar\/empas\/wp-json\/wp\/v2\/categories?post=7949"},{"taxonomy":"post_tag","embeddable":true,"href":"https:\/\/escuelas.mvl.edu.ar\/empas\/wp-json\/wp\/v2\/tags?post=7949"}],"curies":[{"name":"wp","href":"https:\/\/api.w.org\/{rel}","templated":true}]}}