{"id":7954,"date":"2021-11-18T13:29:42","date_gmt":"2021-11-18T13:29:42","guid":{"rendered":"https:\/\/escuelas.mvl.edu.ar\/empas\/?p=7954"},"modified":"2022-04-14T12:39:44","modified_gmt":"2022-04-14T12:39:44","slug":"olimpiadas-de-ciencias-y-certamen-de-cuento-de-la-olimpiada-nacional-de-fisica","status":"publish","type":"post","link":"https:\/\/escuelas.mvl.edu.ar\/empas\/2021\/11\/18\/olimpiadas-de-ciencias-y-certamen-de-cuento-de-la-olimpiada-nacional-de-fisica\/","title":{"rendered":"Olimp\u00edadas de Ciencias y Certamen de Cuento de la Olimp\u00edada Nacional de F\u00edsica"},"content":{"rendered":"<h1 style=\"text-align: center\">Olimp\u00edadas de Ciencias y Certamen de Cuento de la Olimp\u00edada Nacional de F\u00edsica<\/h1>\n<p>1- Julia Sarcona y Mora Ramd\u00e1n de 1\u00ba A obtuvieron el segundo premio en la Instancia Nacional de las Olimpiadas de Ciencias Junior organizadas por la Universidad Nacional de Cuyo. Estuvieron acompa\u00f1ados por la Prof. Corina Scally.<\/p>\n<div>2- La alumna Abril Madeo, de 4\u00ba Naturales A,\u00a0 gan\u00f3 el primer premio del Concurso de Cuentos de la Olimpiada Argentina de F\u00edsica. Estuvo acompa\u00f1ada por la Prof. Paula Santamaria.<\/div>\n<div>Felicitaciones a profesores y estudiantes.<\/div>\n<div>A continuaci\u00f3n, compartimos el cuento ganador del certamen.<\/div>\n<p>&nbsp;<\/p>\n<p>https:\/\/escuelas.mvl.edu.ar\/empas\/wp-content\/uploads\/sites\/3\/2021\/11\/La-brujula_La-Historia-jamas-contada.pdf<\/p>\n","protected":false},"excerpt":{"rendered":"<p>Olimp\u00edadas de Ciencias y Certamen de Cuento de la Olimp\u00edada Nacional de F\u00edsica 1- Julia Sarcona y Mora Ramd\u00e1n de 1\u00ba A obtuvieron el segundo premio en la Instancia Nacional de las Olimpiadas de Ciencias Junior organizadas por la Universidad Nacional de Cuyo. Estuvieron acompa\u00f1ados por la Prof. Corina Scally. 2- La alumna Abril Madeo, de 4\u00ba Naturales A,\u00a0 gan\u00f3 el primer premio del Concurso de Cuentos de la Olimpiada Argentina de F\u00edsica. Estuvo acompa\u00f1ada por la Prof. Paula Santamaria. Felicitaciones a profesores y estudiantes. A continuaci\u00f3n, compartimos el cuento ganador del certamen. &nbsp; https:\/\/escuelas.mvl.edu.ar\/empas\/wp-content\/uploads\/sites\/3\/2021\/11\/La-brujula_La-Historia-jamas-contada.pdf<\/p>\n","protected":false},"author":8,"featured_media":0,"comment_status":"closed","ping_status":"closed","sticky":false,"template":"","format":"standard","meta":{"footnotes":""},"categories":[283,53],"tags":[],"class_list":["post-7954","post","type-post","status-publish","format-standard","hentry","category-comunicaciones","category-escuela-paula-albarracin"],"_links":{"self":[{"href":"https:\/\/escuelas.mvl.edu.ar\/empas\/wp-json\/wp\/v2\/posts\/7954","targetHints":{"allow":["GET"]}}],"collection":[{"href":"https:\/\/escuelas.mvl.edu.ar\/empas\/wp-json\/wp\/v2\/posts"}],"about":[{"href":"https:\/\/escuelas.mvl.edu.ar\/empas\/wp-json\/wp\/v2\/types\/post"}],"author":[{"embeddable":true,"href":"https:\/\/escuelas.mvl.edu.ar\/empas\/wp-json\/wp\/v2\/users\/8"}],"replies":[{"embeddable":true,"href":"https:\/\/escuelas.mvl.edu.ar\/empas\/wp-json\/wp\/v2\/comments?post=7954"}],"version-history":[{"count":3,"href":"https:\/\/escuelas.mvl.edu.ar\/empas\/wp-json\/wp\/v2\/posts\/7954\/revisions"}],"predecessor-version":[{"id":7958,"href":"https:\/\/escuelas.mvl.edu.ar\/empas\/wp-json\/wp\/v2\/posts\/7954\/revisions\/7958"}],"wp:attachment":[{"href":"https:\/\/escuelas.mvl.edu.ar\/empas\/wp-json\/wp\/v2\/media?parent=7954"}],"wp:term":[{"taxonomy":"category","embeddable":true,"href":"https:\/\/escuelas.mvl.edu.ar\/empas\/wp-json\/wp\/v2\/categories?post=7954"},{"taxonomy":"post_tag","embeddable":true,"href":"https:\/\/escuelas.mvl.edu.ar\/empas\/wp-json\/wp\/v2\/tags?post=7954"}],"curies":[{"name":"wp","href":"https:\/\/api.w.org\/{rel}","templated":true}]}}