{"id":8393,"date":"2022-04-20T12:27:11","date_gmt":"2022-04-20T12:27:11","guid":{"rendered":"https:\/\/escuelas.mvl.edu.ar\/empas\/?p=8393"},"modified":"2022-06-05T03:33:05","modified_gmt":"2022-06-05T03:33:05","slug":"medalla-a-las-mejores-calificaciones-olimpiada-nacional-de-quimica%ef%bf%bc","status":"publish","type":"post","link":"https:\/\/escuelas.mvl.edu.ar\/empas\/2022\/04\/20\/medalla-a-las-mejores-calificaciones-olimpiada-nacional-de-quimica%ef%bf%bc\/","title":{"rendered":"Medalla a las mejores calificaciones &#8211; Olimp\u00edada Nacional de Qu\u00edmica"},"content":{"rendered":"\n<p>Tenemos el agrado de informar que el alumno Augusto de Ibarlucea de 6 \u00b0 Naturales A , obtuvo, en la instancia final de la&nbsp;Olimp\u00edada&nbsp;Nacional&nbsp;de Qu\u00edmica,&nbsp;<strong>&nbsp;la Medalla a las mejores calificaciones<\/strong>.&nbsp;Felicitaciones para Augusto y para el coordinador de la&nbsp;Olimp\u00edada&nbsp;de Qu\u00edmica, Prof. Alberto Azor\u00edn, por el gran esfuerzo realizado.<\/p>\n\n\n\n<p><\/p>\n\n\n\n<figure class=\"wp-block-gallery has-nested-images columns-default is-cropped wp-block-gallery-1 is-layout-flex wp-block-gallery-is-layout-flex\">\n<figure class=\"wp-block-image size-large\"><img fetchpriority=\"high\" decoding=\"async\" width=\"837\" height=\"590\" data-id=\"8397\" src=\"https:\/\/escuelas.mvl.edu.ar\/empas\/wp-content\/uploads\/sites\/3\/2022\/04\/de-ibarlucea.jpg\" alt=\"\" class=\"wp-image-8397\" srcset=\"https:\/\/escuelas.mvl.edu.ar\/empas\/wp-content\/uploads\/sites\/3\/2022\/04\/de-ibarlucea.jpg 837w, https:\/\/escuelas.mvl.edu.ar\/empas\/wp-content\/uploads\/sites\/3\/2022\/04\/de-ibarlucea-300x211.jpg 300w, https:\/\/escuelas.mvl.edu.ar\/empas\/wp-content\/uploads\/sites\/3\/2022\/04\/de-ibarlucea-768x541.jpg 768w\" sizes=\"(max-width: 837px) 100vw, 837px\" \/><\/figure>\n<\/figure>\n\n\n\n<figure class=\"wp-block-gallery has-nested-images columns-default is-cropped wp-block-gallery-2 is-layout-flex wp-block-gallery-is-layout-flex\">\n<figure class=\"wp-block-image size-large\"><img decoding=\"async\" width=\"800\" height=\"1067\" data-id=\"8511\" src=\"https:\/\/escuelas.mvl.edu.ar\/empas\/wp-content\/uploads\/sites\/3\/2022\/04\/Augusto-2.jpg\" alt=\"\" class=\"wp-image-8511\" srcset=\"https:\/\/escuelas.mvl.edu.ar\/empas\/wp-content\/uploads\/sites\/3\/2022\/04\/Augusto-2.jpg 800w, https:\/\/escuelas.mvl.edu.ar\/empas\/wp-content\/uploads\/sites\/3\/2022\/04\/Augusto-2-225x300.jpg 225w, https:\/\/escuelas.mvl.edu.ar\/empas\/wp-content\/uploads\/sites\/3\/2022\/04\/Augusto-2-768x1024.jpg 768w\" sizes=\"(max-width: 800px) 100vw, 800px\" \/><\/figure>\n\n\n\n<figure class=\"wp-block-image size-large\"><img decoding=\"async\" width=\"800\" height=\"1067\" data-id=\"8512\" src=\"https:\/\/escuelas.mvl.edu.ar\/empas\/wp-content\/uploads\/sites\/3\/2022\/04\/Augusto-3.jpg\" alt=\"\" class=\"wp-image-8512\" srcset=\"https:\/\/escuelas.mvl.edu.ar\/empas\/wp-content\/uploads\/sites\/3\/2022\/04\/Augusto-3.jpg 800w, https:\/\/escuelas.mvl.edu.ar\/empas\/wp-content\/uploads\/sites\/3\/2022\/04\/Augusto-3-225x300.jpg 225w, https:\/\/escuelas.mvl.edu.ar\/empas\/wp-content\/uploads\/sites\/3\/2022\/04\/Augusto-3-768x1024.jpg 768w\" sizes=\"(max-width: 800px) 100vw, 800px\" \/><\/figure>\n\n\n\n<figure class=\"wp-block-image size-large\"><img loading=\"lazy\" decoding=\"async\" width=\"800\" height=\"1067\" data-id=\"8513\" src=\"https:\/\/escuelas.mvl.edu.ar\/empas\/wp-content\/uploads\/sites\/3\/2022\/04\/Augusto-4.jpg\" alt=\"\" class=\"wp-image-8513\" srcset=\"https:\/\/escuelas.mvl.edu.ar\/empas\/wp-content\/uploads\/sites\/3\/2022\/04\/Augusto-4.jpg 800w, https:\/\/escuelas.mvl.edu.ar\/empas\/wp-content\/uploads\/sites\/3\/2022\/04\/Augusto-4-225x300.jpg 225w, https:\/\/escuelas.mvl.edu.ar\/empas\/wp-content\/uploads\/sites\/3\/2022\/04\/Augusto-4-768x1024.jpg 768w\" sizes=\"(max-width: 800px) 100vw, 800px\" \/><\/figure>\n\n\n\n<figure class=\"wp-block-image size-large\"><img loading=\"lazy\" decoding=\"async\" width=\"800\" height=\"1067\" data-id=\"8510\" src=\"https:\/\/escuelas.mvl.edu.ar\/empas\/wp-content\/uploads\/sites\/3\/2022\/04\/Augusto-1.jpg\" alt=\"\" class=\"wp-image-8510\" srcset=\"https:\/\/escuelas.mvl.edu.ar\/empas\/wp-content\/uploads\/sites\/3\/2022\/04\/Augusto-1.jpg 800w, https:\/\/escuelas.mvl.edu.ar\/empas\/wp-content\/uploads\/sites\/3\/2022\/04\/Augusto-1-225x300.jpg 225w, https:\/\/escuelas.mvl.edu.ar\/empas\/wp-content\/uploads\/sites\/3\/2022\/04\/Augusto-1-768x1024.jpg 768w\" sizes=\"(max-width: 800px) 100vw, 800px\" \/><\/figure>\n<\/figure>\n","protected":false},"excerpt":{"rendered":"<p>Tenemos el agrado de informar que el alumno Augusto de Ibarlucea de 6 \u00b0 Naturales A , obtuvo, en la instancia final de la&nbsp;Olimp\u00edada&nbsp;Nacional&nbsp;de Qu\u00edmica,&nbsp;&nbsp;la Medalla a las mejores calificaciones.&nbsp;Felicitaciones para Augusto y para el coordinador de la&nbsp;Olimp\u00edada&nbsp;de Qu\u00edmica, Prof. Alberto Azor\u00edn, por el gran esfuerzo realizado.<\/p>\n","protected":false},"author":8,"featured_media":0,"comment_status":"closed","ping_status":"closed","sticky":false,"template":"","format":"image","meta":{"footnotes":""},"categories":[283,53],"tags":[],"class_list":["post-8393","post","type-post","status-publish","format-image","hentry","category-comunicaciones","category-escuela-paula-albarracin","post_format-post-format-image"],"_links":{"self":[{"href":"https:\/\/escuelas.mvl.edu.ar\/empas\/wp-json\/wp\/v2\/posts\/8393","targetHints":{"allow":["GET"]}}],"collection":[{"href":"https:\/\/escuelas.mvl.edu.ar\/empas\/wp-json\/wp\/v2\/posts"}],"about":[{"href":"https:\/\/escuelas.mvl.edu.ar\/empas\/wp-json\/wp\/v2\/types\/post"}],"author":[{"embeddable":true,"href":"https:\/\/escuelas.mvl.edu.ar\/empas\/wp-json\/wp\/v2\/users\/8"}],"replies":[{"embeddable":true,"href":"https:\/\/escuelas.mvl.edu.ar\/empas\/wp-json\/wp\/v2\/comments?post=8393"}],"version-history":[{"count":5,"href":"https:\/\/escuelas.mvl.edu.ar\/empas\/wp-json\/wp\/v2\/posts\/8393\/revisions"}],"predecessor-version":[{"id":8515,"href":"https:\/\/escuelas.mvl.edu.ar\/empas\/wp-json\/wp\/v2\/posts\/8393\/revisions\/8515"}],"wp:attachment":[{"href":"https:\/\/escuelas.mvl.edu.ar\/empas\/wp-json\/wp\/v2\/media?parent=8393"}],"wp:term":[{"taxonomy":"category","embeddable":true,"href":"https:\/\/escuelas.mvl.edu.ar\/empas\/wp-json\/wp\/v2\/categories?post=8393"},{"taxonomy":"post_tag","embeddable":true,"href":"https:\/\/escuelas.mvl.edu.ar\/empas\/wp-json\/wp\/v2\/tags?post=8393"}],"curies":[{"name":"wp","href":"https:\/\/api.w.org\/{rel}","templated":true}]}}