{"id":8544,"date":"2022-06-21T10:23:24","date_gmt":"2022-06-21T10:23:24","guid":{"rendered":"https:\/\/escuelas.mvl.edu.ar\/empas\/?p=8544"},"modified":"2022-09-01T14:30:35","modified_gmt":"2022-09-01T14:30:35","slug":"parlamento-juvenil-de-vicente-lopez","status":"publish","type":"post","link":"https:\/\/escuelas.mvl.edu.ar\/empas\/2022\/06\/21\/parlamento-juvenil-de-vicente-lopez\/","title":{"rendered":"Parlamento juvenil de Vicente L\u00f3pez"},"content":{"rendered":"\n<p><strong>Felicitamos a las y los estudiantes que participaron del Parlamento juvenil de Vicente L\u00f3pez 2022. <\/strong><\/p>\n\n\n\n<p>La escuela present\u00f3 dos comisiones: <strong>G\u00e9nero y Tecnolog\u00eda.&nbsp; <\/strong><br>La Comisi\u00f3n de <strong>G\u00e9nero<\/strong> present\u00f3 el siguiente proyecto de resoluci\u00f3n<strong>:&nbsp; \u00abFomentar la educaci\u00f3n referente a las tem\u00e1ticas de diversidad y g\u00e9nero en las juventudes\u00bb.<\/strong>&nbsp;<\/p>\n\n\n\n<p>La comisi\u00f3n de <strong>Tecnolog\u00eda <\/strong>present\u00f3 el siguiente proyecto de resoluci\u00f3n:&nbsp;<strong>Modernizaci\u00f3n de la Biblioteca Popular de Olivos \u00abVicente L\u00f3pez y Planes\u00bb y creaci\u00f3n de un programa de Educaci\u00f3n digital para jardines de infantes del municipio.&nbsp;<\/strong> El Proyecto fue votado por mayor\u00eda en el plenario final,&nbsp;<strong>resultando ganador<\/strong>.<\/p>\n\n\n\n<p class=\"has-text-align-center\"><strong>Las y los estudiantes que participaron son:<\/strong><br><strong>Olivia Rago 5to Soc B<\/strong><br><strong>Alessio Caprani 5to Arte<\/strong><br><strong>Tom\u00e1s Helman 5to Arte<\/strong><br><strong>Luciana Reynoso 5to Soc A<\/strong><br><strong>Valentina Gil Monteagudo 5to Arte<\/strong><br><strong>Jazm\u00edn Pirovano 5to Soc B<\/strong><br><strong>Alejandro Rozas 5to Soc B<\/strong><br><strong>Lucas Lypka 5to Soc A<\/strong><br><strong>Carolina Cano 5to Soc A<\/strong><br><strong>Axel Zapata 5to Nat B<\/strong><\/p>\n\n\n\n<p>Cabe destacar que los estudiantes <strong>Olivia Rago<\/strong> y <strong>Alessio Caprani<\/strong>&nbsp;recibieron una <strong>distinci\u00f3n especial como oradores del evento.<\/strong><br><strong>Felicitamos tambi\u00e9n a los docentes que acompa\u00f1aron y capacitaron: Natalia Bocca, Nahuel Arrieta y Esteban Da Costa.<\/strong><\/p>\n\n\n\n<div class=\"wp-block-group\"><div class=\"wp-block-group__inner-container is-layout-flow wp-block-group-is-layout-flow\">\n<div class=\"wp-block-columns is-layout-flex wp-container-core-columns-is-layout-9d6595d7 wp-block-columns-is-layout-flex\">\n<div class=\"wp-block-column is-layout-flow wp-block-column-is-layout-flow\" style=\"flex-basis:100%\">\n<figure class=\"wp-block-image size-large\"><img fetchpriority=\"high\" decoding=\"async\" width=\"1024\" height=\"576\" src=\"https:\/\/escuelas.mvl.edu.ar\/empas\/wp-content\/uploads\/sites\/3\/2022\/06\/WhatsApp-Image-2022-06-15-at-2.58.56-PM-1024x576.jpeg\" alt=\"\" class=\"wp-image-8546\" srcset=\"https:\/\/escuelas.mvl.edu.ar\/empas\/wp-content\/uploads\/sites\/3\/2022\/06\/WhatsApp-Image-2022-06-15-at-2.58.56-PM-1024x576.jpeg 1024w, https:\/\/escuelas.mvl.edu.ar\/empas\/wp-content\/uploads\/sites\/3\/2022\/06\/WhatsApp-Image-2022-06-15-at-2.58.56-PM-300x169.jpeg 300w, https:\/\/escuelas.mvl.edu.ar\/empas\/wp-content\/uploads\/sites\/3\/2022\/06\/WhatsApp-Image-2022-06-15-at-2.58.56-PM-768x432.jpeg 768w, https:\/\/escuelas.mvl.edu.ar\/empas\/wp-content\/uploads\/sites\/3\/2022\/06\/WhatsApp-Image-2022-06-15-at-2.58.56-PM-1536x865.jpeg 1536w, https:\/\/escuelas.mvl.edu.ar\/empas\/wp-content\/uploads\/sites\/3\/2022\/06\/WhatsApp-Image-2022-06-15-at-2.58.56-PM.jpeg 1599w\" sizes=\"(max-width: 1024px) 100vw, 1024px\" \/><\/figure>\n<\/div>\n<\/div>\n<\/div><\/div>\n\n\n\n<div class=\"wp-block-group\"><div class=\"wp-block-group__inner-container is-layout-flow wp-block-group-is-layout-flow\">\n<div class=\"wp-block-columns has-background is-layout-flex wp-container-core-columns-is-layout-9d6595d7 wp-block-columns-is-layout-flex\" style=\"background:radial-gradient(rgb(238,238,238) 0%,rgb(169,184,195) 100%)\">\n<div class=\"wp-block-column is-vertically-aligned-center is-layout-flow wp-block-column-is-layout-flow\" style=\"flex-basis:66.66%\">\n<figure class=\"wp-block-image size-large\"><img decoding=\"async\" width=\"1024\" height=\"768\" src=\"https:\/\/escuelas.mvl.edu.ar\/empas\/wp-content\/uploads\/sites\/3\/2022\/06\/WhatsApp-Image-2022-06-15-at-2.59.18-PM-1024x768.jpeg\" alt=\"\" class=\"wp-image-8548\" srcset=\"https:\/\/escuelas.mvl.edu.ar\/empas\/wp-content\/uploads\/sites\/3\/2022\/06\/WhatsApp-Image-2022-06-15-at-2.59.18-PM-1024x768.jpeg 1024w, https:\/\/escuelas.mvl.edu.ar\/empas\/wp-content\/uploads\/sites\/3\/2022\/06\/WhatsApp-Image-2022-06-15-at-2.59.18-PM-300x225.jpeg 300w, https:\/\/escuelas.mvl.edu.ar\/empas\/wp-content\/uploads\/sites\/3\/2022\/06\/WhatsApp-Image-2022-06-15-at-2.59.18-PM-768x576.jpeg 768w, https:\/\/escuelas.mvl.edu.ar\/empas\/wp-content\/uploads\/sites\/3\/2022\/06\/WhatsApp-Image-2022-06-15-at-2.59.18-PM-1536x1152.jpeg 1536w, https:\/\/escuelas.mvl.edu.ar\/empas\/wp-content\/uploads\/sites\/3\/2022\/06\/WhatsApp-Image-2022-06-15-at-2.59.18-PM.jpeg 1600w\" sizes=\"(max-width: 1024px) 100vw, 1024px\" \/><\/figure>\n<\/div>\n\n\n\n<div class=\"wp-block-column is-layout-flow wp-block-column-is-layout-flow\" style=\"flex-basis:33.33%\">\n<div class=\"wp-block-image\"><figure class=\"aligncenter\"><img decoding=\"async\" width=\"473\" height=\"1024\" src=\"https:\/\/escuelas.mvl.edu.ar\/empas\/wp-content\/uploads\/sites\/3\/2022\/06\/WhatsApp-Image-2022-06-15-at-3.00.01-PM-473x1024.jpeg\" alt=\"\" class=\"wp-image-8547\" srcset=\"https:\/\/escuelas.mvl.edu.ar\/empas\/wp-content\/uploads\/sites\/3\/2022\/06\/WhatsApp-Image-2022-06-15-at-3.00.01-PM-473x1024.jpeg 473w, https:\/\/escuelas.mvl.edu.ar\/empas\/wp-content\/uploads\/sites\/3\/2022\/06\/WhatsApp-Image-2022-06-15-at-3.00.01-PM-138x300.jpeg 138w, https:\/\/escuelas.mvl.edu.ar\/empas\/wp-content\/uploads\/sites\/3\/2022\/06\/WhatsApp-Image-2022-06-15-at-3.00.01-PM-709x1536.jpeg 709w, https:\/\/escuelas.mvl.edu.ar\/empas\/wp-content\/uploads\/sites\/3\/2022\/06\/WhatsApp-Image-2022-06-15-at-3.00.01-PM.jpeg 720w\" sizes=\"(max-width: 473px) 100vw, 473px\" \/><\/figure><\/div>\n<\/div>\n<\/div>\n<\/div><\/div>\n\n\n\n<figure class=\"wp-block-image size-large\"><img loading=\"lazy\" decoding=\"async\" width=\"1024\" height=\"768\" src=\"https:\/\/escuelas.mvl.edu.ar\/empas\/wp-content\/uploads\/sites\/3\/2022\/06\/WhatsApp-Image-2022-06-15-at-3.00.00-PM-1024x768.jpeg\" alt=\"\" class=\"wp-image-8549\" srcset=\"https:\/\/escuelas.mvl.edu.ar\/empas\/wp-content\/uploads\/sites\/3\/2022\/06\/WhatsApp-Image-2022-06-15-at-3.00.00-PM-1024x768.jpeg 1024w, https:\/\/escuelas.mvl.edu.ar\/empas\/wp-content\/uploads\/sites\/3\/2022\/06\/WhatsApp-Image-2022-06-15-at-3.00.00-PM-300x225.jpeg 300w, https:\/\/escuelas.mvl.edu.ar\/empas\/wp-content\/uploads\/sites\/3\/2022\/06\/WhatsApp-Image-2022-06-15-at-3.00.00-PM-768x576.jpeg 768w, https:\/\/escuelas.mvl.edu.ar\/empas\/wp-content\/uploads\/sites\/3\/2022\/06\/WhatsApp-Image-2022-06-15-at-3.00.00-PM.jpeg 1280w\" sizes=\"(max-width: 1024px) 100vw, 1024px\" \/><\/figure>\n","protected":false},"excerpt":{"rendered":"<p>Felicitamos a las y los estudiantes que participaron del Parlamento juvenil de Vicente L\u00f3pez 2022. La escuela present\u00f3 dos comisiones: G\u00e9nero y Tecnolog\u00eda.&nbsp; La Comisi\u00f3n de G\u00e9nero present\u00f3 el siguiente proyecto de resoluci\u00f3n:&nbsp; \u00abFomentar la educaci\u00f3n referente a las tem\u00e1ticas de diversidad y g\u00e9nero en las juventudes\u00bb.&nbsp; La comisi\u00f3n de Tecnolog\u00eda present\u00f3 el siguiente proyecto de resoluci\u00f3n:&nbsp;Modernizaci\u00f3n de la Biblioteca Popular de Olivos \u00abVicente L\u00f3pez y Planes\u00bb y creaci\u00f3n de un programa de Educaci\u00f3n digital para jardines de infantes del municipio.&nbsp; El Proyecto fue votado por mayor\u00eda en el plenario final,&nbsp;resultando ganador. Las y los estudiantes que participaron son:Olivia Rago 5to Soc BAlessio Caprani 5to ArteTom\u00e1s Helman 5to ArteLuciana Reynoso 5to Soc AValentina Gil Monteagudo 5to ArteJazm\u00edn Pirovano 5to Soc BAlejandro Rozas 5to Soc BLucas Lypka 5to Soc ACarolina Cano 5to Soc AAxel Zapata 5to Nat B Cabe destacar que los estudiantes Olivia Rago y Alessio Caprani&nbsp;recibieron una distinci\u00f3n especial como oradores del evento.Felicitamos tambi\u00e9n a los docentes que acompa\u00f1aron y capacitaron: Natalia Bocca, Nahuel Arrieta y Esteban Da Costa.<\/p>\n","protected":false},"author":110,"featured_media":0,"comment_status":"closed","ping_status":"closed","sticky":false,"template":"","format":"standard","meta":{"footnotes":""},"categories":[283,53,1],"tags":[],"class_list":["post-8544","post","type-post","status-publish","format-standard","hentry","category-comunicaciones","category-escuela-paula-albarracin","category-sin-categoria"],"_links":{"self":[{"href":"https:\/\/escuelas.mvl.edu.ar\/empas\/wp-json\/wp\/v2\/posts\/8544","targetHints":{"allow":["GET"]}}],"collection":[{"href":"https:\/\/escuelas.mvl.edu.ar\/empas\/wp-json\/wp\/v2\/posts"}],"about":[{"href":"https:\/\/escuelas.mvl.edu.ar\/empas\/wp-json\/wp\/v2\/types\/post"}],"author":[{"embeddable":true,"href":"https:\/\/escuelas.mvl.edu.ar\/empas\/wp-json\/wp\/v2\/users\/110"}],"replies":[{"embeddable":true,"href":"https:\/\/escuelas.mvl.edu.ar\/empas\/wp-json\/wp\/v2\/comments?post=8544"}],"version-history":[{"count":10,"href":"https:\/\/escuelas.mvl.edu.ar\/empas\/wp-json\/wp\/v2\/posts\/8544\/revisions"}],"predecessor-version":[{"id":8559,"href":"https:\/\/escuelas.mvl.edu.ar\/empas\/wp-json\/wp\/v2\/posts\/8544\/revisions\/8559"}],"wp:attachment":[{"href":"https:\/\/escuelas.mvl.edu.ar\/empas\/wp-json\/wp\/v2\/media?parent=8544"}],"wp:term":[{"taxonomy":"category","embeddable":true,"href":"https:\/\/escuelas.mvl.edu.ar\/empas\/wp-json\/wp\/v2\/categories?post=8544"},{"taxonomy":"post_tag","embeddable":true,"href":"https:\/\/escuelas.mvl.edu.ar\/empas\/wp-json\/wp\/v2\/tags?post=8544"}],"curies":[{"name":"wp","href":"https:\/\/api.w.org\/{rel}","templated":true}]}}