{"id":8604,"date":"2022-07-01T18:34:03","date_gmt":"2022-07-01T18:34:03","guid":{"rendered":"https:\/\/escuelas.mvl.edu.ar\/empas\/?p=8604"},"modified":"2022-07-01T18:42:59","modified_gmt":"2022-07-01T18:42:59","slug":"dia-internacional-del-orgullo","status":"publish","type":"post","link":"https:\/\/escuelas.mvl.edu.ar\/empas\/2022\/07\/01\/dia-internacional-del-orgullo\/","title":{"rendered":"D\u00eda Internacional del Orgullo"},"content":{"rendered":"\n<p><strong>En la escuela realizamos actividades durante toda la semana.&nbsp;Desde la comisi\u00f3n de g\u00e9nero del CEPAS se realizaron intervenciones y pintadas durante los recreos. Y, desde la coordinaci\u00f3n de ESI junto con preceptores\/as, se invit\u00f3 a la reflexi\u00f3n en cada curso con la proyecci\u00f3n del siguiente v\u00eddeo y un recorrido hist\u00f3rico de la marcha del orgullo en nuestro pa\u00eds para reivindicar el d\u00eda del orgullo y continuar reclamando por la ampliaci\u00f3n de derechos a toda la comunidad LGBTQ+.&nbsp;<\/strong><\/p>\n\n\n\n<p><\/p>\n\n\n\n<figure class=\"wp-block-embed aligncenter is-type-video is-provider-youtube wp-block-embed-youtube wp-embed-aspect-16-9 wp-has-aspect-ratio\"><div class=\"wp-block-embed__wrapper\">\n<iframe title=\"Qui\u00e9nes lucharon por conquistar estos derechos: Orgullo LGBTQI+ en Argentina\" width=\"648\" height=\"365\" src=\"https:\/\/www.youtube.com\/embed\/Y6Ie8Kn9KtY?feature=oembed\" frameborder=\"0\" allow=\"accelerometer; autoplay; clipboard-write; encrypted-media; gyroscope; picture-in-picture; web-share\" referrerpolicy=\"strict-origin-when-cross-origin\" allowfullscreen><\/iframe>\n<\/div><\/figure>\n","protected":false},"excerpt":{"rendered":"<p>En la escuela realizamos actividades durante toda la semana.&nbsp;Desde la comisi\u00f3n de g\u00e9nero del CEPAS se realizaron intervenciones y pintadas durante los recreos. Y, desde la coordinaci\u00f3n de ESI junto con preceptores\/as, se invit\u00f3 a la reflexi\u00f3n en cada curso con la proyecci\u00f3n del siguiente v\u00eddeo y un recorrido hist\u00f3rico de la marcha del orgullo en nuestro pa\u00eds para reivindicar el d\u00eda del orgullo y continuar reclamando por la ampliaci\u00f3n de derechos a toda la comunidad LGBTQ+.&nbsp;<\/p>\n","protected":false},"author":24,"featured_media":0,"comment_status":"closed","ping_status":"closed","sticky":false,"template":"","format":"standard","meta":{"footnotes":""},"categories":[53],"tags":[],"class_list":["post-8604","post","type-post","status-publish","format-standard","hentry","category-escuela-paula-albarracin"],"_links":{"self":[{"href":"https:\/\/escuelas.mvl.edu.ar\/empas\/wp-json\/wp\/v2\/posts\/8604","targetHints":{"allow":["GET"]}}],"collection":[{"href":"https:\/\/escuelas.mvl.edu.ar\/empas\/wp-json\/wp\/v2\/posts"}],"about":[{"href":"https:\/\/escuelas.mvl.edu.ar\/empas\/wp-json\/wp\/v2\/types\/post"}],"author":[{"embeddable":true,"href":"https:\/\/escuelas.mvl.edu.ar\/empas\/wp-json\/wp\/v2\/users\/24"}],"replies":[{"embeddable":true,"href":"https:\/\/escuelas.mvl.edu.ar\/empas\/wp-json\/wp\/v2\/comments?post=8604"}],"version-history":[{"count":2,"href":"https:\/\/escuelas.mvl.edu.ar\/empas\/wp-json\/wp\/v2\/posts\/8604\/revisions"}],"predecessor-version":[{"id":8606,"href":"https:\/\/escuelas.mvl.edu.ar\/empas\/wp-json\/wp\/v2\/posts\/8604\/revisions\/8606"}],"wp:attachment":[{"href":"https:\/\/escuelas.mvl.edu.ar\/empas\/wp-json\/wp\/v2\/media?parent=8604"}],"wp:term":[{"taxonomy":"category","embeddable":true,"href":"https:\/\/escuelas.mvl.edu.ar\/empas\/wp-json\/wp\/v2\/categories?post=8604"},{"taxonomy":"post_tag","embeddable":true,"href":"https:\/\/escuelas.mvl.edu.ar\/empas\/wp-json\/wp\/v2\/tags?post=8604"}],"curies":[{"name":"wp","href":"https:\/\/api.w.org\/{rel}","templated":true}]}}