{"id":8764,"date":"2022-09-15T20:15:36","date_gmt":"2022-09-15T20:15:36","guid":{"rendered":"https:\/\/escuelas.mvl.edu.ar\/empas\/?p=8764"},"modified":"2022-09-15T20:15:37","modified_gmt":"2022-09-15T20:15:37","slug":"concurso-literario-ana-frank-2","status":"publish","type":"post","link":"https:\/\/escuelas.mvl.edu.ar\/empas\/2022\/09\/15\/concurso-literario-ana-frank-2\/","title":{"rendered":"Concurso Literario \u00abANA FRANK\u00bb"},"content":{"rendered":"\n<p class=\"has-text-align-left\">Nos fue muy grato recibir la noticia, la semana pasada, desde el Comit\u00e9 organizador del concurso literario <strong>Ana Frank<\/strong>, que <strong>Olivia Rosello<\/strong>, alumna de <strong>3er a\u00f1o \u00abB\u00bb<\/strong>, hab\u00eda sido <strong>una de las ganadoras en categor\u00eda 1 para escritores entre 13 a 15 a\u00f1os.<\/strong><\/p>\n\n\n\n<p class=\"has-text-align-left\">Nos sentimos muy orgullosos como instituci\u00f3n ya es el <strong>quinto a\u00f1o consecutivo<\/strong> en que nuestros estudiantes de<strong> 3er a\u00f1o <\/strong>participan y son elegidos <strong>ganadores<\/strong> por un jurado constituido por treinta lectores, todos ellos, <strong>escritores y docentes<\/strong>.<\/p>\n\n\n\n<p class=\"has-text-align-left\">El <strong>Centro Ana Frank<\/strong>, a\u00f1o a a\u00f1o promueve desaf\u00edos en las consignas de escritura desde los g\u00e9neros y tem\u00e1ticas propuestas, que estimulan la b\u00fasqueda e material informativo, la lectura de otros textos que abordan esos temas y sobre todo, la reflexi\u00f3n acerca de la discriminaci\u00f3n, la intolerancia.<\/p>\n\n\n\n<p class=\"has-text-align-left\"><strong>Los cuentos de las 4 categor\u00edas ser\u00e1n publicados por la editorial Eudeba.<\/strong><\/p>\n\n\n\n<p class=\"has-text-align-left\">La ceremonia de <strong>premiaci\u00f3n <\/strong>fue muy emotiva: asistieron <strong>estudiantes ganadores<\/strong> de diversas provincias, Tucum\u00e1n, Santiago del Estero, C\u00f3rdoba, Buenos Aires.<\/p>\n\n\n\n<p class=\"has-text-align-left\"><strong>\u00a1Felicitaciones para todos ellos y para Olivia!<\/strong><\/p>\n\n\n\n<p class=\"has-text-align-left\"><strong>&#8230;y un reconocimiento especial a su docente la Prof. Laura Gim\u00e9nez que logr\u00f3 a\u00f1o tras a\u00f1o estimular a sus estudiantes en el desarrollo de sus habilidades como escritores.<\/strong><br><\/p>\n\n\n\n<p><\/p>\n\n\n\n<figure class=\"wp-block-image size-full\"><img fetchpriority=\"high\" decoding=\"async\" width=\"1024\" height=\"1024\" src=\"https:\/\/escuelas.mvl.edu.ar\/empas\/wp-content\/uploads\/sites\/3\/2022\/09\/image1.jpeg\" alt=\"\" class=\"wp-image-8767\" srcset=\"https:\/\/escuelas.mvl.edu.ar\/empas\/wp-content\/uploads\/sites\/3\/2022\/09\/image1.jpeg 1024w, https:\/\/escuelas.mvl.edu.ar\/empas\/wp-content\/uploads\/sites\/3\/2022\/09\/image1-300x300.jpeg 300w, https:\/\/escuelas.mvl.edu.ar\/empas\/wp-content\/uploads\/sites\/3\/2022\/09\/image1-150x150.jpeg 150w, https:\/\/escuelas.mvl.edu.ar\/empas\/wp-content\/uploads\/sites\/3\/2022\/09\/image1-768x768.jpeg 768w, https:\/\/escuelas.mvl.edu.ar\/empas\/wp-content\/uploads\/sites\/3\/2022\/09\/image1-60x60.jpeg 60w\" sizes=\"(max-width: 1024px) 100vw, 1024px\" \/><\/figure>\n\n\n\n<figure class=\"wp-block-image size-full\"><img decoding=\"async\" width=\"1024\" height=\"1024\" src=\"https:\/\/escuelas.mvl.edu.ar\/empas\/wp-content\/uploads\/sites\/3\/2022\/09\/image0.jpeg\" alt=\"\" class=\"wp-image-8768\" srcset=\"https:\/\/escuelas.mvl.edu.ar\/empas\/wp-content\/uploads\/sites\/3\/2022\/09\/image0.jpeg 1024w, https:\/\/escuelas.mvl.edu.ar\/empas\/wp-content\/uploads\/sites\/3\/2022\/09\/image0-300x300.jpeg 300w, https:\/\/escuelas.mvl.edu.ar\/empas\/wp-content\/uploads\/sites\/3\/2022\/09\/image0-150x150.jpeg 150w, https:\/\/escuelas.mvl.edu.ar\/empas\/wp-content\/uploads\/sites\/3\/2022\/09\/image0-768x768.jpeg 768w, https:\/\/escuelas.mvl.edu.ar\/empas\/wp-content\/uploads\/sites\/3\/2022\/09\/image0-60x60.jpeg 60w\" sizes=\"(max-width: 1024px) 100vw, 1024px\" \/><\/figure>\n","protected":false},"excerpt":{"rendered":"<p>Nos fue muy grato recibir la noticia, la semana pasada, desde el Comit\u00e9 organizador del concurso literario Ana Frank, que Olivia Rosello, alumna de 3er a\u00f1o \u00abB\u00bb, hab\u00eda sido una de las ganadoras en categor\u00eda 1 para escritores entre 13 a 15 a\u00f1os. Nos sentimos muy orgullosos como instituci\u00f3n ya es el quinto a\u00f1o consecutivo en que nuestros estudiantes de 3er a\u00f1o participan y son elegidos ganadores por un jurado constituido por treinta lectores, todos ellos, escritores y docentes. El Centro Ana Frank, a\u00f1o a a\u00f1o promueve desaf\u00edos en las consignas de escritura desde los g\u00e9neros y tem\u00e1ticas propuestas, que estimulan la b\u00fasqueda e material informativo, la lectura de otros textos que abordan esos temas y sobre todo, la reflexi\u00f3n acerca de la discriminaci\u00f3n, la intolerancia. Los cuentos de las 4 categor\u00edas ser\u00e1n publicados por la editorial Eudeba. La ceremonia de premiaci\u00f3n fue muy emotiva: asistieron estudiantes ganadores de diversas provincias, Tucum\u00e1n, Santiago del Estero, C\u00f3rdoba, Buenos Aires. \u00a1Felicitaciones para todos ellos y para Olivia! &#8230;y un reconocimiento especial a su docente la Prof. Laura Gim\u00e9nez que logr\u00f3 a\u00f1o tras a\u00f1o estimular a sus estudiantes en el desarrollo de sus habilidades como escritores.<\/p>\n","protected":false},"author":110,"featured_media":0,"comment_status":"closed","ping_status":"closed","sticky":false,"template":"","format":"standard","meta":{"footnotes":""},"categories":[283,53],"tags":[],"class_list":["post-8764","post","type-post","status-publish","format-standard","hentry","category-comunicaciones","category-escuela-paula-albarracin"],"_links":{"self":[{"href":"https:\/\/escuelas.mvl.edu.ar\/empas\/wp-json\/wp\/v2\/posts\/8764","targetHints":{"allow":["GET"]}}],"collection":[{"href":"https:\/\/escuelas.mvl.edu.ar\/empas\/wp-json\/wp\/v2\/posts"}],"about":[{"href":"https:\/\/escuelas.mvl.edu.ar\/empas\/wp-json\/wp\/v2\/types\/post"}],"author":[{"embeddable":true,"href":"https:\/\/escuelas.mvl.edu.ar\/empas\/wp-json\/wp\/v2\/users\/110"}],"replies":[{"embeddable":true,"href":"https:\/\/escuelas.mvl.edu.ar\/empas\/wp-json\/wp\/v2\/comments?post=8764"}],"version-history":[{"count":8,"href":"https:\/\/escuelas.mvl.edu.ar\/empas\/wp-json\/wp\/v2\/posts\/8764\/revisions"}],"predecessor-version":[{"id":8774,"href":"https:\/\/escuelas.mvl.edu.ar\/empas\/wp-json\/wp\/v2\/posts\/8764\/revisions\/8774"}],"wp:attachment":[{"href":"https:\/\/escuelas.mvl.edu.ar\/empas\/wp-json\/wp\/v2\/media?parent=8764"}],"wp:term":[{"taxonomy":"category","embeddable":true,"href":"https:\/\/escuelas.mvl.edu.ar\/empas\/wp-json\/wp\/v2\/categories?post=8764"},{"taxonomy":"post_tag","embeddable":true,"href":"https:\/\/escuelas.mvl.edu.ar\/empas\/wp-json\/wp\/v2\/tags?post=8764"}],"curies":[{"name":"wp","href":"https:\/\/api.w.org\/{rel}","templated":true}]}}