{"id":915,"date":"2014-08-28T00:00:00","date_gmt":"2014-08-28T00:00:00","guid":{"rendered":"https:\/\/escuelas.mvl.edu.ar\/empas\/2014\/08\/28\/ingreso-a-2-ano-ciclo-lectivo-2015\/"},"modified":"2022-04-14T12:37:49","modified_gmt":"2022-04-14T12:37:49","slug":"ingreso-a-2-ano-ciclo-lectivo-2015","status":"publish","type":"post","link":"https:\/\/escuelas.mvl.edu.ar\/empas\/2014\/08\/28\/ingreso-a-2-ano-ciclo-lectivo-2015\/","title":{"rendered":"Ingreso a 2\u00b0 a\u00f1o &#8211; Ciclo Lectivo 2016"},"content":{"rendered":"<div id=\"centrado\"><span style=\"font-size: 12pt;\"><strong><span style=\"text-decoration: underline;\"><span style=\"font-size: 14pt;\">Pre-Inscripci\u00f3n<br \/><span style=\"font-size: 12pt;\"><br \/><\/span><\/span><\/span><em><img decoding=\"async\" data-id=\"11066\" src=\"https:\/\/escuelas.mvl.edu.ar\/empas\/wp-content\/uploads\/sites\/3\/2022\/04\/Very-Basic-Ok-icon-150x150.png\" alt=\"Vi\u00f1eta\" width=\"15\" height=\"15\" class=\"alignnone wp-image-11066\" \/>\u00a0Sujeto a vacantes disponibles<\/em><\/strong><\/span><br \/><span style=\"font-size: 12pt;\"><img decoding=\"async\" data-id=\"11066\" src=\"https:\/\/escuelas.mvl.edu.ar\/empas\/wp-content\/uploads\/sites\/3\/2022\/04\/Very-Basic-Ok-icon-150x150.png\" alt=\"Vi\u00f1eta\" width=\"15\" height=\"15\" class=\"alignnone wp-image-11066\" \/>\u00a0Fecha: 09<strong>\/11\/15 al 27\/11\/15<\/strong><\/span><br \/><span style=\"font-size: 12pt;\"><img decoding=\"async\" data-id=\"11066\" src=\"https:\/\/escuelas.mvl.edu.ar\/empas\/wp-content\/uploads\/sites\/3\/2022\/04\/Very-Basic-Ok-icon-150x150.png\" alt=\"Vi\u00f1eta\" width=\"15\" height=\"15\" class=\"alignnone wp-image-11066\" \/>\u00a0Horario:\u00a0<strong>09:00 a 11:00 y 14:00 a 16:00 hs.<\/strong><\/span><br \/><span style=\"font-size: 12pt;\"><img decoding=\"async\" data-id=\"11066\" src=\"https:\/\/escuelas.mvl.edu.ar\/empas\/wp-content\/uploads\/sites\/3\/2022\/04\/Very-Basic-Ok-icon-150x150.png\" alt=\"Vi\u00f1eta\" width=\"15\" height=\"15\" class=\"alignnone wp-image-11066\" \/>\u00a0Traer\u00a0<strong>DNI<\/strong>\u00a0del Ingresante<\/span><br \/><span style=\"font-size: 12pt;\"><img decoding=\"async\" data-id=\"11066\" src=\"https:\/\/escuelas.mvl.edu.ar\/empas\/wp-content\/uploads\/sites\/3\/2022\/04\/Very-Basic-Ok-icon-150x150.png\" alt=\"Vi\u00f1eta\" width=\"15\" height=\"15\" class=\"alignnone wp-image-11066\" \/>\u00a0El orden de llegada a la pre-inscripci\u00f3n\u00a0<strong>NO<\/strong>\u00a0garantiza la obtenci\u00f3n de la vacante.<\/span><br \/><span style=\"font-size: 12pt;\"><img decoding=\"async\" data-id=\"11066\" src=\"https:\/\/escuelas.mvl.edu.ar\/empas\/wp-content\/uploads\/sites\/3\/2022\/04\/Very-Basic-Ok-icon-150x150.png\" alt=\"Vi\u00f1eta\" width=\"15\" height=\"15\" class=\"alignnone wp-image-11066\" \/>\u00a0El turno en el cual realice la pre-inscripci\u00f3n\u00a0<strong>NO<\/strong>\u00a0garantiza el turno en el cual obtenga la vacante.<br \/><img decoding=\"async\" data-id=\"11066\" src=\"https:\/\/escuelas.mvl.edu.ar\/empas\/wp-content\/uploads\/sites\/3\/2022\/04\/Very-Basic-Ok-icon-150x150.png\" alt=\"Vi\u00f1eta\" width=\"15\" height=\"15\" class=\"alignnone wp-image-11066\" \/>\u00a0Una vez aprobada la evaluaci\u00f3n de nivelaci\u00f3n, tendr\u00e1n prioridad aquellos ingresantes residentes en el Partido de Vicente L\u00f3pez.<\/span><\/p>\n<p><span style=\"text-decoration: underline;\"><span style=\"font-size: 14pt;\"><strong>Evaluaci\u00f3n de Nivelaci\u00f3n<\/strong><\/span><\/span><\/p>\n<\/div>\n<p><span style=\"font-size: 12pt;\"><img decoding=\"async\" data-id=\"11066\" src=\"https:\/\/escuelas.mvl.edu.ar\/empas\/wp-content\/uploads\/sites\/3\/2022\/04\/Very-Basic-Ok-icon-150x150.png\" alt=\"Vi\u00f1eta\" width=\"15\" height=\"15\" class=\"alignnone wp-image-11066\" \/>\u00a0Fecha:\u00a0<strong>Jueves 18\/02\/16<\/strong><\/span><br \/><span style=\"font-size: 12pt;\"><img decoding=\"async\" data-id=\"11066\" src=\"https:\/\/escuelas.mvl.edu.ar\/empas\/wp-content\/uploads\/sites\/3\/2022\/04\/Very-Basic-Ok-icon-150x150.png\" alt=\"Vi\u00f1eta\" width=\"15\" height=\"15\" class=\"alignnone wp-image-11066\" \/>\u00a0Horario:\u00a0<strong>08:00 a 12:00 hs.<\/strong><\/span><br \/><span style=\"font-size: 12pt;\"><img decoding=\"async\" data-id=\"11066\" src=\"https:\/\/escuelas.mvl.edu.ar\/empas\/wp-content\/uploads\/sites\/3\/2022\/04\/Very-Basic-Ok-icon-150x150.png\" alt=\"Vi\u00f1eta\" width=\"15\" height=\"15\" class=\"alignnone wp-image-11066\" \/>\u00a0Materias\/\u00e1reas:\u00a0<strong>Pr\u00e1cticas del Lenguaje y Matem\u00e1tica<\/strong><\/span><br \/><span style=\"font-size: 12pt;\"><img decoding=\"async\" data-id=\"11066\" src=\"https:\/\/escuelas.mvl.edu.ar\/empas\/wp-content\/uploads\/sites\/3\/2022\/04\/Very-Basic-Ok-icon-150x150.png\" alt=\"Vi\u00f1eta\" width=\"15\" height=\"15\" class=\"alignnone wp-image-11066\" \/>\u00a0Programas de estudio:\u00a0<span style=\"color: #0000ff; background-color: #ffffff;\"><span style=\"text-decoration: underline;\"><a href=\"https:\/\/drive.google.com\/open?id=0B5pWJEcvHVwiQVEwdW5zX2NFZFU\" target=\"_blank\" rel=\"noopener noreferrer\"><span style=\"color: #0000ff; text-decoration: underline; background-color: #ffffff;\">Pr\u00e1cticas del Lenguaje<\/span><\/a><\/span>\u00a0y\u00a0<span style=\"text-decoration: underline;\"><a href=\"https:\/\/drive.google.com\/open?id=0B5pWJEcvHVwiWER3aHV4NVU2cU0\" target=\"_blank\" rel=\"noopener noreferrer\"><span style=\"color: #0000ff; text-decoration: underline; background-color: #ffffff;\">Matem\u00e1tica<\/span><\/a><\/span><\/span><\/span><br \/><span style=\"font-size: 12pt;\"><img decoding=\"async\" data-id=\"11066\" src=\"https:\/\/escuelas.mvl.edu.ar\/empas\/wp-content\/uploads\/sites\/3\/2022\/04\/Very-Basic-Ok-icon-150x150.png\" alt=\"Vi\u00f1eta\" width=\"15\" height=\"15\" class=\"alignnone wp-image-11066\" \/>\u00a0Para las evaluaciones se deber\u00e1 traer:<\/span><br \/><span style=\"font-size: 12pt;\">\u00a0 \u00a0 \u00a0<img decoding=\"async\" data-id=\"11066\" src=\"https:\/\/escuelas.mvl.edu.ar\/empas\/wp-content\/uploads\/sites\/3\/2022\/04\/Very-Basic-Ok-icon-150x150.png\" alt=\"Vi\u00f1eta\" width=\"15\" height=\"15\" class=\"alignnone wp-image-11066\" \/>\u00a0<strong><em>DNI de alumno\u00a0<\/em><\/strong><\/span><br \/><span style=\"font-size: 12pt;\"><strong><em>\u00a0 \u00a0 \u00a0<img decoding=\"async\" data-id=\"11066\" src=\"https:\/\/escuelas.mvl.edu.ar\/empas\/wp-content\/uploads\/sites\/3\/2022\/04\/Very-Basic-Ok-icon-150x150.png\" alt=\"Vi\u00f1eta\" width=\"15\" height=\"15\" class=\"alignnone wp-image-11066\" \/>\u00a0\u00datiles escolares con elementos de geometr\u00eda<\/em><\/strong><\/span><br \/><span style=\"font-size: 12pt;\"><strong><em>\u00a0 \u00a0 \u00a0<img decoding=\"async\" data-id=\"11066\" src=\"https:\/\/escuelas.mvl.edu.ar\/empas\/wp-content\/uploads\/sites\/3\/2022\/04\/Very-Basic-Ok-icon-150x150.png\" alt=\"Vi\u00f1eta\" width=\"15\" height=\"15\" class=\"alignnone wp-image-11066\" \/>\u00a0Hojas rayadas y cuadriculadas<\/em><\/strong><\/span><br \/><span style=\"font-size: 12pt;\"><strong><em>\u00a0 \u00a0 \u00a0<img decoding=\"async\" data-id=\"11066\" src=\"https:\/\/escuelas.mvl.edu.ar\/empas\/wp-content\/uploads\/sites\/3\/2022\/04\/Very-Basic-Ok-icon-150x150.png\" alt=\"Vi\u00f1eta\" width=\"15\" height=\"15\" class=\"alignnone wp-image-11066\" \/>\u00a0No se podr\u00e1 utilizar calculadora<\/em><\/strong><\/span><br \/><span style=\"font-size: 12pt;\">Los resultados se publicar\u00e1n el d\u00eda (a definir)\u00a0a partir de las 15:00 en cartelera y en\u00a0este sitio web.<\/span><\/p>\n<p><span style=\"text-decoration: underline;\"><span style=\"font-size: 14pt;\"><strong>Matriculaci\u00f3n<\/strong><\/span><\/span><br \/><span style=\"font-size: 12pt;\"><br \/><img decoding=\"async\" data-id=\"11066\" src=\"https:\/\/escuelas.mvl.edu.ar\/empas\/wp-content\/uploads\/sites\/3\/2022\/04\/Very-Basic-Ok-icon-150x150.png\" alt=\"Vi\u00f1eta\" width=\"15\" height=\"15\" class=\"alignnone wp-image-11066\" \/>\u00a0Fecha:\u00a0<strong>24 y 25 de febrero de 2016<\/strong><\/span><br \/><span style=\"font-size: 12pt;\"><img decoding=\"async\" data-id=\"11066\" src=\"https:\/\/escuelas.mvl.edu.ar\/empas\/wp-content\/uploads\/sites\/3\/2022\/04\/Very-Basic-Ok-icon-150x150.png\" alt=\"Vi\u00f1eta\" width=\"15\" height=\"15\" class=\"alignnone wp-image-11066\" \/>\u00a0Horario: <strong>09:00 a 12:00 hs<\/strong>.<\/span><br \/><span style=\"font-size: 12pt;\"><img decoding=\"async\" data-id=\"11066\" src=\"https:\/\/escuelas.mvl.edu.ar\/empas\/wp-content\/uploads\/sites\/3\/2022\/04\/Very-Basic-Ok-icon-150x150.png\" alt=\"Vi\u00f1eta\" width=\"15\" height=\"15\" class=\"alignnone wp-image-11066\" \/>\u00a0Traer (en un folio transparente tama\u00f1o oficio):<\/span><br \/><span style=\"font-size: 12pt;\">\u00a0 \u00a0 \u00a0<img decoding=\"async\" data-id=\"11066\" src=\"https:\/\/escuelas.mvl.edu.ar\/empas\/wp-content\/uploads\/sites\/3\/2022\/04\/Very-Basic-Ok-icon-150x150.png\" alt=\"Vi\u00f1eta\" width=\"15\" height=\"15\" class=\"alignnone wp-image-11066\" \/>\u00a0\u00a0<span style=\"text-decoration: underline;\"><span style=\"color: #0000ff; background-color: #ffffff;\"><a href=\"https:\/\/drive.google.com\/open?id=0B8CPnvCWp4IYWnJzUGZhQ2pYOW8&#038;authuser=0\" target=\"_blank\" rel=\"noopener noreferrer\"><span style=\"color: #0000ff; text-decoration: underline; background-color: #ffffff;\">Matr\u00edcula completa<\/span><\/a><\/span><\/span><\/span><br \/><span style=\"font-size: 12pt;\"><strong><em>\u00a0 \u00a0 \u00a0<img decoding=\"async\" data-id=\"11066\" src=\"https:\/\/escuelas.mvl.edu.ar\/empas\/wp-content\/uploads\/sites\/3\/2022\/04\/Very-Basic-Ok-icon-150x150.png\" alt=\"Vi\u00f1eta\" width=\"15\" height=\"15\" class=\"alignnone wp-image-11066\" \/>\u00a0Fotocopia de DNI (1a\u00a0y 2a hoja \/ cambio de domicilio)<\/em><\/strong><\/span><br \/><span style=\"font-size: 12pt;\"><strong><em>\u00a0 \u00a0 \u00a0<img decoding=\"async\" data-id=\"11066\" src=\"https:\/\/escuelas.mvl.edu.ar\/empas\/wp-content\/uploads\/sites\/3\/2022\/04\/Very-Basic-Ok-icon-150x150.png\" alt=\"Vi\u00f1eta\" width=\"15\" height=\"15\" class=\"alignnone wp-image-11066\" \/>\u00a0Fotocopia de Partida de Nacimiento<\/em><\/strong><\/span><br \/><span style=\"font-size: 12pt;\"><strong><em>\u00a0 \u00a0 \u00a0<img decoding=\"async\" data-id=\"11066\" src=\"https:\/\/escuelas.mvl.edu.ar\/empas\/wp-content\/uploads\/sites\/3\/2022\/04\/Very-Basic-Ok-icon-150x150.png\" alt=\"Vi\u00f1eta\" width=\"15\" height=\"15\" class=\"alignnone wp-image-11066\" \/>\u00a0Foto 4&#215;4<\/em><\/strong><\/span><br \/><span style=\"font-size: 12pt;\"><strong><em>\u00a0 \u00a0 \u00a0<img decoding=\"async\" data-id=\"11066\" src=\"https:\/\/escuelas.mvl.edu.ar\/empas\/wp-content\/uploads\/sites\/3\/2022\/04\/Very-Basic-Ok-icon-150x150.png\" alt=\"Vi\u00f1eta\" width=\"15\" height=\"15\" class=\"alignnone wp-image-11066\" \/>\u00a0Fotocopia de Certificado de vacunaci\u00f3n<\/em><\/strong><\/span><\/p>\n<div><span style=\"font-size: 12pt;\">Solicitar la constancia de vacante otorgada en esta Escuela para tramitar el pase concedido y el certificado anal\u00edtico en\u00a0la\u00a0escuela de origen.<\/span><\/div>\n","protected":false},"excerpt":{"rendered":"<p>Pre-Inscripci\u00f3n\u00a0Sujeto a vacantes disponibles\u00a0Fecha: 09\/11\/15 al 27\/11\/15\u00a0Horario:\u00a009:00 a 11:00 y 14:00 a 16:00 hs.\u00a0Traer\u00a0DNI\u00a0del Ingresante\u00a0El orden de llegada a la pre-inscripci\u00f3n\u00a0NO\u00a0garantiza la obtenci\u00f3n de la vacante.\u00a0El turno en el cual realice la pre-inscripci\u00f3n\u00a0NO\u00a0garantiza el turno en el cual obtenga la vacante.\u00a0Una vez aprobada la evaluaci\u00f3n de nivelaci\u00f3n, tendr\u00e1n prioridad aquellos ingresantes residentes en el Partido de Vicente L\u00f3pez. Evaluaci\u00f3n de Nivelaci\u00f3n \u00a0Fecha:\u00a0Jueves 18\/02\/16\u00a0Horario:\u00a008:00 a 12:00 hs.\u00a0Materias\/\u00e1reas:\u00a0Pr\u00e1cticas del Lenguaje y Matem\u00e1tica\u00a0Programas de estudio:\u00a0Pr\u00e1cticas del Lenguaje\u00a0y\u00a0Matem\u00e1tica\u00a0Para las evaluaciones se deber\u00e1 traer:\u00a0 \u00a0 \u00a0\u00a0DNI de alumno\u00a0\u00a0 \u00a0 \u00a0\u00a0\u00datiles escolares con elementos de geometr\u00eda\u00a0 \u00a0 \u00a0\u00a0Hojas rayadas y cuadriculadas\u00a0 \u00a0 \u00a0\u00a0No se podr\u00e1 utilizar calculadoraLos resultados se publicar\u00e1n el d\u00eda (a definir)\u00a0a partir de las 15:00 en cartelera y en\u00a0este sitio web. Matriculaci\u00f3n\u00a0Fecha:\u00a024 y 25 de febrero de 2016\u00a0Horario: 09:00 a 12:00 hs.\u00a0Traer (en un folio transparente tama\u00f1o oficio):\u00a0 \u00a0 \u00a0\u00a0\u00a0Matr\u00edcula completa\u00a0 \u00a0 \u00a0\u00a0Fotocopia de DNI (1a\u00a0y 2a hoja \/ cambio de domicilio)\u00a0 \u00a0 \u00a0\u00a0Fotocopia de Partida de Nacimiento\u00a0 \u00a0 \u00a0\u00a0Foto 4&#215;4\u00a0 \u00a0 \u00a0\u00a0Fotocopia de Certificado de vacunaci\u00f3n Solicitar la constancia de vacante otorgada en esta Escuela para tramitar el pase concedido y el certificado anal\u00edtico en\u00a0la\u00a0escuela de origen.<\/p>\n","protected":false},"author":1,"featured_media":0,"comment_status":"open","ping_status":"open","sticky":false,"template":"","format":"standard","meta":{"footnotes":""},"categories":[165,160,53],"tags":[],"class_list":["post-915","post","type-post","status-publish","format-standard","hentry","category-2-ano","category-apirantes-a-ingreso","category-escuela-paula-albarracin"],"_links":{"self":[{"href":"https:\/\/escuelas.mvl.edu.ar\/empas\/wp-json\/wp\/v2\/posts\/915","targetHints":{"allow":["GET"]}}],"collection":[{"href":"https:\/\/escuelas.mvl.edu.ar\/empas\/wp-json\/wp\/v2\/posts"}],"about":[{"href":"https:\/\/escuelas.mvl.edu.ar\/empas\/wp-json\/wp\/v2\/types\/post"}],"author":[{"embeddable":true,"href":"https:\/\/escuelas.mvl.edu.ar\/empas\/wp-json\/wp\/v2\/users\/1"}],"replies":[{"embeddable":true,"href":"https:\/\/escuelas.mvl.edu.ar\/empas\/wp-json\/wp\/v2\/comments?post=915"}],"version-history":[{"count":1,"href":"https:\/\/escuelas.mvl.edu.ar\/empas\/wp-json\/wp\/v2\/posts\/915\/revisions"}],"predecessor-version":[{"id":8142,"href":"https:\/\/escuelas.mvl.edu.ar\/empas\/wp-json\/wp\/v2\/posts\/915\/revisions\/8142"}],"wp:attachment":[{"href":"https:\/\/escuelas.mvl.edu.ar\/empas\/wp-json\/wp\/v2\/media?parent=915"}],"wp:term":[{"taxonomy":"category","embeddable":true,"href":"https:\/\/escuelas.mvl.edu.ar\/empas\/wp-json\/wp\/v2\/categories?post=915"},{"taxonomy":"post_tag","embeddable":true,"href":"https:\/\/escuelas.mvl.edu.ar\/empas\/wp-json\/wp\/v2\/tags?post=915"}],"curies":[{"name":"wp","href":"https:\/\/api.w.org\/{rel}","templated":true}]}}