{"id":9219,"date":"2023-05-15T14:15:53","date_gmt":"2023-05-15T14:15:53","guid":{"rendered":"https:\/\/escuelas.mvl.edu.ar\/empas\/?p=9219"},"modified":"2023-05-15T15:18:38","modified_gmt":"2023-05-15T15:18:38","slug":"dia-del-himno-nacional-argentino","status":"publish","type":"post","link":"https:\/\/escuelas.mvl.edu.ar\/empas\/2023\/05\/15\/dia-del-himno-nacional-argentino\/","title":{"rendered":"\u00abD\u00eda del Himno Nacional Argentino\u00bb"},"content":{"rendered":"\n<p>El d\u00eda<strong> 11 de mayo,<\/strong> conmemoramos el \u00ab<strong>D\u00eda del Himno Nacional Argentino<\/strong>\u00bb en la <strong>Plaza Vicente L\u00f3pez y Planes<\/strong> ubicada en Olivos. Participaron de la misma nuestros abanderados: <strong>Abril Madeo, Nicol\u00e1s Arriola y Geraldine Boquen<\/strong>, acompa\u00f1ados por las autoridades de la escuela.<\/p>\n\n\n\n<p><\/p>\n\n\n\n<figure class=\"wp-block-gallery has-nested-images columns-default is-cropped wp-block-gallery-1 is-layout-flex wp-block-gallery-is-layout-flex\">\n<figure class=\"wp-block-image size-large\"><img fetchpriority=\"high\" decoding=\"async\" width=\"768\" height=\"1024\" data-id=\"9220\" src=\"https:\/\/escuelas.mvl.edu.ar\/empas\/wp-content\/uploads\/sites\/3\/2023\/05\/20230515_101723-768x1024.jpeg\" alt=\"\" class=\"wp-image-9220\" srcset=\"https:\/\/escuelas.mvl.edu.ar\/empas\/wp-content\/uploads\/sites\/3\/2023\/05\/20230515_101723-768x1024.jpeg 768w, https:\/\/escuelas.mvl.edu.ar\/empas\/wp-content\/uploads\/sites\/3\/2023\/05\/20230515_101723-225x300.jpeg 225w, https:\/\/escuelas.mvl.edu.ar\/empas\/wp-content\/uploads\/sites\/3\/2023\/05\/20230515_101723-1152x1536.jpeg 1152w, https:\/\/escuelas.mvl.edu.ar\/empas\/wp-content\/uploads\/sites\/3\/2023\/05\/20230515_101723-1536x2048.jpeg 1536w, https:\/\/escuelas.mvl.edu.ar\/empas\/wp-content\/uploads\/sites\/3\/2023\/05\/20230515_101723-scaled.jpeg 1920w\" sizes=\"(max-width: 768px) 100vw, 768px\" \/><\/figure>\n<\/figure>\n","protected":false},"excerpt":{"rendered":"<p>El d\u00eda 11 de mayo, conmemoramos el \u00abD\u00eda del Himno Nacional Argentino\u00bb en la Plaza Vicente L\u00f3pez y Planes ubicada en Olivos. Participaron de la misma nuestros abanderados: Abril Madeo, Nicol\u00e1s Arriola y Geraldine Boquen, acompa\u00f1ados por las autoridades de la escuela.<\/p>\n","protected":false},"author":110,"featured_media":0,"comment_status":"closed","ping_status":"closed","sticky":false,"template":"","format":"standard","meta":{"footnotes":""},"categories":[283,53],"tags":[],"class_list":["post-9219","post","type-post","status-publish","format-standard","hentry","category-comunicaciones","category-escuela-paula-albarracin"],"_links":{"self":[{"href":"https:\/\/escuelas.mvl.edu.ar\/empas\/wp-json\/wp\/v2\/posts\/9219","targetHints":{"allow":["GET"]}}],"collection":[{"href":"https:\/\/escuelas.mvl.edu.ar\/empas\/wp-json\/wp\/v2\/posts"}],"about":[{"href":"https:\/\/escuelas.mvl.edu.ar\/empas\/wp-json\/wp\/v2\/types\/post"}],"author":[{"embeddable":true,"href":"https:\/\/escuelas.mvl.edu.ar\/empas\/wp-json\/wp\/v2\/users\/110"}],"replies":[{"embeddable":true,"href":"https:\/\/escuelas.mvl.edu.ar\/empas\/wp-json\/wp\/v2\/comments?post=9219"}],"version-history":[{"count":2,"href":"https:\/\/escuelas.mvl.edu.ar\/empas\/wp-json\/wp\/v2\/posts\/9219\/revisions"}],"predecessor-version":[{"id":9225,"href":"https:\/\/escuelas.mvl.edu.ar\/empas\/wp-json\/wp\/v2\/posts\/9219\/revisions\/9225"}],"wp:attachment":[{"href":"https:\/\/escuelas.mvl.edu.ar\/empas\/wp-json\/wp\/v2\/media?parent=9219"}],"wp:term":[{"taxonomy":"category","embeddable":true,"href":"https:\/\/escuelas.mvl.edu.ar\/empas\/wp-json\/wp\/v2\/categories?post=9219"},{"taxonomy":"post_tag","embeddable":true,"href":"https:\/\/escuelas.mvl.edu.ar\/empas\/wp-json\/wp\/v2\/tags?post=9219"}],"curies":[{"name":"wp","href":"https:\/\/api.w.org\/{rel}","templated":true}]}}