{"id":9232,"date":"2023-05-19T11:23:10","date_gmt":"2023-05-19T11:23:10","guid":{"rendered":"https:\/\/escuelas.mvl.edu.ar\/empas\/?p=9232"},"modified":"2023-05-19T14:07:20","modified_gmt":"2023-05-19T14:07:20","slug":"jornada-de-ciudadania-digital","status":"publish","type":"post","link":"https:\/\/escuelas.mvl.edu.ar\/empas\/2023\/05\/19\/jornada-de-ciudadania-digital\/","title":{"rendered":"Jornada de \u00abCiudadan\u00eda Digital\u00bb"},"content":{"rendered":"\n<p>El d\u00eda jueves 11 de mayo se realiz\u00f3 en la escuela, una jornada a cargo del departamento <strong>T\u00e9cnico Contable <\/strong>dirigido por el profesor<strong> Roberto Baldassarre, <\/strong>la tem\u00e1tica abordada fue<strong> \u201cCiudadan\u00eda Digital\u201d.<\/strong> El material trabajado ser\u00e1 parte del <strong>A<\/strong>cuerdo <strong>I<\/strong>nstitucional de <strong>C<\/strong>onvivencia, cuyo prop\u00f3sito es organizar la vida escolar sobre la base del derecho a la dignidad de las personas y el ejercicio pleno del respeto de s\u00ed mismos y de todos.\u00a0<\/p>\n\n\n\n<p><strong>Familias, docentes y estudiantes<\/strong> participaron de <strong>encuestas<\/strong>, desde donde partimos en busca de <strong>revisar <\/strong>y <strong>cuestionar<\/strong> nuestras pr\u00e1cticas y usos para ir construyendo entre todos en forma cr\u00edtica, \u00e9tica y creativa un <strong>espacio digital m\u00e1s saludable y seguro<\/strong>.<br>Entre los temas tratados se encuentran: <strong>Violencia digital, Ciberbullying, Grooming, Difusi\u00f3n de im\u00e1genes privadas sin consentimiento, Usurpaci\u00f3n de identidad digital, datos personales y sensibles.<\/strong><\/p>\n\n\n<div class=\"wp-block-image\">\n<figure class=\"aligncenter size-large\"><img fetchpriority=\"high\" decoding=\"async\" width=\"768\" height=\"1024\" src=\"https:\/\/escuelas.mvl.edu.ar\/empas\/wp-content\/uploads\/sites\/3\/2023\/05\/2023-05-17-13-34-50-365-1-768x1024.jpg\" alt=\"\" class=\"wp-image-9233\" srcset=\"https:\/\/escuelas.mvl.edu.ar\/empas\/wp-content\/uploads\/sites\/3\/2023\/05\/2023-05-17-13-34-50-365-1-768x1024.jpg 768w, https:\/\/escuelas.mvl.edu.ar\/empas\/wp-content\/uploads\/sites\/3\/2023\/05\/2023-05-17-13-34-50-365-1-225x300.jpg 225w, https:\/\/escuelas.mvl.edu.ar\/empas\/wp-content\/uploads\/sites\/3\/2023\/05\/2023-05-17-13-34-50-365-1.jpg 1152w\" sizes=\"(max-width: 768px) 100vw, 768px\" \/><\/figure>\n<\/div>\n\n\n<figure class=\"wp-block-gallery has-nested-images columns-default is-cropped wp-block-gallery-1 is-layout-flex wp-block-gallery-is-layout-flex\">\n<figure class=\"wp-block-image size-large\"><img decoding=\"async\" width=\"1024\" height=\"768\" data-id=\"9240\" src=\"https:\/\/escuelas.mvl.edu.ar\/empas\/wp-content\/uploads\/sites\/3\/2023\/05\/IMG-20230515-WA0038-1-1024x768.jpg\" alt=\"\" class=\"wp-image-9240\" srcset=\"https:\/\/escuelas.mvl.edu.ar\/empas\/wp-content\/uploads\/sites\/3\/2023\/05\/IMG-20230515-WA0038-1-1024x768.jpg 1024w, https:\/\/escuelas.mvl.edu.ar\/empas\/wp-content\/uploads\/sites\/3\/2023\/05\/IMG-20230515-WA0038-1-300x225.jpg 300w, https:\/\/escuelas.mvl.edu.ar\/empas\/wp-content\/uploads\/sites\/3\/2023\/05\/IMG-20230515-WA0038-1-768x576.jpg 768w, https:\/\/escuelas.mvl.edu.ar\/empas\/wp-content\/uploads\/sites\/3\/2023\/05\/IMG-20230515-WA0038-1.jpg 1280w\" sizes=\"(max-width: 1024px) 100vw, 1024px\" \/><\/figure>\n\n\n\n<figure class=\"wp-block-image size-large\"><img decoding=\"async\" width=\"768\" height=\"1024\" data-id=\"9234\" src=\"https:\/\/escuelas.mvl.edu.ar\/empas\/wp-content\/uploads\/sites\/3\/2023\/05\/IMG-20230515-WA0037-768x1024.jpg\" alt=\"\" class=\"wp-image-9234\" srcset=\"https:\/\/escuelas.mvl.edu.ar\/empas\/wp-content\/uploads\/sites\/3\/2023\/05\/IMG-20230515-WA0037-768x1024.jpg 768w, https:\/\/escuelas.mvl.edu.ar\/empas\/wp-content\/uploads\/sites\/3\/2023\/05\/IMG-20230515-WA0037-225x300.jpg 225w, https:\/\/escuelas.mvl.edu.ar\/empas\/wp-content\/uploads\/sites\/3\/2023\/05\/IMG-20230515-WA0037.jpg 960w\" sizes=\"(max-width: 768px) 100vw, 768px\" \/><\/figure>\n<\/figure>\n","protected":false},"excerpt":{"rendered":"<p>El d\u00eda jueves 11 de mayo se realiz\u00f3 en la escuela, una jornada a cargo del departamento T\u00e9cnico Contable dirigido por el profesor Roberto Baldassarre, la tem\u00e1tica abordada fue \u201cCiudadan\u00eda Digital\u201d. El material trabajado ser\u00e1 parte del Acuerdo Institucional de Convivencia, cuyo prop\u00f3sito es organizar la vida escolar sobre la base del derecho a la dignidad de las personas y el ejercicio pleno del respeto de s\u00ed mismos y de todos.\u00a0 Familias, docentes y estudiantes participaron de encuestas, desde donde partimos en busca de revisar y cuestionar nuestras pr\u00e1cticas y usos para ir construyendo entre todos en forma cr\u00edtica, \u00e9tica y creativa un espacio digital m\u00e1s saludable y seguro.Entre los temas tratados se encuentran: Violencia digital, Ciberbullying, Grooming, Difusi\u00f3n de im\u00e1genes privadas sin consentimiento, Usurpaci\u00f3n de identidad digital, datos personales y sensibles.<\/p>\n","protected":false},"author":110,"featured_media":0,"comment_status":"closed","ping_status":"closed","sticky":false,"template":"","format":"standard","meta":{"footnotes":""},"categories":[283,53],"tags":[],"class_list":["post-9232","post","type-post","status-publish","format-standard","hentry","category-comunicaciones","category-escuela-paula-albarracin"],"_links":{"self":[{"href":"https:\/\/escuelas.mvl.edu.ar\/empas\/wp-json\/wp\/v2\/posts\/9232","targetHints":{"allow":["GET"]}}],"collection":[{"href":"https:\/\/escuelas.mvl.edu.ar\/empas\/wp-json\/wp\/v2\/posts"}],"about":[{"href":"https:\/\/escuelas.mvl.edu.ar\/empas\/wp-json\/wp\/v2\/types\/post"}],"author":[{"embeddable":true,"href":"https:\/\/escuelas.mvl.edu.ar\/empas\/wp-json\/wp\/v2\/users\/110"}],"replies":[{"embeddable":true,"href":"https:\/\/escuelas.mvl.edu.ar\/empas\/wp-json\/wp\/v2\/comments?post=9232"}],"version-history":[{"count":4,"href":"https:\/\/escuelas.mvl.edu.ar\/empas\/wp-json\/wp\/v2\/posts\/9232\/revisions"}],"predecessor-version":[{"id":9242,"href":"https:\/\/escuelas.mvl.edu.ar\/empas\/wp-json\/wp\/v2\/posts\/9232\/revisions\/9242"}],"wp:attachment":[{"href":"https:\/\/escuelas.mvl.edu.ar\/empas\/wp-json\/wp\/v2\/media?parent=9232"}],"wp:term":[{"taxonomy":"category","embeddable":true,"href":"https:\/\/escuelas.mvl.edu.ar\/empas\/wp-json\/wp\/v2\/categories?post=9232"},{"taxonomy":"post_tag","embeddable":true,"href":"https:\/\/escuelas.mvl.edu.ar\/empas\/wp-json\/wp\/v2\/tags?post=9232"}],"curies":[{"name":"wp","href":"https:\/\/api.w.org\/{rel}","templated":true}]}}