{"id":9243,"date":"2023-06-01T12:58:57","date_gmt":"2023-06-01T12:58:57","guid":{"rendered":"https:\/\/escuelas.mvl.edu.ar\/empas\/?p=9243"},"modified":"2023-06-07T15:43:39","modified_gmt":"2023-06-07T15:43:39","slug":"mision-paz-escolar-desde-las-tics-con-realidad-virtual","status":"publish","type":"post","link":"https:\/\/escuelas.mvl.edu.ar\/empas\/2023\/06\/01\/mision-paz-escolar-desde-las-tics-con-realidad-virtual\/","title":{"rendered":"\u00abMisi\u00f3n Paz Escolar\u00bb desde las TICs con Realidad Virtual"},"content":{"rendered":"\n<figure class=\"wp-block-image size-large\"><img fetchpriority=\"high\" decoding=\"async\" width=\"1024\" height=\"256\" src=\"https:\/\/escuelas.mvl.edu.ar\/empas\/wp-content\/uploads\/sites\/3\/2023\/06\/Papel-Naturaleza-Taller-de-Escritura-Google-Classroom-Encabezado-Header-1024x256.jpg\" alt=\"\" class=\"wp-image-9297\" srcset=\"https:\/\/escuelas.mvl.edu.ar\/empas\/wp-content\/uploads\/sites\/3\/2023\/06\/Papel-Naturaleza-Taller-de-Escritura-Google-Classroom-Encabezado-Header-1024x256.jpg 1024w, https:\/\/escuelas.mvl.edu.ar\/empas\/wp-content\/uploads\/sites\/3\/2023\/06\/Papel-Naturaleza-Taller-de-Escritura-Google-Classroom-Encabezado-Header-300x75.jpg 300w, https:\/\/escuelas.mvl.edu.ar\/empas\/wp-content\/uploads\/sites\/3\/2023\/06\/Papel-Naturaleza-Taller-de-Escritura-Google-Classroom-Encabezado-Header-768x192.jpg 768w, https:\/\/escuelas.mvl.edu.ar\/empas\/wp-content\/uploads\/sites\/3\/2023\/06\/Papel-Naturaleza-Taller-de-Escritura-Google-Classroom-Encabezado-Header-1536x384.jpg 1536w, https:\/\/escuelas.mvl.edu.ar\/empas\/wp-content\/uploads\/sites\/3\/2023\/06\/Papel-Naturaleza-Taller-de-Escritura-Google-Classroom-Encabezado-Header.jpg 1920w\" sizes=\"(max-width: 1024px) 100vw, 1024px\" \/><\/figure>\n\n\n\n<p><\/p>\n\n\n\n<p><\/p>\n\n\n\n<p>En etapas, los estudiantes de <strong>1\u00b0a 4\u00b0 a\u00f1o <\/strong>de ambos turnos de la Escuela<strong> (24 cursos)<\/strong>, participaron desde la materia <strong>Inform\u00e1tica y NTICX (Nuevas Tecnolog\u00edas de la Informaci\u00f3n y la Conectividad)<\/strong> de una propuesta innovadora coordinada desde el \u00e1rea<strong> Juventudes y Ciudadan\u00eda<\/strong>, el programa <strong>\u201cMisi\u00f3n Paz Escolar\u201d<\/strong>.<\/p>\n\n\n\n<p>La experiencia consisti\u00f3 en vivenciar mediante un <strong>casco-anteojos<\/strong> de <strong>Realidad Virtual<\/strong> una historieta explorativa de formato <strong>\u201cElige tu propia aventura\u201d<\/strong> en 5 m\u00f3dulos visualizados a modo de <strong>\u201ctestigos\u201d<\/strong> de situaciones vividas en el espacio virtual y escolar en busca de promover habilidades socio emocionales que los fortalezcan ante situaciones de vulnerabilidad.&nbsp;<\/p>\n\n\n\n<p>La tem\u00e1tica principal abordada fueron los <strong>riesgos del uso indebido de las redes sociales<\/strong> en la actualidad, entre ellos: <strong>Bullying, Grooming, Seguridad en l\u00ednea, Usurpaci\u00f3n de identidad digital, <strong>extorsi\u00f3n<\/strong> y concientizar sobre los riesgos de compartir contenido sensible<\/strong>, entre otros.<\/p>\n\n\n\n<p><strong>El prop\u00f3sito, <strong>seguir trabajando<\/strong><\/strong> <strong>y contribuir institucionalmente desde ESI (Educaci\u00f3n Sexual Integral), EOE (Equipo de Orientaci\u00f3n Escolar) y <strong>todas las \u00e1reas<\/strong>, en la b\u00fasqueda de promover <strong>una mejor convivencia en las \u00abRedes Sociales\u00bb<\/strong> y una construcci\u00f3n de una \u00abCiudadan\u00eda Digital\u00bb m\u00e1s justa para todos.<\/strong><\/p>\n\n\n\n<p><\/p>\n\n\n\n<p><\/p>\n\n\n<div class=\"wp-block-image\">\n<figure class=\"aligncenter size-large\"><img decoding=\"async\" width=\"768\" height=\"1024\" src=\"https:\/\/escuelas.mvl.edu.ar\/empas\/wp-content\/uploads\/sites\/3\/2023\/06\/imagen-8-1-768x1024.jpg\" alt=\"\" class=\"wp-image-9254\" srcset=\"https:\/\/escuelas.mvl.edu.ar\/empas\/wp-content\/uploads\/sites\/3\/2023\/06\/imagen-8-1-768x1024.jpg 768w, https:\/\/escuelas.mvl.edu.ar\/empas\/wp-content\/uploads\/sites\/3\/2023\/06\/imagen-8-1-225x300.jpg 225w, https:\/\/escuelas.mvl.edu.ar\/empas\/wp-content\/uploads\/sites\/3\/2023\/06\/imagen-8-1-1152x1536.jpg 1152w, https:\/\/escuelas.mvl.edu.ar\/empas\/wp-content\/uploads\/sites\/3\/2023\/06\/imagen-8-1-1536x2048.jpg 1536w, https:\/\/escuelas.mvl.edu.ar\/empas\/wp-content\/uploads\/sites\/3\/2023\/06\/imagen-8-1-scaled.jpg 1920w\" sizes=\"(max-width: 768px) 100vw, 768px\" \/><\/figure>\n<\/div>\n\n\n<p><\/p>\n\n\n\n<figure class=\"wp-block-gallery has-nested-images columns-default is-cropped wp-block-gallery-1 is-layout-flex wp-block-gallery-is-layout-flex\">\n<figure class=\"wp-block-image size-large\"><img decoding=\"async\" width=\"768\" height=\"1024\" data-id=\"9248\" src=\"https:\/\/escuelas.mvl.edu.ar\/empas\/wp-content\/uploads\/sites\/3\/2023\/06\/imagen-2-768x1024.jpg\" alt=\"\" class=\"wp-image-9248\" srcset=\"https:\/\/escuelas.mvl.edu.ar\/empas\/wp-content\/uploads\/sites\/3\/2023\/06\/imagen-2-768x1024.jpg 768w, https:\/\/escuelas.mvl.edu.ar\/empas\/wp-content\/uploads\/sites\/3\/2023\/06\/imagen-2-225x300.jpg 225w, https:\/\/escuelas.mvl.edu.ar\/empas\/wp-content\/uploads\/sites\/3\/2023\/06\/imagen-2-1152x1536.jpg 1152w, https:\/\/escuelas.mvl.edu.ar\/empas\/wp-content\/uploads\/sites\/3\/2023\/06\/imagen-2-1536x2048.jpg 1536w, https:\/\/escuelas.mvl.edu.ar\/empas\/wp-content\/uploads\/sites\/3\/2023\/06\/imagen-2-scaled.jpg 1920w\" sizes=\"(max-width: 768px) 100vw, 768px\" \/><\/figure>\n\n\n\n<figure class=\"wp-block-image size-large\"><img loading=\"lazy\" decoding=\"async\" width=\"768\" height=\"1024\" data-id=\"9255\" src=\"https:\/\/escuelas.mvl.edu.ar\/empas\/wp-content\/uploads\/sites\/3\/2023\/06\/IMGimagen6-768x1024.jpg\" alt=\"\" class=\"wp-image-9255\" srcset=\"https:\/\/escuelas.mvl.edu.ar\/empas\/wp-content\/uploads\/sites\/3\/2023\/06\/IMGimagen6-768x1024.jpg 768w, https:\/\/escuelas.mvl.edu.ar\/empas\/wp-content\/uploads\/sites\/3\/2023\/06\/IMGimagen6-225x300.jpg 225w, https:\/\/escuelas.mvl.edu.ar\/empas\/wp-content\/uploads\/sites\/3\/2023\/06\/IMGimagen6-1152x1536.jpg 1152w, https:\/\/escuelas.mvl.edu.ar\/empas\/wp-content\/uploads\/sites\/3\/2023\/06\/IMGimagen6-1536x2048.jpg 1536w, https:\/\/escuelas.mvl.edu.ar\/empas\/wp-content\/uploads\/sites\/3\/2023\/06\/IMGimagen6-scaled.jpg 1920w\" sizes=\"(max-width: 768px) 100vw, 768px\" \/><\/figure>\n<\/figure>\n\n\n\n<figure class=\"wp-block-gallery has-nested-images columns-default is-cropped wp-block-gallery-2 is-layout-flex wp-block-gallery-is-layout-flex\">\n<figure class=\"wp-block-image size-large\"><img loading=\"lazy\" decoding=\"async\" width=\"768\" height=\"1024\" data-id=\"9250\" src=\"https:\/\/escuelas.mvl.edu.ar\/empas\/wp-content\/uploads\/sites\/3\/2023\/06\/imagen-3-768x1024.jpg\" alt=\"\" class=\"wp-image-9250\" srcset=\"https:\/\/escuelas.mvl.edu.ar\/empas\/wp-content\/uploads\/sites\/3\/2023\/06\/imagen-3-768x1024.jpg 768w, https:\/\/escuelas.mvl.edu.ar\/empas\/wp-content\/uploads\/sites\/3\/2023\/06\/imagen-3-225x300.jpg 225w, https:\/\/escuelas.mvl.edu.ar\/empas\/wp-content\/uploads\/sites\/3\/2023\/06\/imagen-3-1152x1536.jpg 1152w, https:\/\/escuelas.mvl.edu.ar\/empas\/wp-content\/uploads\/sites\/3\/2023\/06\/imagen-3-1536x2048.jpg 1536w, https:\/\/escuelas.mvl.edu.ar\/empas\/wp-content\/uploads\/sites\/3\/2023\/06\/imagen-3-scaled.jpg 1920w\" sizes=\"(max-width: 768px) 100vw, 768px\" \/><\/figure>\n\n\n\n<figure class=\"wp-block-image size-large\"><img loading=\"lazy\" decoding=\"async\" width=\"768\" height=\"1024\" data-id=\"9251\" src=\"https:\/\/escuelas.mvl.edu.ar\/empas\/wp-content\/uploads\/sites\/3\/2023\/06\/imagen-4-768x1024.jpg\" alt=\"\" class=\"wp-image-9251\" srcset=\"https:\/\/escuelas.mvl.edu.ar\/empas\/wp-content\/uploads\/sites\/3\/2023\/06\/imagen-4-768x1024.jpg 768w, https:\/\/escuelas.mvl.edu.ar\/empas\/wp-content\/uploads\/sites\/3\/2023\/06\/imagen-4-225x300.jpg 225w, https:\/\/escuelas.mvl.edu.ar\/empas\/wp-content\/uploads\/sites\/3\/2023\/06\/imagen-4-1152x1536.jpg 1152w, https:\/\/escuelas.mvl.edu.ar\/empas\/wp-content\/uploads\/sites\/3\/2023\/06\/imagen-4-1536x2048.jpg 1536w, https:\/\/escuelas.mvl.edu.ar\/empas\/wp-content\/uploads\/sites\/3\/2023\/06\/imagen-4-scaled.jpg 1920w\" sizes=\"(max-width: 768px) 100vw, 768px\" \/><\/figure>\n\n\n\n<figure class=\"wp-block-image size-large\"><img loading=\"lazy\" decoding=\"async\" width=\"768\" height=\"1024\" data-id=\"9252\" src=\"https:\/\/escuelas.mvl.edu.ar\/empas\/wp-content\/uploads\/sites\/3\/2023\/06\/imagen-5-768x1024.jpg\" alt=\"\" class=\"wp-image-9252\" srcset=\"https:\/\/escuelas.mvl.edu.ar\/empas\/wp-content\/uploads\/sites\/3\/2023\/06\/imagen-5-768x1024.jpg 768w, https:\/\/escuelas.mvl.edu.ar\/empas\/wp-content\/uploads\/sites\/3\/2023\/06\/imagen-5-225x300.jpg 225w, https:\/\/escuelas.mvl.edu.ar\/empas\/wp-content\/uploads\/sites\/3\/2023\/06\/imagen-5-1152x1536.jpg 1152w, https:\/\/escuelas.mvl.edu.ar\/empas\/wp-content\/uploads\/sites\/3\/2023\/06\/imagen-5-1536x2048.jpg 1536w, https:\/\/escuelas.mvl.edu.ar\/empas\/wp-content\/uploads\/sites\/3\/2023\/06\/imagen-5-scaled.jpg 1920w\" sizes=\"(max-width: 768px) 100vw, 768px\" \/><\/figure>\n<\/figure>\n","protected":false},"excerpt":{"rendered":"<p>En etapas, los estudiantes de 1\u00b0a 4\u00b0 a\u00f1o de ambos turnos de la Escuela (24 cursos), participaron desde la materia Inform\u00e1tica y NTICX (Nuevas Tecnolog\u00edas de la Informaci\u00f3n y la Conectividad) de una propuesta innovadora coordinada desde el \u00e1rea Juventudes y Ciudadan\u00eda, el programa \u201cMisi\u00f3n Paz Escolar\u201d. La experiencia consisti\u00f3 en vivenciar mediante un casco-anteojos de Realidad Virtual una historieta explorativa de formato \u201cElige tu propia aventura\u201d en 5 m\u00f3dulos visualizados a modo de \u201ctestigos\u201d de situaciones vividas en el espacio virtual y escolar en busca de promover habilidades socio emocionales que los fortalezcan ante situaciones de vulnerabilidad.&nbsp; La tem\u00e1tica principal abordada fueron los riesgos del uso indebido de las redes sociales en la actualidad, entre ellos: Bullying, Grooming, Seguridad en l\u00ednea, Usurpaci\u00f3n de identidad digital, extorsi\u00f3n y concientizar sobre los riesgos de compartir contenido sensible, entre otros. El prop\u00f3sito, seguir trabajando y contribuir institucionalmente desde ESI (Educaci\u00f3n Sexual Integral), EOE (Equipo de Orientaci\u00f3n Escolar) y todas las \u00e1reas, en la b\u00fasqueda de promover una mejor convivencia en las \u00abRedes Sociales\u00bb y una construcci\u00f3n de una \u00abCiudadan\u00eda Digital\u00bb m\u00e1s justa para todos.<\/p>\n","protected":false},"author":110,"featured_media":0,"comment_status":"closed","ping_status":"closed","sticky":false,"template":"","format":"standard","meta":{"footnotes":""},"categories":[283,53],"tags":[],"class_list":["post-9243","post","type-post","status-publish","format-standard","hentry","category-comunicaciones","category-escuela-paula-albarracin"],"_links":{"self":[{"href":"https:\/\/escuelas.mvl.edu.ar\/empas\/wp-json\/wp\/v2\/posts\/9243","targetHints":{"allow":["GET"]}}],"collection":[{"href":"https:\/\/escuelas.mvl.edu.ar\/empas\/wp-json\/wp\/v2\/posts"}],"about":[{"href":"https:\/\/escuelas.mvl.edu.ar\/empas\/wp-json\/wp\/v2\/types\/post"}],"author":[{"embeddable":true,"href":"https:\/\/escuelas.mvl.edu.ar\/empas\/wp-json\/wp\/v2\/users\/110"}],"replies":[{"embeddable":true,"href":"https:\/\/escuelas.mvl.edu.ar\/empas\/wp-json\/wp\/v2\/comments?post=9243"}],"version-history":[{"count":6,"href":"https:\/\/escuelas.mvl.edu.ar\/empas\/wp-json\/wp\/v2\/posts\/9243\/revisions"}],"predecessor-version":[{"id":9302,"href":"https:\/\/escuelas.mvl.edu.ar\/empas\/wp-json\/wp\/v2\/posts\/9243\/revisions\/9302"}],"wp:attachment":[{"href":"https:\/\/escuelas.mvl.edu.ar\/empas\/wp-json\/wp\/v2\/media?parent=9243"}],"wp:term":[{"taxonomy":"category","embeddable":true,"href":"https:\/\/escuelas.mvl.edu.ar\/empas\/wp-json\/wp\/v2\/categories?post=9243"},{"taxonomy":"post_tag","embeddable":true,"href":"https:\/\/escuelas.mvl.edu.ar\/empas\/wp-json\/wp\/v2\/tags?post=9243"}],"curies":[{"name":"wp","href":"https:\/\/api.w.org\/{rel}","templated":true}]}}