{"id":9260,"date":"2023-06-01T19:52:46","date_gmt":"2023-06-01T19:52:46","guid":{"rendered":"https:\/\/escuelas.mvl.edu.ar\/empas\/?p=9260"},"modified":"2023-06-02T14:29:24","modified_gmt":"2023-06-02T14:29:24","slug":"una-alumna-de-la-empas-finalista-de-la-olimpiada-internacional-de-biologia","status":"publish","type":"post","link":"https:\/\/escuelas.mvl.edu.ar\/empas\/2023\/06\/01\/una-alumna-de-la-empas-finalista-de-la-olimpiada-internacional-de-biologia\/","title":{"rendered":"\u00a1UNA ALUMNA DE\u00a0LA EMPAS FINALISTA DE LA OLIMP\u00cdADA INTERNACIONAL DE BIOLOG\u00cdA!"},"content":{"rendered":"\n<p><\/p>\n\n\n\n<p><strong>Mar\u00eda Eugenia Nu\u00f1es de Moraes&nbsp;,<\/strong> alumna de <strong>6to a\u00f1o de la&nbsp;Escuela Secundaria Municipal \u00abPaula Albarrac\u00edn de Sarmiento\u00bb<\/strong>, logr\u00f3 destacarse en la reciente etapa de selecci\u00f3n de la&nbsp;<strong>Olimp\u00edada Argentina de Biolog\u00eda<\/strong>&nbsp;llevada a cabo en el campus de la&nbsp;<strong>Universidad Nacional de R\u00edo Cuarto<\/strong>. Tras rigurosas pruebas, se definieron los ocho estudiantes de nivel secundario que formar\u00e1n parte de los equipos argentinos en las&nbsp;<strong>Olimp\u00edadas Internacionales&nbsp;de Biolog\u00eda<\/strong>.<\/p>\n\n\n\n<p>En el mes de diciembre, se celebr\u00f3 el certamen nacional de la&nbsp;<strong>OAB<\/strong>, donde se seleccionaron 18 estudiantes. Durante los meses de abril y mayo, estos estudiantes participaron en diversas instancias de capacitaci\u00f3n junto a docentes de la&nbsp;<strong>Facultad de Ciencias Exactas<\/strong>. Progresivamente, superaron las instancias preselectivas hasta llegar a la fase final de selecci\u00f3n, que tuvo lugar los d\u00edas jueves 18 y viernes 19 del corriente mes.<\/p>\n\n\n\n<p>La \u00faltima etapa cont\u00f3 con la participaci\u00f3n de 12 estudiantes, de los cuales se escogieron los 4 con el&nbsp;mejor rendimiento acad\u00e9mico. Entre ellos, se encuentra&nbsp;<strong>Mar\u00eda Eugenia<\/strong>, que participar\u00e1 en la&nbsp;<strong>Olimp\u00edada Internacional de Biolog\u00eda&nbsp;en Emiratos \u00c1rabes<\/strong> del <strong>3 al 11 de julio<\/strong>.<\/p>\n\n\n\n<p><strong>\u00a1FELICIDADES A MAR\u00cdA EUGENIA Y A TODO EL EQUIPO EDUCATIVO DE LA ESCUELA!<\/strong><\/p>\n\n\n\n<figure class=\"wp-block-gallery has-nested-images columns-default is-cropped has-cyan-bluish-gray-background-color has-background wp-block-gallery-1 is-layout-flex wp-block-gallery-is-layout-flex\">\n<figure class=\"wp-block-image size-large\"><img fetchpriority=\"high\" decoding=\"async\" width=\"768\" height=\"1024\" data-id=\"9266\" src=\"https:\/\/escuelas.mvl.edu.ar\/empas\/wp-content\/uploads\/sites\/3\/2023\/06\/IMG-20230522-WA0180-768x1024.jpg\" alt=\"\" class=\"wp-image-9266\" srcset=\"https:\/\/escuelas.mvl.edu.ar\/empas\/wp-content\/uploads\/sites\/3\/2023\/06\/IMG-20230522-WA0180-768x1024.jpg 768w, https:\/\/escuelas.mvl.edu.ar\/empas\/wp-content\/uploads\/sites\/3\/2023\/06\/IMG-20230522-WA0180-225x300.jpg 225w, https:\/\/escuelas.mvl.edu.ar\/empas\/wp-content\/uploads\/sites\/3\/2023\/06\/IMG-20230522-WA0180-1152x1536.jpg 1152w, https:\/\/escuelas.mvl.edu.ar\/empas\/wp-content\/uploads\/sites\/3\/2023\/06\/IMG-20230522-WA0180.jpg 1200w\" sizes=\"(max-width: 768px) 100vw, 768px\" \/><\/figure>\n\n\n\n<figure class=\"wp-block-image size-large\"><img decoding=\"async\" width=\"652\" height=\"705\" data-id=\"9265\" src=\"https:\/\/escuelas.mvl.edu.ar\/empas\/wp-content\/uploads\/sites\/3\/2023\/06\/Maria-EUgenia.jpg\" alt=\"\" class=\"wp-image-9265\" srcset=\"https:\/\/escuelas.mvl.edu.ar\/empas\/wp-content\/uploads\/sites\/3\/2023\/06\/Maria-EUgenia.jpg 652w, https:\/\/escuelas.mvl.edu.ar\/empas\/wp-content\/uploads\/sites\/3\/2023\/06\/Maria-EUgenia-277x300.jpg 277w\" sizes=\"(max-width: 652px) 100vw, 652px\" \/><\/figure>\n<\/figure>\n","protected":false},"excerpt":{"rendered":"<p>Mar\u00eda Eugenia Nu\u00f1es de Moraes&nbsp;, alumna de 6to a\u00f1o de la&nbsp;Escuela Secundaria Municipal \u00abPaula Albarrac\u00edn de Sarmiento\u00bb, logr\u00f3 destacarse en la reciente etapa de selecci\u00f3n de la&nbsp;Olimp\u00edada Argentina de Biolog\u00eda&nbsp;llevada a cabo en el campus de la&nbsp;Universidad Nacional de R\u00edo Cuarto. Tras rigurosas pruebas, se definieron los ocho estudiantes de nivel secundario que formar\u00e1n parte de los equipos argentinos en las&nbsp;Olimp\u00edadas Internacionales&nbsp;de Biolog\u00eda. En el mes de diciembre, se celebr\u00f3 el certamen nacional de la&nbsp;OAB, donde se seleccionaron 18 estudiantes. Durante los meses de abril y mayo, estos estudiantes participaron en diversas instancias de capacitaci\u00f3n junto a docentes de la&nbsp;Facultad de Ciencias Exactas. Progresivamente, superaron las instancias preselectivas hasta llegar a la fase final de selecci\u00f3n, que tuvo lugar los d\u00edas jueves 18 y viernes 19 del corriente mes. La \u00faltima etapa cont\u00f3 con la participaci\u00f3n de 12 estudiantes, de los cuales se escogieron los 4 con el&nbsp;mejor rendimiento acad\u00e9mico. Entre ellos, se encuentra&nbsp;Mar\u00eda Eugenia, que participar\u00e1 en la&nbsp;Olimp\u00edada Internacional de Biolog\u00eda&nbsp;en Emiratos \u00c1rabes del 3 al 11 de julio. \u00a1FELICIDADES A MAR\u00cdA EUGENIA Y A TODO EL EQUIPO EDUCATIVO DE LA ESCUELA!<\/p>\n","protected":false},"author":110,"featured_media":0,"comment_status":"closed","ping_status":"closed","sticky":false,"template":"","format":"standard","meta":{"footnotes":""},"categories":[283,53],"tags":[],"class_list":["post-9260","post","type-post","status-publish","format-standard","hentry","category-comunicaciones","category-escuela-paula-albarracin"],"_links":{"self":[{"href":"https:\/\/escuelas.mvl.edu.ar\/empas\/wp-json\/wp\/v2\/posts\/9260","targetHints":{"allow":["GET"]}}],"collection":[{"href":"https:\/\/escuelas.mvl.edu.ar\/empas\/wp-json\/wp\/v2\/posts"}],"about":[{"href":"https:\/\/escuelas.mvl.edu.ar\/empas\/wp-json\/wp\/v2\/types\/post"}],"author":[{"embeddable":true,"href":"https:\/\/escuelas.mvl.edu.ar\/empas\/wp-json\/wp\/v2\/users\/110"}],"replies":[{"embeddable":true,"href":"https:\/\/escuelas.mvl.edu.ar\/empas\/wp-json\/wp\/v2\/comments?post=9260"}],"version-history":[{"count":7,"href":"https:\/\/escuelas.mvl.edu.ar\/empas\/wp-json\/wp\/v2\/posts\/9260\/revisions"}],"predecessor-version":[{"id":9273,"href":"https:\/\/escuelas.mvl.edu.ar\/empas\/wp-json\/wp\/v2\/posts\/9260\/revisions\/9273"}],"wp:attachment":[{"href":"https:\/\/escuelas.mvl.edu.ar\/empas\/wp-json\/wp\/v2\/media?parent=9260"}],"wp:term":[{"taxonomy":"category","embeddable":true,"href":"https:\/\/escuelas.mvl.edu.ar\/empas\/wp-json\/wp\/v2\/categories?post=9260"},{"taxonomy":"post_tag","embeddable":true,"href":"https:\/\/escuelas.mvl.edu.ar\/empas\/wp-json\/wp\/v2\/tags?post=9260"}],"curies":[{"name":"wp","href":"https:\/\/api.w.org\/{rel}","templated":true}]}}