{"id":9530,"date":"2023-10-03T12:56:51","date_gmt":"2023-10-03T12:56:51","guid":{"rendered":"https:\/\/escuelas.mvl.edu.ar\/empas\/?p=9530"},"modified":"2023-10-03T12:56:52","modified_gmt":"2023-10-03T12:56:52","slug":"ensamble-de-vientos","status":"publish","type":"post","link":"https:\/\/escuelas.mvl.edu.ar\/empas\/2023\/10\/03\/ensamble-de-vientos\/","title":{"rendered":"\u00abEnsamble de Vientos\u00bb"},"content":{"rendered":"\n<p>El d\u00eda <strong>25 de septiembre<\/strong> recibimos la visita del <strong>Ensamble de Vientos del Instituto de M\u00fasica Jos\u00e9 Hern\u00e1ndez<\/strong>, dirigido por el <strong>Profesor Esteban Rolls<\/strong>. Los\/las estudiantes disfrutaron del concierto did\u00e1ctico y pudieron conocer los instrumentos y sus caracter\u00edsticas.<br><strong>Agradecemos la organizaci\u00f3n del evento a la profesora Anabella C\u00e1nepa.<\/strong><\/p>\n\n\n<div class=\"wp-block-image is-style-default wp-duotone-unset-1\">\n<figure class=\"aligncenter size-large is-resized\"><a href=\"https:\/\/www.instagram.com\/p\/CxvlzD1O_iP\/?utm_source=ig_web_copy_link&amp;igshid=MzRlODBiNWFlZA==\"><img fetchpriority=\"high\" decoding=\"async\" src=\"https:\/\/escuelas.mvl.edu.ar\/empas\/wp-content\/uploads\/sites\/3\/2023\/10\/3_Instituto-Superior-de-Musica-Jose-Hernandez-scaled-1-1024x684.jpg\" alt=\"\" class=\"wp-image-9531\" style=\"width:525px;height:351px\" width=\"525\" height=\"351\" srcset=\"https:\/\/escuelas.mvl.edu.ar\/empas\/wp-content\/uploads\/sites\/3\/2023\/10\/3_Instituto-Superior-de-Musica-Jose-Hernandez-scaled-1-1024x684.jpg 1024w, https:\/\/escuelas.mvl.edu.ar\/empas\/wp-content\/uploads\/sites\/3\/2023\/10\/3_Instituto-Superior-de-Musica-Jose-Hernandez-scaled-1-300x200.jpg 300w, https:\/\/escuelas.mvl.edu.ar\/empas\/wp-content\/uploads\/sites\/3\/2023\/10\/3_Instituto-Superior-de-Musica-Jose-Hernandez-scaled-1-768x513.jpg 768w, https:\/\/escuelas.mvl.edu.ar\/empas\/wp-content\/uploads\/sites\/3\/2023\/10\/3_Instituto-Superior-de-Musica-Jose-Hernandez-scaled-1-1536x1025.jpg 1536w, https:\/\/escuelas.mvl.edu.ar\/empas\/wp-content\/uploads\/sites\/3\/2023\/10\/3_Instituto-Superior-de-Musica-Jose-Hernandez-scaled-1-2048x1367.jpg 2048w\" sizes=\"(max-width: 525px) 100vw, 525px\" \/><\/a><figcaption class=\"wp-element-caption\"><strong>CLIK &#8211; V\u00ednculo a Instagram<\/strong><\/figcaption><\/figure>\n<\/div>\n\n\n<p><\/p>\n\n\n\n<figure class=\"wp-block-gallery has-nested-images columns-default is-cropped wp-block-gallery-2 is-layout-flex wp-block-gallery-is-layout-flex\">\n<figure class=\"wp-block-image size-large\"><img decoding=\"async\" width=\"1024\" height=\"473\" data-id=\"9541\" src=\"https:\/\/escuelas.mvl.edu.ar\/empas\/wp-content\/uploads\/sites\/3\/2023\/10\/20230925_163250-1-1024x473.jpg\" alt=\"\" class=\"wp-image-9541\" srcset=\"https:\/\/escuelas.mvl.edu.ar\/empas\/wp-content\/uploads\/sites\/3\/2023\/10\/20230925_163250-1-1024x473.jpg 1024w, https:\/\/escuelas.mvl.edu.ar\/empas\/wp-content\/uploads\/sites\/3\/2023\/10\/20230925_163250-1-300x139.jpg 300w, https:\/\/escuelas.mvl.edu.ar\/empas\/wp-content\/uploads\/sites\/3\/2023\/10\/20230925_163250-1-768x355.jpg 768w, https:\/\/escuelas.mvl.edu.ar\/empas\/wp-content\/uploads\/sites\/3\/2023\/10\/20230925_163250-1-1536x710.jpg 1536w, https:\/\/escuelas.mvl.edu.ar\/empas\/wp-content\/uploads\/sites\/3\/2023\/10\/20230925_163250-1-2048x947.jpg 2048w\" sizes=\"(max-width: 1024px) 100vw, 1024px\" \/><\/figure>\n\n\n\n<figure class=\"wp-block-image size-large\"><img decoding=\"async\" width=\"1024\" height=\"473\" data-id=\"9538\" src=\"https:\/\/escuelas.mvl.edu.ar\/empas\/wp-content\/uploads\/sites\/3\/2023\/10\/20230925_164939-1024x473.jpg\" alt=\"\" class=\"wp-image-9538\" srcset=\"https:\/\/escuelas.mvl.edu.ar\/empas\/wp-content\/uploads\/sites\/3\/2023\/10\/20230925_164939-1024x473.jpg 1024w, https:\/\/escuelas.mvl.edu.ar\/empas\/wp-content\/uploads\/sites\/3\/2023\/10\/20230925_164939-300x139.jpg 300w, https:\/\/escuelas.mvl.edu.ar\/empas\/wp-content\/uploads\/sites\/3\/2023\/10\/20230925_164939-768x355.jpg 768w, https:\/\/escuelas.mvl.edu.ar\/empas\/wp-content\/uploads\/sites\/3\/2023\/10\/20230925_164939-1536x710.jpg 1536w, https:\/\/escuelas.mvl.edu.ar\/empas\/wp-content\/uploads\/sites\/3\/2023\/10\/20230925_164939-2048x947.jpg 2048w\" sizes=\"(max-width: 1024px) 100vw, 1024px\" \/><\/figure>\n\n\n\n<figure class=\"wp-block-image size-large\"><img loading=\"lazy\" decoding=\"async\" width=\"1024\" height=\"473\" data-id=\"9537\" src=\"https:\/\/escuelas.mvl.edu.ar\/empas\/wp-content\/uploads\/sites\/3\/2023\/10\/20230925_163818-1024x473.jpg\" alt=\"\" class=\"wp-image-9537\" srcset=\"https:\/\/escuelas.mvl.edu.ar\/empas\/wp-content\/uploads\/sites\/3\/2023\/10\/20230925_163818-1024x473.jpg 1024w, https:\/\/escuelas.mvl.edu.ar\/empas\/wp-content\/uploads\/sites\/3\/2023\/10\/20230925_163818-300x139.jpg 300w, https:\/\/escuelas.mvl.edu.ar\/empas\/wp-content\/uploads\/sites\/3\/2023\/10\/20230925_163818-768x355.jpg 768w, https:\/\/escuelas.mvl.edu.ar\/empas\/wp-content\/uploads\/sites\/3\/2023\/10\/20230925_163818-1536x710.jpg 1536w, https:\/\/escuelas.mvl.edu.ar\/empas\/wp-content\/uploads\/sites\/3\/2023\/10\/20230925_163818-2048x947.jpg 2048w\" sizes=\"(max-width: 1024px) 100vw, 1024px\" \/><\/figure>\n\n\n\n<figure class=\"wp-block-image size-large\"><img loading=\"lazy\" decoding=\"async\" width=\"1024\" height=\"473\" data-id=\"9540\" src=\"https:\/\/escuelas.mvl.edu.ar\/empas\/wp-content\/uploads\/sites\/3\/2023\/10\/20230925_163814-1024x473.jpg\" alt=\"\" class=\"wp-image-9540\" srcset=\"https:\/\/escuelas.mvl.edu.ar\/empas\/wp-content\/uploads\/sites\/3\/2023\/10\/20230925_163814-1024x473.jpg 1024w, https:\/\/escuelas.mvl.edu.ar\/empas\/wp-content\/uploads\/sites\/3\/2023\/10\/20230925_163814-300x139.jpg 300w, https:\/\/escuelas.mvl.edu.ar\/empas\/wp-content\/uploads\/sites\/3\/2023\/10\/20230925_163814-768x355.jpg 768w, https:\/\/escuelas.mvl.edu.ar\/empas\/wp-content\/uploads\/sites\/3\/2023\/10\/20230925_163814-1536x710.jpg 1536w, https:\/\/escuelas.mvl.edu.ar\/empas\/wp-content\/uploads\/sites\/3\/2023\/10\/20230925_163814-2048x947.jpg 2048w\" sizes=\"(max-width: 1024px) 100vw, 1024px\" \/><\/figure>\n<\/figure>\n","protected":false},"excerpt":{"rendered":"<p>El d\u00eda 25 de septiembre recibimos la visita del Ensamble de Vientos del Instituto de M\u00fasica Jos\u00e9 Hern\u00e1ndez, dirigido por el Profesor Esteban Rolls. Los\/las estudiantes disfrutaron del concierto did\u00e1ctico y pudieron conocer los instrumentos y sus caracter\u00edsticas.Agradecemos la organizaci\u00f3n del evento a la profesora Anabella C\u00e1nepa.<\/p>\n","protected":false},"author":110,"featured_media":0,"comment_status":"closed","ping_status":"closed","sticky":false,"template":"","format":"standard","meta":{"footnotes":""},"categories":[283,53],"tags":[],"class_list":["post-9530","post","type-post","status-publish","format-standard","hentry","category-comunicaciones","category-escuela-paula-albarracin"],"_links":{"self":[{"href":"https:\/\/escuelas.mvl.edu.ar\/empas\/wp-json\/wp\/v2\/posts\/9530","targetHints":{"allow":["GET"]}}],"collection":[{"href":"https:\/\/escuelas.mvl.edu.ar\/empas\/wp-json\/wp\/v2\/posts"}],"about":[{"href":"https:\/\/escuelas.mvl.edu.ar\/empas\/wp-json\/wp\/v2\/types\/post"}],"author":[{"embeddable":true,"href":"https:\/\/escuelas.mvl.edu.ar\/empas\/wp-json\/wp\/v2\/users\/110"}],"replies":[{"embeddable":true,"href":"https:\/\/escuelas.mvl.edu.ar\/empas\/wp-json\/wp\/v2\/comments?post=9530"}],"version-history":[{"count":13,"href":"https:\/\/escuelas.mvl.edu.ar\/empas\/wp-json\/wp\/v2\/posts\/9530\/revisions"}],"predecessor-version":[{"id":9550,"href":"https:\/\/escuelas.mvl.edu.ar\/empas\/wp-json\/wp\/v2\/posts\/9530\/revisions\/9550"}],"wp:attachment":[{"href":"https:\/\/escuelas.mvl.edu.ar\/empas\/wp-json\/wp\/v2\/media?parent=9530"}],"wp:term":[{"taxonomy":"category","embeddable":true,"href":"https:\/\/escuelas.mvl.edu.ar\/empas\/wp-json\/wp\/v2\/categories?post=9530"},{"taxonomy":"post_tag","embeddable":true,"href":"https:\/\/escuelas.mvl.edu.ar\/empas\/wp-json\/wp\/v2\/tags?post=9530"}],"curies":[{"name":"wp","href":"https:\/\/api.w.org\/{rel}","templated":true}]}}