{"id":9567,"date":"2023-10-05T12:23:07","date_gmt":"2023-10-05T12:23:07","guid":{"rendered":"https:\/\/escuelas.mvl.edu.ar\/empas\/?p=9567"},"modified":"2023-10-05T12:23:08","modified_gmt":"2023-10-05T12:23:08","slug":"olimpiadas-de-quimica","status":"publish","type":"post","link":"https:\/\/escuelas.mvl.edu.ar\/empas\/2023\/10\/05\/olimpiadas-de-quimica\/","title":{"rendered":"Olimp\u00edadas de Qu\u00edmica"},"content":{"rendered":"<div class=\"wp-block-image\">\n<figure class=\"aligncenter size-full\"><img decoding=\"async\" width=\"200\" height=\"150\" src=\"https:\/\/escuelas.mvl.edu.ar\/empas\/wp-content\/uploads\/sites\/3\/2023\/10\/logo-1-edited-1.png\" alt=\"\" class=\"wp-image-9571\" \/><\/figure>\n<\/div>\n\n\n<p>El pasado <strong>15 de septiembre<\/strong> se llev\u00f3 a cabo la instancia zonal de las <strong>olimpiadas de qu\u00edmica<\/strong>, en el colegio <strong>Lasalle de la localidad de Florida<\/strong>. Pasaron a la instancia <strong>Nacional<\/strong> la estudiante <strong>Maira del Mar de 5to naturales \u201cA\u201d<\/strong> turno ma\u00f1ana, <strong>Pedro Hern\u00e1ndez Stabile de 4to naturales \u201cB\u201d<\/strong> y <strong>Andr\u00e9s Facundo Fern\u00e1ndez Cardozo de 5to naturales \u201cB\u201d <\/strong>del turno tarde.<\/p>\n\n\n\n<p><strong>El Certamen Nacional se realizar\u00e1 durante los d\u00edas 31 de octubre al 3 de noviembre en Villa Giardino, C\u00f3rdoba.<\/strong><\/p>\n\n\n\n<p><strong>Muchos \u00e9xitos para ellos!\u00a0<\/strong><\/p>\n\n\n\n<p><strong>Prof. Alberto Azor\u00edn<\/strong><\/p>\n","protected":false},"excerpt":{"rendered":"<p>El pasado 15 de septiembre se llev\u00f3 a cabo la instancia zonal de las olimpiadas de qu\u00edmica, en el colegio Lasalle de la localidad de Florida. Pasaron a la instancia Nacional la estudiante Maira del Mar de 5to naturales \u201cA\u201d turno ma\u00f1ana, Pedro Hern\u00e1ndez Stabile de 4to naturales \u201cB\u201d y Andr\u00e9s Facundo Fern\u00e1ndez Cardozo de 5to naturales \u201cB\u201d del turno tarde. El Certamen Nacional se realizar\u00e1 durante los d\u00edas 31 de octubre al 3 de noviembre en Villa Giardino, C\u00f3rdoba. Muchos \u00e9xitos para ellos!\u00a0 Prof. Alberto Azor\u00edn<\/p>\n","protected":false},"author":110,"featured_media":0,"comment_status":"closed","ping_status":"closed","sticky":false,"template":"","format":"standard","meta":{"footnotes":""},"categories":[283,53],"tags":[],"class_list":["post-9567","post","type-post","status-publish","format-standard","hentry","category-comunicaciones","category-escuela-paula-albarracin"],"_links":{"self":[{"href":"https:\/\/escuelas.mvl.edu.ar\/empas\/wp-json\/wp\/v2\/posts\/9567","targetHints":{"allow":["GET"]}}],"collection":[{"href":"https:\/\/escuelas.mvl.edu.ar\/empas\/wp-json\/wp\/v2\/posts"}],"about":[{"href":"https:\/\/escuelas.mvl.edu.ar\/empas\/wp-json\/wp\/v2\/types\/post"}],"author":[{"embeddable":true,"href":"https:\/\/escuelas.mvl.edu.ar\/empas\/wp-json\/wp\/v2\/users\/110"}],"replies":[{"embeddable":true,"href":"https:\/\/escuelas.mvl.edu.ar\/empas\/wp-json\/wp\/v2\/comments?post=9567"}],"version-history":[{"count":1,"href":"https:\/\/escuelas.mvl.edu.ar\/empas\/wp-json\/wp\/v2\/posts\/9567\/revisions"}],"predecessor-version":[{"id":9572,"href":"https:\/\/escuelas.mvl.edu.ar\/empas\/wp-json\/wp\/v2\/posts\/9567\/revisions\/9572"}],"wp:attachment":[{"href":"https:\/\/escuelas.mvl.edu.ar\/empas\/wp-json\/wp\/v2\/media?parent=9567"}],"wp:term":[{"taxonomy":"category","embeddable":true,"href":"https:\/\/escuelas.mvl.edu.ar\/empas\/wp-json\/wp\/v2\/categories?post=9567"},{"taxonomy":"post_tag","embeddable":true,"href":"https:\/\/escuelas.mvl.edu.ar\/empas\/wp-json\/wp\/v2\/tags?post=9567"}],"curies":[{"name":"wp","href":"https:\/\/api.w.org\/{rel}","templated":true}]}}