{"id":9583,"date":"2023-10-23T11:39:40","date_gmt":"2023-10-23T11:39:40","guid":{"rendered":"https:\/\/escuelas.mvl.edu.ar\/empas\/?p=9583"},"modified":"2023-10-23T11:46:39","modified_gmt":"2023-10-23T11:46:39","slug":"concurso-literario-intercolegial","status":"publish","type":"post","link":"https:\/\/escuelas.mvl.edu.ar\/empas\/2023\/10\/23\/concurso-literario-intercolegial\/","title":{"rendered":"Concurso Literario Intercolegial"},"content":{"rendered":"\n<p>El d\u00eda <strong>29 de septiembre a las 19hs. <\/strong>en el <strong>Auditorio del Colegio Armenio de Vicente L\u00f3pez<\/strong>, se realiz\u00f3 la ceremonia de premiaci\u00f3n del <strong>Concurso Literario Intercolegial,\u00a0\u00abUna nueva mirada en un nuevo trayecto creativo\u00bb<\/strong><\/p>\n\n\n\n<p><strong>Las\/os estudiantes distinguidas\/dos fueron los siguientes:<\/strong><\/p>\n\n\n\n<p><strong>Categor\u00eda 3\u00b0: FRANCO ANTONIO SICILIANO &#8211; Puesto 3ro. (4\u00b0Nat.\u00bbA\u00bb)<\/strong><\/p>\n\n\n\n<p><strong>Categor\u00eda 3\u00b0: LUCILA MONSERRAT &#8211; Menci\u00f3n (4\u00b0SOC.\u00bbB\u00bb)<\/strong><\/p>\n\n\n\n<p><strong>Categor\u00eda 4\u00b0: TOM\u00c1S HELMAN &#8211; Puesto 2do. (6\u00b0Arte)<\/strong><\/p>\n\n\n\n<p><strong>Agradecemos su entusiasta participaci\u00f3n. Asimismo que hayan representado de manera honrada mediante sus valiosas producciones a nuestra Instituci\u00f3n.<\/strong><\/p>\n\n\n\n<figure class=\"wp-block-image size-large is-style-default\"><img fetchpriority=\"high\" decoding=\"async\" width=\"1024\" height=\"768\" src=\"https:\/\/escuelas.mvl.edu.ar\/empas\/wp-content\/uploads\/sites\/3\/2023\/10\/IMG_20230929_203348387_HDR-1024x768.jpg\" alt=\"\" class=\"wp-image-9585\" srcset=\"https:\/\/escuelas.mvl.edu.ar\/empas\/wp-content\/uploads\/sites\/3\/2023\/10\/IMG_20230929_203348387_HDR-1024x768.jpg 1024w, https:\/\/escuelas.mvl.edu.ar\/empas\/wp-content\/uploads\/sites\/3\/2023\/10\/IMG_20230929_203348387_HDR-300x225.jpg 300w, https:\/\/escuelas.mvl.edu.ar\/empas\/wp-content\/uploads\/sites\/3\/2023\/10\/IMG_20230929_203348387_HDR-768x576.jpg 768w, https:\/\/escuelas.mvl.edu.ar\/empas\/wp-content\/uploads\/sites\/3\/2023\/10\/IMG_20230929_203348387_HDR-1536x1152.jpg 1536w, https:\/\/escuelas.mvl.edu.ar\/empas\/wp-content\/uploads\/sites\/3\/2023\/10\/IMG_20230929_203348387_HDR-2048x1536.jpg 2048w\" sizes=\"(max-width: 1024px) 100vw, 1024px\" \/><\/figure>\n\n\n\n<p><\/p>\n\n\n\n<figure class=\"wp-block-gallery has-nested-images columns-default is-cropped wp-block-gallery-1 is-layout-flex wp-block-gallery-is-layout-flex\">\n<figure class=\"wp-block-image size-large\"><img decoding=\"async\" width=\"1024\" height=\"768\" data-id=\"9586\" src=\"https:\/\/escuelas.mvl.edu.ar\/empas\/wp-content\/uploads\/sites\/3\/2023\/10\/IMG_20230929_194711537-1024x768.jpg\" alt=\"\" class=\"wp-image-9586\" srcset=\"https:\/\/escuelas.mvl.edu.ar\/empas\/wp-content\/uploads\/sites\/3\/2023\/10\/IMG_20230929_194711537-1024x768.jpg 1024w, https:\/\/escuelas.mvl.edu.ar\/empas\/wp-content\/uploads\/sites\/3\/2023\/10\/IMG_20230929_194711537-300x225.jpg 300w, https:\/\/escuelas.mvl.edu.ar\/empas\/wp-content\/uploads\/sites\/3\/2023\/10\/IMG_20230929_194711537-768x576.jpg 768w, https:\/\/escuelas.mvl.edu.ar\/empas\/wp-content\/uploads\/sites\/3\/2023\/10\/IMG_20230929_194711537-1536x1152.jpg 1536w, https:\/\/escuelas.mvl.edu.ar\/empas\/wp-content\/uploads\/sites\/3\/2023\/10\/IMG_20230929_194711537-2048x1536.jpg 2048w\" sizes=\"(max-width: 1024px) 100vw, 1024px\" \/><\/figure>\n\n\n\n<figure class=\"wp-block-image size-large\"><img decoding=\"async\" width=\"1024\" height=\"768\" data-id=\"9587\" src=\"https:\/\/escuelas.mvl.edu.ar\/empas\/wp-content\/uploads\/sites\/3\/2023\/10\/IMG_20230929_194743658-1-1024x768.jpg\" alt=\"\" class=\"wp-image-9587\" srcset=\"https:\/\/escuelas.mvl.edu.ar\/empas\/wp-content\/uploads\/sites\/3\/2023\/10\/IMG_20230929_194743658-1-1024x768.jpg 1024w, https:\/\/escuelas.mvl.edu.ar\/empas\/wp-content\/uploads\/sites\/3\/2023\/10\/IMG_20230929_194743658-1-300x225.jpg 300w, https:\/\/escuelas.mvl.edu.ar\/empas\/wp-content\/uploads\/sites\/3\/2023\/10\/IMG_20230929_194743658-1-768x576.jpg 768w, https:\/\/escuelas.mvl.edu.ar\/empas\/wp-content\/uploads\/sites\/3\/2023\/10\/IMG_20230929_194743658-1-1536x1152.jpg 1536w, https:\/\/escuelas.mvl.edu.ar\/empas\/wp-content\/uploads\/sites\/3\/2023\/10\/IMG_20230929_194743658-1-2048x1536.jpg 2048w\" sizes=\"(max-width: 1024px) 100vw, 1024px\" \/><\/figure>\n\n\n\n<figure class=\"wp-block-image size-large\"><img loading=\"lazy\" decoding=\"async\" width=\"1024\" height=\"768\" data-id=\"9588\" src=\"https:\/\/escuelas.mvl.edu.ar\/empas\/wp-content\/uploads\/sites\/3\/2023\/10\/IMG_20230929_195106095-1-1024x768.jpg\" alt=\"\" class=\"wp-image-9588\" srcset=\"https:\/\/escuelas.mvl.edu.ar\/empas\/wp-content\/uploads\/sites\/3\/2023\/10\/IMG_20230929_195106095-1-1024x768.jpg 1024w, https:\/\/escuelas.mvl.edu.ar\/empas\/wp-content\/uploads\/sites\/3\/2023\/10\/IMG_20230929_195106095-1-300x225.jpg 300w, https:\/\/escuelas.mvl.edu.ar\/empas\/wp-content\/uploads\/sites\/3\/2023\/10\/IMG_20230929_195106095-1-768x576.jpg 768w, https:\/\/escuelas.mvl.edu.ar\/empas\/wp-content\/uploads\/sites\/3\/2023\/10\/IMG_20230929_195106095-1-1536x1152.jpg 1536w, https:\/\/escuelas.mvl.edu.ar\/empas\/wp-content\/uploads\/sites\/3\/2023\/10\/IMG_20230929_195106095-1-2048x1536.jpg 2048w\" sizes=\"(max-width: 1024px) 100vw, 1024px\" \/><\/figure>\n<\/figure>\n","protected":false},"excerpt":{"rendered":"<p>El d\u00eda 29 de septiembre a las 19hs. en el Auditorio del Colegio Armenio de Vicente L\u00f3pez, se realiz\u00f3 la ceremonia de premiaci\u00f3n del Concurso Literario Intercolegial,\u00a0\u00abUna nueva mirada en un nuevo trayecto creativo\u00bb Las\/os estudiantes distinguidas\/dos fueron los siguientes: Categor\u00eda 3\u00b0: FRANCO ANTONIO SICILIANO &#8211; Puesto 3ro. (4\u00b0Nat.\u00bbA\u00bb) Categor\u00eda 3\u00b0: LUCILA MONSERRAT &#8211; Menci\u00f3n (4\u00b0SOC.\u00bbB\u00bb) Categor\u00eda 4\u00b0: TOM\u00c1S HELMAN &#8211; Puesto 2do. (6\u00b0Arte) Agradecemos su entusiasta participaci\u00f3n. Asimismo que hayan representado de manera honrada mediante sus valiosas producciones a nuestra Instituci\u00f3n.<\/p>\n","protected":false},"author":110,"featured_media":0,"comment_status":"closed","ping_status":"closed","sticky":false,"template":"","format":"standard","meta":{"footnotes":""},"categories":[283,53],"tags":[],"class_list":["post-9583","post","type-post","status-publish","format-standard","hentry","category-comunicaciones","category-escuela-paula-albarracin"],"_links":{"self":[{"href":"https:\/\/escuelas.mvl.edu.ar\/empas\/wp-json\/wp\/v2\/posts\/9583","targetHints":{"allow":["GET"]}}],"collection":[{"href":"https:\/\/escuelas.mvl.edu.ar\/empas\/wp-json\/wp\/v2\/posts"}],"about":[{"href":"https:\/\/escuelas.mvl.edu.ar\/empas\/wp-json\/wp\/v2\/types\/post"}],"author":[{"embeddable":true,"href":"https:\/\/escuelas.mvl.edu.ar\/empas\/wp-json\/wp\/v2\/users\/110"}],"replies":[{"embeddable":true,"href":"https:\/\/escuelas.mvl.edu.ar\/empas\/wp-json\/wp\/v2\/comments?post=9583"}],"version-history":[{"count":3,"href":"https:\/\/escuelas.mvl.edu.ar\/empas\/wp-json\/wp\/v2\/posts\/9583\/revisions"}],"predecessor-version":[{"id":9591,"href":"https:\/\/escuelas.mvl.edu.ar\/empas\/wp-json\/wp\/v2\/posts\/9583\/revisions\/9591"}],"wp:attachment":[{"href":"https:\/\/escuelas.mvl.edu.ar\/empas\/wp-json\/wp\/v2\/media?parent=9583"}],"wp:term":[{"taxonomy":"category","embeddable":true,"href":"https:\/\/escuelas.mvl.edu.ar\/empas\/wp-json\/wp\/v2\/categories?post=9583"},{"taxonomy":"post_tag","embeddable":true,"href":"https:\/\/escuelas.mvl.edu.ar\/empas\/wp-json\/wp\/v2\/tags?post=9583"}],"curies":[{"name":"wp","href":"https:\/\/api.w.org\/{rel}","templated":true}]}}