{"id":9593,"date":"2023-10-30T15:33:25","date_gmt":"2023-10-30T15:33:25","guid":{"rendered":"https:\/\/escuelas.mvl.edu.ar\/empas\/?p=9593"},"modified":"2023-10-30T20:42:42","modified_gmt":"2023-10-30T20:42:42","slug":"proyecto-articulado-con-la-escuela-502-6tosoc-a-materia-arte","status":"publish","type":"post","link":"https:\/\/escuelas.mvl.edu.ar\/empas\/2023\/10\/30\/proyecto-articulado-con-la-escuela-502-6tosoc-a-materia-arte\/","title":{"rendered":"Proyecto articulado con la Escuela 502 6to\u00bbSoc.A\u00bb Materia Arte"},"content":{"rendered":"\n<p>Los estudiantes de<strong> 6to \u00abSoc.A\u00bb<\/strong> crearon en la materia <strong>Arte <\/strong>dos libros ilustrados con la t\u00e9cnica de \u00abpop Up\u00bb para ser entregados en la escuela <strong>Especial N\u00b0&nbsp; 502 .&nbsp;<\/strong><\/p>\n\n\n\n<p>Primero recibimos la visita del <strong>Director de la Escuela n\u00b0 502 Federico Topet<\/strong>, quien nos cont\u00f3 de las caracter\u00edsticas de la escuela y los estudiantes que concurren, en su mayor\u00eda personas con capacidades especiales motoras.&nbsp;<\/p>\n\n\n\n<p>Luego trabajamos en la ilustraci\u00f3n de los textos, considerando esta realidad y haciendo que los personajes tuvieran consonancia con las caracter\u00edsticas de dicha instituci\u00f3n.<\/p>\n\n\n\n<p>El <strong>Martes 24 de Octubre <\/strong>concurrimos a la escuela, donde le\u00edmos los cuentos, cantamos canciones de <strong>Mar\u00eda Elena Walsh <\/strong>y luego los chicxs de la escuela 502 nos ense\u00f1aron deportes adaptados. Fue una verdadera fiesta de integraci\u00f3n, una experiencia sumamente enriquecedora para todos los que participamos de este encuentro.&nbsp;<\/p>\n\n\n\n<p>El proyecto estuvo a cargo de la profesora<strong> Mariana Barreto<\/strong> y acompa\u00f1\u00f3 la visita la profesora <strong>Bel\u00e9n Arco.<\/strong>\u00a0<\/p>\n\n\n\n<figure class=\"wp-block-image size-large\"><img fetchpriority=\"high\" decoding=\"async\" width=\"1024\" height=\"611\" src=\"https:\/\/escuelas.mvl.edu.ar\/empas\/wp-content\/uploads\/sites\/3\/2023\/10\/IMG-20231024-WA0029-2-1024x611.jpg\" alt=\"\" class=\"wp-image-9603\" srcset=\"https:\/\/escuelas.mvl.edu.ar\/empas\/wp-content\/uploads\/sites\/3\/2023\/10\/IMG-20231024-WA0029-2-1024x611.jpg 1024w, https:\/\/escuelas.mvl.edu.ar\/empas\/wp-content\/uploads\/sites\/3\/2023\/10\/IMG-20231024-WA0029-2-300x179.jpg 300w, https:\/\/escuelas.mvl.edu.ar\/empas\/wp-content\/uploads\/sites\/3\/2023\/10\/IMG-20231024-WA0029-2-768x458.jpg 768w, https:\/\/escuelas.mvl.edu.ar\/empas\/wp-content\/uploads\/sites\/3\/2023\/10\/IMG-20231024-WA0029-2-1536x917.jpg 1536w, https:\/\/escuelas.mvl.edu.ar\/empas\/wp-content\/uploads\/sites\/3\/2023\/10\/IMG-20231024-WA0029-2.jpg 1600w\" sizes=\"(max-width: 1024px) 100vw, 1024px\" \/><\/figure>\n\n\n\n<figure class=\"wp-block-gallery has-nested-images columns-default is-cropped wp-block-gallery-1 is-layout-flex wp-block-gallery-is-layout-flex\">\n<figure class=\"wp-block-image size-large\"><img decoding=\"async\" width=\"768\" height=\"1024\" data-id=\"9601\" src=\"https:\/\/escuelas.mvl.edu.ar\/empas\/wp-content\/uploads\/sites\/3\/2023\/10\/20231024_114027-768x1024.jpg\" alt=\"\" class=\"wp-image-9601\" srcset=\"https:\/\/escuelas.mvl.edu.ar\/empas\/wp-content\/uploads\/sites\/3\/2023\/10\/20231024_114027-768x1024.jpg 768w, https:\/\/escuelas.mvl.edu.ar\/empas\/wp-content\/uploads\/sites\/3\/2023\/10\/20231024_114027-225x300.jpg 225w, https:\/\/escuelas.mvl.edu.ar\/empas\/wp-content\/uploads\/sites\/3\/2023\/10\/20231024_114027-1152x1536.jpg 1152w, https:\/\/escuelas.mvl.edu.ar\/empas\/wp-content\/uploads\/sites\/3\/2023\/10\/20231024_114027-1536x2048.jpg 1536w, https:\/\/escuelas.mvl.edu.ar\/empas\/wp-content\/uploads\/sites\/3\/2023\/10\/20231024_114027-scaled.jpg 1920w\" sizes=\"(max-width: 768px) 100vw, 768px\" \/><\/figure>\n\n\n\n<figure class=\"wp-block-image size-large\"><img decoding=\"async\" width=\"1024\" height=\"768\" data-id=\"9600\" src=\"https:\/\/escuelas.mvl.edu.ar\/empas\/wp-content\/uploads\/sites\/3\/2023\/10\/20231024_113735-1024x768.jpg\" alt=\"\" class=\"wp-image-9600\" srcset=\"https:\/\/escuelas.mvl.edu.ar\/empas\/wp-content\/uploads\/sites\/3\/2023\/10\/20231024_113735-1024x768.jpg 1024w, https:\/\/escuelas.mvl.edu.ar\/empas\/wp-content\/uploads\/sites\/3\/2023\/10\/20231024_113735-300x225.jpg 300w, https:\/\/escuelas.mvl.edu.ar\/empas\/wp-content\/uploads\/sites\/3\/2023\/10\/20231024_113735-768x576.jpg 768w, https:\/\/escuelas.mvl.edu.ar\/empas\/wp-content\/uploads\/sites\/3\/2023\/10\/20231024_113735-1536x1152.jpg 1536w, https:\/\/escuelas.mvl.edu.ar\/empas\/wp-content\/uploads\/sites\/3\/2023\/10\/20231024_113735-2048x1536.jpg 2048w\" sizes=\"(max-width: 1024px) 100vw, 1024px\" \/><\/figure>\n\n\n\n<figure class=\"wp-block-image size-large\"><img loading=\"lazy\" decoding=\"async\" width=\"768\" height=\"1024\" data-id=\"9598\" src=\"https:\/\/escuelas.mvl.edu.ar\/empas\/wp-content\/uploads\/sites\/3\/2023\/10\/20231024_112733-768x1024.jpg\" alt=\"\" class=\"wp-image-9598\" srcset=\"https:\/\/escuelas.mvl.edu.ar\/empas\/wp-content\/uploads\/sites\/3\/2023\/10\/20231024_112733-768x1024.jpg 768w, https:\/\/escuelas.mvl.edu.ar\/empas\/wp-content\/uploads\/sites\/3\/2023\/10\/20231024_112733-225x300.jpg 225w, https:\/\/escuelas.mvl.edu.ar\/empas\/wp-content\/uploads\/sites\/3\/2023\/10\/20231024_112733-1152x1536.jpg 1152w, https:\/\/escuelas.mvl.edu.ar\/empas\/wp-content\/uploads\/sites\/3\/2023\/10\/20231024_112733-1536x2048.jpg 1536w, https:\/\/escuelas.mvl.edu.ar\/empas\/wp-content\/uploads\/sites\/3\/2023\/10\/20231024_112733-scaled.jpg 1920w\" sizes=\"(max-width: 768px) 100vw, 768px\" \/><\/figure>\n\n\n\n<figure class=\"wp-block-image size-large\"><img loading=\"lazy\" decoding=\"async\" width=\"768\" height=\"1024\" data-id=\"9599\" src=\"https:\/\/escuelas.mvl.edu.ar\/empas\/wp-content\/uploads\/sites\/3\/2023\/10\/20231024_113547-768x1024.jpg\" alt=\"\" class=\"wp-image-9599\" srcset=\"https:\/\/escuelas.mvl.edu.ar\/empas\/wp-content\/uploads\/sites\/3\/2023\/10\/20231024_113547-768x1024.jpg 768w, https:\/\/escuelas.mvl.edu.ar\/empas\/wp-content\/uploads\/sites\/3\/2023\/10\/20231024_113547-225x300.jpg 225w, https:\/\/escuelas.mvl.edu.ar\/empas\/wp-content\/uploads\/sites\/3\/2023\/10\/20231024_113547-1152x1536.jpg 1152w, https:\/\/escuelas.mvl.edu.ar\/empas\/wp-content\/uploads\/sites\/3\/2023\/10\/20231024_113547-1536x2048.jpg 1536w, https:\/\/escuelas.mvl.edu.ar\/empas\/wp-content\/uploads\/sites\/3\/2023\/10\/20231024_113547-scaled.jpg 1920w\" sizes=\"(max-width: 768px) 100vw, 768px\" \/><\/figure>\n\n\n\n<figure class=\"wp-block-image size-large\"><img loading=\"lazy\" decoding=\"async\" width=\"768\" height=\"1024\" data-id=\"9595\" src=\"https:\/\/escuelas.mvl.edu.ar\/empas\/wp-content\/uploads\/sites\/3\/2023\/10\/IMG-20231024-WA0031-768x1024.jpg\" alt=\"\" class=\"wp-image-9595\" srcset=\"https:\/\/escuelas.mvl.edu.ar\/empas\/wp-content\/uploads\/sites\/3\/2023\/10\/IMG-20231024-WA0031-768x1024.jpg 768w, https:\/\/escuelas.mvl.edu.ar\/empas\/wp-content\/uploads\/sites\/3\/2023\/10\/IMG-20231024-WA0031-225x300.jpg 225w, https:\/\/escuelas.mvl.edu.ar\/empas\/wp-content\/uploads\/sites\/3\/2023\/10\/IMG-20231024-WA0031-1152x1536.jpg 1152w, https:\/\/escuelas.mvl.edu.ar\/empas\/wp-content\/uploads\/sites\/3\/2023\/10\/IMG-20231024-WA0031.jpg 1200w\" sizes=\"(max-width: 768px) 100vw, 768px\" \/><\/figure>\n\n\n\n<figure class=\"wp-block-image size-large\"><img loading=\"lazy\" decoding=\"async\" width=\"768\" height=\"1024\" data-id=\"9594\" src=\"https:\/\/escuelas.mvl.edu.ar\/empas\/wp-content\/uploads\/sites\/3\/2023\/10\/IMG-20231024-WA0018-768x1024.jpg\" alt=\"\" class=\"wp-image-9594\" srcset=\"https:\/\/escuelas.mvl.edu.ar\/empas\/wp-content\/uploads\/sites\/3\/2023\/10\/IMG-20231024-WA0018-768x1024.jpg 768w, https:\/\/escuelas.mvl.edu.ar\/empas\/wp-content\/uploads\/sites\/3\/2023\/10\/IMG-20231024-WA0018-225x300.jpg 225w, https:\/\/escuelas.mvl.edu.ar\/empas\/wp-content\/uploads\/sites\/3\/2023\/10\/IMG-20231024-WA0018-1152x1536.jpg 1152w, https:\/\/escuelas.mvl.edu.ar\/empas\/wp-content\/uploads\/sites\/3\/2023\/10\/IMG-20231024-WA0018.jpg 1200w\" sizes=\"(max-width: 768px) 100vw, 768px\" \/><\/figure>\n<\/figure>\n","protected":false},"excerpt":{"rendered":"<p>Los estudiantes de 6to \u00abSoc.A\u00bb crearon en la materia Arte dos libros ilustrados con la t\u00e9cnica de \u00abpop Up\u00bb para ser entregados en la escuela Especial N\u00b0&nbsp; 502 .&nbsp; Primero recibimos la visita del Director de la Escuela n\u00b0 502 Federico Topet, quien nos cont\u00f3 de las caracter\u00edsticas de la escuela y los estudiantes que concurren, en su mayor\u00eda personas con capacidades especiales motoras.&nbsp; Luego trabajamos en la ilustraci\u00f3n de los textos, considerando esta realidad y haciendo que los personajes tuvieran consonancia con las caracter\u00edsticas de dicha instituci\u00f3n. El Martes 24 de Octubre concurrimos a la escuela, donde le\u00edmos los cuentos, cantamos canciones de Mar\u00eda Elena Walsh y luego los chicxs de la escuela 502 nos ense\u00f1aron deportes adaptados. Fue una verdadera fiesta de integraci\u00f3n, una experiencia sumamente enriquecedora para todos los que participamos de este encuentro.&nbsp; El proyecto estuvo a cargo de la profesora Mariana Barreto y acompa\u00f1\u00f3 la visita la profesora Bel\u00e9n Arco.\u00a0<\/p>\n","protected":false},"author":110,"featured_media":0,"comment_status":"closed","ping_status":"closed","sticky":false,"template":"","format":"standard","meta":{"footnotes":""},"categories":[283,53],"tags":[],"class_list":["post-9593","post","type-post","status-publish","format-standard","hentry","category-comunicaciones","category-escuela-paula-albarracin"],"_links":{"self":[{"href":"https:\/\/escuelas.mvl.edu.ar\/empas\/wp-json\/wp\/v2\/posts\/9593","targetHints":{"allow":["GET"]}}],"collection":[{"href":"https:\/\/escuelas.mvl.edu.ar\/empas\/wp-json\/wp\/v2\/posts"}],"about":[{"href":"https:\/\/escuelas.mvl.edu.ar\/empas\/wp-json\/wp\/v2\/types\/post"}],"author":[{"embeddable":true,"href":"https:\/\/escuelas.mvl.edu.ar\/empas\/wp-json\/wp\/v2\/users\/110"}],"replies":[{"embeddable":true,"href":"https:\/\/escuelas.mvl.edu.ar\/empas\/wp-json\/wp\/v2\/comments?post=9593"}],"version-history":[{"count":5,"href":"https:\/\/escuelas.mvl.edu.ar\/empas\/wp-json\/wp\/v2\/posts\/9593\/revisions"}],"predecessor-version":[{"id":9610,"href":"https:\/\/escuelas.mvl.edu.ar\/empas\/wp-json\/wp\/v2\/posts\/9593\/revisions\/9610"}],"wp:attachment":[{"href":"https:\/\/escuelas.mvl.edu.ar\/empas\/wp-json\/wp\/v2\/media?parent=9593"}],"wp:term":[{"taxonomy":"category","embeddable":true,"href":"https:\/\/escuelas.mvl.edu.ar\/empas\/wp-json\/wp\/v2\/categories?post=9593"},{"taxonomy":"post_tag","embeddable":true,"href":"https:\/\/escuelas.mvl.edu.ar\/empas\/wp-json\/wp\/v2\/tags?post=9593"}],"curies":[{"name":"wp","href":"https:\/\/api.w.org\/{rel}","templated":true}]}}