{"id":9635,"date":"2023-11-14T15:57:51","date_gmt":"2023-11-14T15:57:51","guid":{"rendered":"https:\/\/escuelas.mvl.edu.ar\/empas\/?p=9635"},"modified":"2023-11-14T16:08:28","modified_gmt":"2023-11-14T16:08:28","slug":"empas-en-las-olimpadasnacionales-de-quimica","status":"publish","type":"post","link":"https:\/\/escuelas.mvl.edu.ar\/empas\/2023\/11\/14\/empas-en-las-olimpadasnacionales-de-quimica\/","title":{"rendered":"\u200a\u00a1EMPAS EN LAS OLIMPADAS NACIONALES DE QU\u00cdMICA!"},"content":{"rendered":"\n<figure class=\"wp-block-gallery has-nested-images columns-default is-cropped wp-block-gallery-1 is-layout-flex wp-block-gallery-is-layout-flex\">\n<figure class=\"wp-block-image size-large\"><img fetchpriority=\"high\" decoding=\"async\" width=\"1024\" height=\"768\" data-id=\"9636\" src=\"https:\/\/escuelas.mvl.edu.ar\/empas\/wp-content\/uploads\/sites\/3\/2023\/11\/Villa-Giardino-1-1024x768.jpg\" alt=\"\" class=\"wp-image-9636\" srcset=\"https:\/\/escuelas.mvl.edu.ar\/empas\/wp-content\/uploads\/sites\/3\/2023\/11\/Villa-Giardino-1-1024x768.jpg 1024w, https:\/\/escuelas.mvl.edu.ar\/empas\/wp-content\/uploads\/sites\/3\/2023\/11\/Villa-Giardino-1-300x225.jpg 300w, https:\/\/escuelas.mvl.edu.ar\/empas\/wp-content\/uploads\/sites\/3\/2023\/11\/Villa-Giardino-1-768x576.jpg 768w, https:\/\/escuelas.mvl.edu.ar\/empas\/wp-content\/uploads\/sites\/3\/2023\/11\/Villa-Giardino-1-1536x1152.jpg 1536w, https:\/\/escuelas.mvl.edu.ar\/empas\/wp-content\/uploads\/sites\/3\/2023\/11\/Villa-Giardino-1-2048x1536.jpg 2048w\" sizes=\"(max-width: 1024px) 100vw, 1024px\" \/><\/figure>\n\n\n\n<figure class=\"wp-block-image size-large\"><img decoding=\"async\" width=\"1024\" height=\"768\" data-id=\"9637\" src=\"https:\/\/escuelas.mvl.edu.ar\/empas\/wp-content\/uploads\/sites\/3\/2023\/11\/Villa-Giardino-2-1024x768.jpg\" alt=\"\" class=\"wp-image-9637\" srcset=\"https:\/\/escuelas.mvl.edu.ar\/empas\/wp-content\/uploads\/sites\/3\/2023\/11\/Villa-Giardino-2-1024x768.jpg 1024w, https:\/\/escuelas.mvl.edu.ar\/empas\/wp-content\/uploads\/sites\/3\/2023\/11\/Villa-Giardino-2-300x225.jpg 300w, https:\/\/escuelas.mvl.edu.ar\/empas\/wp-content\/uploads\/sites\/3\/2023\/11\/Villa-Giardino-2-768x576.jpg 768w, https:\/\/escuelas.mvl.edu.ar\/empas\/wp-content\/uploads\/sites\/3\/2023\/11\/Villa-Giardino-2-1536x1152.jpg 1536w, https:\/\/escuelas.mvl.edu.ar\/empas\/wp-content\/uploads\/sites\/3\/2023\/11\/Villa-Giardino-2-2048x1536.jpg 2048w\" sizes=\"(max-width: 1024px) 100vw, 1024px\" \/><\/figure>\n<\/figure>\n\n\n\n<hr class=\"wp-block-separator has-alpha-channel-opacity\" \/>\n\n\n\n<p>Del 31 de octubre al 3 de noviembre del a\u00f1o pasado, se llev\u00f3 a cabo el <strong>33\u00ba Certamen Nacional de Olimpiadas de Qu\u00edmica<\/strong> en la localidad de Villa Giardino, <strong>C\u00f3rdoba<\/strong>, con la participaci\u00f3n de<strong> 290 estudiantes de todo el pa\u00eds<\/strong>.<\/p>\n\n\n\n<p>Los estudiantes de la <strong>Escuela Municipal Paula A. de Sarmiento<\/strong> en Olivos, <strong>Andr\u00e9s Fern\u00e1ndez Cardozo<\/strong> de 5to. a\u00f1o en la especialidad de Naturales (turno tarde) y <strong>Maira del Mar<\/strong> de 5to. a\u00f1o en la misma especialidad (turno ma\u00f1ana), lograron obtener la <strong>medalla de bronce<\/strong> en el nivel 1 de dicho certamen. Por su parte, <strong>Pedro Hernandez Stabile<\/strong>, estudiante de 4to. a\u00f1o en Ciencias Naturales (turno tarde), recibi\u00f3 un diploma de participaci\u00f3n. Estos tres destacados estudiantes fueron acompa\u00f1ados y preparados por el docente <strong>Alberto Azorin<\/strong>.<\/p>\n\n\n\n<p class=\"has-text-align-center\"><strong>\ud83d\udc68\ud83c\udffb\u200d\ud83d\udd2c \u200b\u00a1FELICITACIONES A LOS PARTICIPANTES! \u200b\ud83d\udc69\ud83c\udffb\u200d\ud83d\udd2c<\/strong><\/p>\n","protected":false},"excerpt":{"rendered":"<p>Del 31 de octubre al 3 de noviembre del a\u00f1o pasado, se llev\u00f3 a cabo el 33\u00ba Certamen Nacional de Olimpiadas de Qu\u00edmica en la localidad de Villa Giardino, C\u00f3rdoba, con la participaci\u00f3n de 290 estudiantes de todo el pa\u00eds. Los estudiantes de la Escuela Municipal Paula A. de Sarmiento en Olivos, Andr\u00e9s Fern\u00e1ndez Cardozo de 5to. a\u00f1o en la especialidad de Naturales (turno tarde) y Maira del Mar de 5to. a\u00f1o en la misma especialidad (turno ma\u00f1ana), lograron obtener la medalla de bronce en el nivel 1 de dicho certamen. Por su parte, Pedro Hernandez Stabile, estudiante de 4to. a\u00f1o en Ciencias Naturales (turno tarde), recibi\u00f3 un diploma de participaci\u00f3n. Estos tres destacados estudiantes fueron acompa\u00f1ados y preparados por el docente Alberto Azorin. \ud83d\udc68\ud83c\udffb\u200d\ud83d\udd2c \u200b\u00a1FELICITACIONES A LOS PARTICIPANTES! \u200b\ud83d\udc69\ud83c\udffb\u200d\ud83d\udd2c<\/p>\n","protected":false},"author":10,"featured_media":0,"comment_status":"closed","ping_status":"closed","sticky":false,"template":"","format":"standard","meta":{"footnotes":""},"categories":[283,53],"tags":[83],"class_list":["post-9635","post","type-post","status-publish","format-standard","hentry","category-comunicaciones","category-escuela-paula-albarracin","tag-noticias"],"_links":{"self":[{"href":"https:\/\/escuelas.mvl.edu.ar\/empas\/wp-json\/wp\/v2\/posts\/9635","targetHints":{"allow":["GET"]}}],"collection":[{"href":"https:\/\/escuelas.mvl.edu.ar\/empas\/wp-json\/wp\/v2\/posts"}],"about":[{"href":"https:\/\/escuelas.mvl.edu.ar\/empas\/wp-json\/wp\/v2\/types\/post"}],"author":[{"embeddable":true,"href":"https:\/\/escuelas.mvl.edu.ar\/empas\/wp-json\/wp\/v2\/users\/10"}],"replies":[{"embeddable":true,"href":"https:\/\/escuelas.mvl.edu.ar\/empas\/wp-json\/wp\/v2\/comments?post=9635"}],"version-history":[{"count":3,"href":"https:\/\/escuelas.mvl.edu.ar\/empas\/wp-json\/wp\/v2\/posts\/9635\/revisions"}],"predecessor-version":[{"id":9641,"href":"https:\/\/escuelas.mvl.edu.ar\/empas\/wp-json\/wp\/v2\/posts\/9635\/revisions\/9641"}],"wp:attachment":[{"href":"https:\/\/escuelas.mvl.edu.ar\/empas\/wp-json\/wp\/v2\/media?parent=9635"}],"wp:term":[{"taxonomy":"category","embeddable":true,"href":"https:\/\/escuelas.mvl.edu.ar\/empas\/wp-json\/wp\/v2\/categories?post=9635"},{"taxonomy":"post_tag","embeddable":true,"href":"https:\/\/escuelas.mvl.edu.ar\/empas\/wp-json\/wp\/v2\/tags?post=9635"}],"curies":[{"name":"wp","href":"https:\/\/api.w.org\/{rel}","templated":true}]}}