{"id":9656,"date":"2023-11-17T19:20:09","date_gmt":"2023-11-17T19:20:09","guid":{"rendered":"https:\/\/escuelas.mvl.edu.ar\/empas\/?p=9656"},"modified":"2023-11-22T18:00:33","modified_gmt":"2023-11-22T18:00:33","slug":"feria-steam-2023","status":"publish","type":"post","link":"https:\/\/escuelas.mvl.edu.ar\/empas\/2023\/11\/17\/feria-steam-2023\/","title":{"rendered":"Feria STEAM 2023"},"content":{"rendered":"\n<p>Participamos nuevamente de la <strong>FERIA STEAM,<\/strong> un enfoque educativo que integra las disciplinas de <strong>Ciencia, Tecnolog\u00eda, Ingenier\u00eda, Artes y Matem\u00e1ticas. <\/strong><\/p>\n\n\n\n<p><strong>STEAM<\/strong> promueve el <strong>pensamiento cr\u00edtico<\/strong> y la <strong>resoluci\u00f3n de problemas<\/strong>. Los estudiantes son <strong>desafiados<\/strong> a aplicar sus conocimientos para abordar<strong> problemas complejos<\/strong> y desarrollar <strong>soluciones creativas<\/strong> e <strong>innovadoras.<\/strong><\/p>\n\n\n\n<p><strong>El prop\u00f3sito, una educaci\u00f3n m\u00e1s completa y relevante para las demandas cambiantes del mundo actual.<\/strong><\/p>\n\n\n\n<p>La experiencia expande los aprendizajes buscando integrar las diferentes materias y fomenta habilidades interdisciplinarias en un proyecto com\u00fan, ofreciendo a los estudiantes la integraci\u00f3n de disciciplinas partieno del conocimiento academico e impulsando la creatividad, la investiaci\u00f3n, el trabajo colaborativo, el dise\u00f1o y el desarrollo de tecnolog\u00eda para la resoluci\u00f3n de problemas, mediante la experiencia vivencial.<\/p>\n\n\n\n<p>Los estudiantes de <strong>6to Naturales <\/strong>participaron desde la materia de <strong>Qu\u00edmica<\/strong> con su profesora <strong>Graciela Lucero<\/strong> desarrollando una \u00ab<strong>Campa\u00f1a de Prevenci\u00f3n y concientizaci\u00f3n al consumo del alcohol<\/strong>\u00bb interviniendo otras materias como, <strong>Arte-Matem\u00e1tica-Biolog\u00eda-ESI-TIC<\/strong>.<\/p>\n\n\n\n<p>Por otro lado las docentes <strong>Paula D. Besada<\/strong> y<strong>&nbsp;Paula Violante<\/strong> de <strong>Naturales<\/strong> presentaron un proyecto de \u00ab<strong>Germinaci\u00f3n&nbsp;en Suelos Nutricios<\/strong>\u00bb con la implementacion de tecnolog\u00eda desde el \u00e1rea de <strong>inform\u00e1tica.<\/strong><\/p>\n\n\n\n<figure class=\"wp-block-gallery has-nested-images columns-default is-cropped wp-block-gallery-1 is-layout-flex wp-block-gallery-is-layout-flex\">\n<figure class=\"wp-block-image size-large\"><img fetchpriority=\"high\" decoding=\"async\" width=\"768\" height=\"1024\" data-id=\"9662\" src=\"https:\/\/escuelas.mvl.edu.ar\/empas\/wp-content\/uploads\/sites\/3\/2023\/11\/IMG_20231101_141124-768x1024.jpg\" alt=\"\" class=\"wp-image-9662\" srcset=\"https:\/\/escuelas.mvl.edu.ar\/empas\/wp-content\/uploads\/sites\/3\/2023\/11\/IMG_20231101_141124-768x1024.jpg 768w, https:\/\/escuelas.mvl.edu.ar\/empas\/wp-content\/uploads\/sites\/3\/2023\/11\/IMG_20231101_141124-225x300.jpg 225w, https:\/\/escuelas.mvl.edu.ar\/empas\/wp-content\/uploads\/sites\/3\/2023\/11\/IMG_20231101_141124-1152x1536.jpg 1152w, https:\/\/escuelas.mvl.edu.ar\/empas\/wp-content\/uploads\/sites\/3\/2023\/11\/IMG_20231101_141124-1536x2048.jpg 1536w, https:\/\/escuelas.mvl.edu.ar\/empas\/wp-content\/uploads\/sites\/3\/2023\/11\/IMG_20231101_141124-scaled.jpg 1920w\" sizes=\"(max-width: 768px) 100vw, 768px\" \/><\/figure>\n\n\n\n<figure class=\"wp-block-image size-large\"><img decoding=\"async\" width=\"769\" height=\"1024\" data-id=\"9659\" src=\"https:\/\/escuelas.mvl.edu.ar\/empas\/wp-content\/uploads\/sites\/3\/2023\/11\/IMG_20231101_141929-769x1024.jpg\" alt=\"\" class=\"wp-image-9659\" srcset=\"https:\/\/escuelas.mvl.edu.ar\/empas\/wp-content\/uploads\/sites\/3\/2023\/11\/IMG_20231101_141929-769x1024.jpg 769w, https:\/\/escuelas.mvl.edu.ar\/empas\/wp-content\/uploads\/sites\/3\/2023\/11\/IMG_20231101_141929-225x300.jpg 225w, https:\/\/escuelas.mvl.edu.ar\/empas\/wp-content\/uploads\/sites\/3\/2023\/11\/IMG_20231101_141929-768x1022.jpg 768w, https:\/\/escuelas.mvl.edu.ar\/empas\/wp-content\/uploads\/sites\/3\/2023\/11\/IMG_20231101_141929-1154x1536.jpg 1154w, https:\/\/escuelas.mvl.edu.ar\/empas\/wp-content\/uploads\/sites\/3\/2023\/11\/IMG_20231101_141929-1538x2048.jpg 1538w, https:\/\/escuelas.mvl.edu.ar\/empas\/wp-content\/uploads\/sites\/3\/2023\/11\/IMG_20231101_141929-scaled.jpg 1923w\" sizes=\"(max-width: 769px) 100vw, 769px\" \/><\/figure>\n\n\n\n<figure class=\"wp-block-image size-large\"><img decoding=\"async\" width=\"768\" height=\"1024\" data-id=\"9661\" src=\"https:\/\/escuelas.mvl.edu.ar\/empas\/wp-content\/uploads\/sites\/3\/2023\/11\/IMG_20231101_143034-768x1024.jpg\" alt=\"\" class=\"wp-image-9661\" srcset=\"https:\/\/escuelas.mvl.edu.ar\/empas\/wp-content\/uploads\/sites\/3\/2023\/11\/IMG_20231101_143034-768x1024.jpg 768w, https:\/\/escuelas.mvl.edu.ar\/empas\/wp-content\/uploads\/sites\/3\/2023\/11\/IMG_20231101_143034-225x300.jpg 225w, https:\/\/escuelas.mvl.edu.ar\/empas\/wp-content\/uploads\/sites\/3\/2023\/11\/IMG_20231101_143034-1152x1536.jpg 1152w, https:\/\/escuelas.mvl.edu.ar\/empas\/wp-content\/uploads\/sites\/3\/2023\/11\/IMG_20231101_143034-1536x2048.jpg 1536w, https:\/\/escuelas.mvl.edu.ar\/empas\/wp-content\/uploads\/sites\/3\/2023\/11\/IMG_20231101_143034-scaled.jpg 1920w\" sizes=\"(max-width: 768px) 100vw, 768px\" \/><\/figure>\n<\/figure>\n\n\n\n<figure class=\"wp-block-gallery has-nested-images columns-default is-cropped wp-block-gallery-2 is-layout-flex wp-block-gallery-is-layout-flex\">\n<figure class=\"wp-block-image size-large\"><img loading=\"lazy\" decoding=\"async\" width=\"1024\" height=\"769\" data-id=\"9663\" src=\"https:\/\/escuelas.mvl.edu.ar\/empas\/wp-content\/uploads\/sites\/3\/2023\/11\/IMG_20231101_144426-1-1024x769.jpg\" alt=\"\" class=\"wp-image-9663\" srcset=\"https:\/\/escuelas.mvl.edu.ar\/empas\/wp-content\/uploads\/sites\/3\/2023\/11\/IMG_20231101_144426-1-1024x769.jpg 1024w, https:\/\/escuelas.mvl.edu.ar\/empas\/wp-content\/uploads\/sites\/3\/2023\/11\/IMG_20231101_144426-1-300x225.jpg 300w, https:\/\/escuelas.mvl.edu.ar\/empas\/wp-content\/uploads\/sites\/3\/2023\/11\/IMG_20231101_144426-1-768x577.jpg 768w, https:\/\/escuelas.mvl.edu.ar\/empas\/wp-content\/uploads\/sites\/3\/2023\/11\/IMG_20231101_144426-1-1536x1154.jpg 1536w, https:\/\/escuelas.mvl.edu.ar\/empas\/wp-content\/uploads\/sites\/3\/2023\/11\/IMG_20231101_144426-1-2048x1538.jpg 2048w\" sizes=\"(max-width: 1024px) 100vw, 1024px\" \/><\/figure>\n\n\n\n<figure class=\"wp-block-image size-large\"><img loading=\"lazy\" decoding=\"async\" width=\"769\" height=\"1024\" data-id=\"9665\" src=\"https:\/\/escuelas.mvl.edu.ar\/empas\/wp-content\/uploads\/sites\/3\/2023\/11\/IMG_20231101_144416-769x1024.jpg\" alt=\"\" class=\"wp-image-9665\" srcset=\"https:\/\/escuelas.mvl.edu.ar\/empas\/wp-content\/uploads\/sites\/3\/2023\/11\/IMG_20231101_144416-769x1024.jpg 769w, https:\/\/escuelas.mvl.edu.ar\/empas\/wp-content\/uploads\/sites\/3\/2023\/11\/IMG_20231101_144416-225x300.jpg 225w, https:\/\/escuelas.mvl.edu.ar\/empas\/wp-content\/uploads\/sites\/3\/2023\/11\/IMG_20231101_144416-768x1022.jpg 768w, https:\/\/escuelas.mvl.edu.ar\/empas\/wp-content\/uploads\/sites\/3\/2023\/11\/IMG_20231101_144416-1154x1536.jpg 1154w, https:\/\/escuelas.mvl.edu.ar\/empas\/wp-content\/uploads\/sites\/3\/2023\/11\/IMG_20231101_144416-1538x2048.jpg 1538w, https:\/\/escuelas.mvl.edu.ar\/empas\/wp-content\/uploads\/sites\/3\/2023\/11\/IMG_20231101_144416-scaled.jpg 1923w\" sizes=\"(max-width: 769px) 100vw, 769px\" \/><\/figure>\n<\/figure>\n\n\n\n<figure class=\"wp-block-gallery has-nested-images columns-default is-cropped wp-block-gallery-3 is-layout-flex wp-block-gallery-is-layout-flex\">\n<figure class=\"wp-block-image size-large\"><img loading=\"lazy\" decoding=\"async\" width=\"768\" height=\"1024\" data-id=\"9666\" src=\"https:\/\/escuelas.mvl.edu.ar\/empas\/wp-content\/uploads\/sites\/3\/2023\/11\/IMG_20231101_142541-768x1024.jpg\" alt=\"\" class=\"wp-image-9666\" srcset=\"https:\/\/escuelas.mvl.edu.ar\/empas\/wp-content\/uploads\/sites\/3\/2023\/11\/IMG_20231101_142541-768x1024.jpg 768w, https:\/\/escuelas.mvl.edu.ar\/empas\/wp-content\/uploads\/sites\/3\/2023\/11\/IMG_20231101_142541-225x300.jpg 225w, https:\/\/escuelas.mvl.edu.ar\/empas\/wp-content\/uploads\/sites\/3\/2023\/11\/IMG_20231101_142541-1152x1536.jpg 1152w, https:\/\/escuelas.mvl.edu.ar\/empas\/wp-content\/uploads\/sites\/3\/2023\/11\/IMG_20231101_142541-1536x2048.jpg 1536w, https:\/\/escuelas.mvl.edu.ar\/empas\/wp-content\/uploads\/sites\/3\/2023\/11\/IMG_20231101_142541-scaled.jpg 1920w\" sizes=\"(max-width: 768px) 100vw, 768px\" \/><\/figure>\n\n\n\n<figure class=\"wp-block-image size-large\"><img loading=\"lazy\" decoding=\"async\" width=\"1024\" height=\"768\" data-id=\"9667\" src=\"https:\/\/escuelas.mvl.edu.ar\/empas\/wp-content\/uploads\/sites\/3\/2023\/11\/IMG_20231101_142745-1024x768.jpg\" alt=\"\" class=\"wp-image-9667\" srcset=\"https:\/\/escuelas.mvl.edu.ar\/empas\/wp-content\/uploads\/sites\/3\/2023\/11\/IMG_20231101_142745-1024x768.jpg 1024w, https:\/\/escuelas.mvl.edu.ar\/empas\/wp-content\/uploads\/sites\/3\/2023\/11\/IMG_20231101_142745-300x225.jpg 300w, https:\/\/escuelas.mvl.edu.ar\/empas\/wp-content\/uploads\/sites\/3\/2023\/11\/IMG_20231101_142745-768x576.jpg 768w, https:\/\/escuelas.mvl.edu.ar\/empas\/wp-content\/uploads\/sites\/3\/2023\/11\/IMG_20231101_142745-1536x1152.jpg 1536w, https:\/\/escuelas.mvl.edu.ar\/empas\/wp-content\/uploads\/sites\/3\/2023\/11\/IMG_20231101_142745-2048x1536.jpg 2048w\" sizes=\"(max-width: 1024px) 100vw, 1024px\" \/><\/figure>\n\n\n\n<figure class=\"wp-block-image size-large\"><img loading=\"lazy\" decoding=\"async\" width=\"769\" height=\"1024\" data-id=\"9668\" src=\"https:\/\/escuelas.mvl.edu.ar\/empas\/wp-content\/uploads\/sites\/3\/2023\/11\/IMG_20231101_144327-769x1024.jpg\" alt=\"\" class=\"wp-image-9668\" srcset=\"https:\/\/escuelas.mvl.edu.ar\/empas\/wp-content\/uploads\/sites\/3\/2023\/11\/IMG_20231101_144327-769x1024.jpg 769w, https:\/\/escuelas.mvl.edu.ar\/empas\/wp-content\/uploads\/sites\/3\/2023\/11\/IMG_20231101_144327-225x300.jpg 225w, https:\/\/escuelas.mvl.edu.ar\/empas\/wp-content\/uploads\/sites\/3\/2023\/11\/IMG_20231101_144327-768x1022.jpg 768w, https:\/\/escuelas.mvl.edu.ar\/empas\/wp-content\/uploads\/sites\/3\/2023\/11\/IMG_20231101_144327-1154x1536.jpg 1154w, https:\/\/escuelas.mvl.edu.ar\/empas\/wp-content\/uploads\/sites\/3\/2023\/11\/IMG_20231101_144327-1538x2048.jpg 1538w, https:\/\/escuelas.mvl.edu.ar\/empas\/wp-content\/uploads\/sites\/3\/2023\/11\/IMG_20231101_144327-scaled.jpg 1923w\" sizes=\"(max-width: 769px) 100vw, 769px\" \/><\/figure>\n<\/figure>\n\n\n\n<figure class=\"wp-block-gallery has-nested-images columns-default is-cropped wp-block-gallery-4 is-layout-flex wp-block-gallery-is-layout-flex\">\n<figure class=\"wp-block-image size-large\"><img loading=\"lazy\" decoding=\"async\" width=\"768\" height=\"1024\" data-id=\"9670\" src=\"https:\/\/escuelas.mvl.edu.ar\/empas\/wp-content\/uploads\/sites\/3\/2023\/11\/IMG_20231101_145528-768x1024.jpg\" alt=\"\" class=\"wp-image-9670\" srcset=\"https:\/\/escuelas.mvl.edu.ar\/empas\/wp-content\/uploads\/sites\/3\/2023\/11\/IMG_20231101_145528-768x1024.jpg 768w, https:\/\/escuelas.mvl.edu.ar\/empas\/wp-content\/uploads\/sites\/3\/2023\/11\/IMG_20231101_145528-225x300.jpg 225w, https:\/\/escuelas.mvl.edu.ar\/empas\/wp-content\/uploads\/sites\/3\/2023\/11\/IMG_20231101_145528-1152x1536.jpg 1152w, https:\/\/escuelas.mvl.edu.ar\/empas\/wp-content\/uploads\/sites\/3\/2023\/11\/IMG_20231101_145528-1536x2048.jpg 1536w, https:\/\/escuelas.mvl.edu.ar\/empas\/wp-content\/uploads\/sites\/3\/2023\/11\/IMG_20231101_145528-scaled.jpg 1920w\" sizes=\"(max-width: 768px) 100vw, 768px\" \/><\/figure>\n\n\n\n<figure class=\"wp-block-image size-large\"><img loading=\"lazy\" decoding=\"async\" width=\"768\" height=\"1024\" data-id=\"9669\" src=\"https:\/\/escuelas.mvl.edu.ar\/empas\/wp-content\/uploads\/sites\/3\/2023\/11\/IMG_20231101_145009-768x1024.jpg\" alt=\"\" class=\"wp-image-9669\" srcset=\"https:\/\/escuelas.mvl.edu.ar\/empas\/wp-content\/uploads\/sites\/3\/2023\/11\/IMG_20231101_145009-768x1024.jpg 768w, https:\/\/escuelas.mvl.edu.ar\/empas\/wp-content\/uploads\/sites\/3\/2023\/11\/IMG_20231101_145009-225x300.jpg 225w, https:\/\/escuelas.mvl.edu.ar\/empas\/wp-content\/uploads\/sites\/3\/2023\/11\/IMG_20231101_145009-1152x1536.jpg 1152w, https:\/\/escuelas.mvl.edu.ar\/empas\/wp-content\/uploads\/sites\/3\/2023\/11\/IMG_20231101_145009-1536x2048.jpg 1536w, https:\/\/escuelas.mvl.edu.ar\/empas\/wp-content\/uploads\/sites\/3\/2023\/11\/IMG_20231101_145009-scaled.jpg 1920w\" sizes=\"(max-width: 768px) 100vw, 768px\" \/><\/figure>\n<\/figure>\n\n\n\n<figure class=\"wp-block-gallery has-nested-images columns-default is-cropped wp-block-gallery-5 is-layout-flex wp-block-gallery-is-layout-flex\">\n<figure class=\"wp-block-image size-large\"><img loading=\"lazy\" decoding=\"async\" width=\"769\" height=\"1024\" data-id=\"9671\" src=\"https:\/\/escuelas.mvl.edu.ar\/empas\/wp-content\/uploads\/sites\/3\/2023\/11\/IMG_20231101_150148-769x1024.jpg\" alt=\"\" class=\"wp-image-9671\" srcset=\"https:\/\/escuelas.mvl.edu.ar\/empas\/wp-content\/uploads\/sites\/3\/2023\/11\/IMG_20231101_150148-769x1024.jpg 769w, https:\/\/escuelas.mvl.edu.ar\/empas\/wp-content\/uploads\/sites\/3\/2023\/11\/IMG_20231101_150148-225x300.jpg 225w, https:\/\/escuelas.mvl.edu.ar\/empas\/wp-content\/uploads\/sites\/3\/2023\/11\/IMG_20231101_150148-768x1022.jpg 768w, https:\/\/escuelas.mvl.edu.ar\/empas\/wp-content\/uploads\/sites\/3\/2023\/11\/IMG_20231101_150148-1154x1536.jpg 1154w, https:\/\/escuelas.mvl.edu.ar\/empas\/wp-content\/uploads\/sites\/3\/2023\/11\/IMG_20231101_150148-1538x2048.jpg 1538w, https:\/\/escuelas.mvl.edu.ar\/empas\/wp-content\/uploads\/sites\/3\/2023\/11\/IMG_20231101_150148-scaled.jpg 1923w\" sizes=\"(max-width: 769px) 100vw, 769px\" \/><\/figure>\n\n\n\n<figure class=\"wp-block-image size-large\"><img loading=\"lazy\" decoding=\"async\" width=\"1024\" height=\"768\" data-id=\"9673\" src=\"https:\/\/escuelas.mvl.edu.ar\/empas\/wp-content\/uploads\/sites\/3\/2023\/11\/IMG_20231101_131651-1024x768.jpg\" alt=\"\" class=\"wp-image-9673\" srcset=\"https:\/\/escuelas.mvl.edu.ar\/empas\/wp-content\/uploads\/sites\/3\/2023\/11\/IMG_20231101_131651-1024x768.jpg 1024w, https:\/\/escuelas.mvl.edu.ar\/empas\/wp-content\/uploads\/sites\/3\/2023\/11\/IMG_20231101_131651-300x225.jpg 300w, https:\/\/escuelas.mvl.edu.ar\/empas\/wp-content\/uploads\/sites\/3\/2023\/11\/IMG_20231101_131651-768x576.jpg 768w, https:\/\/escuelas.mvl.edu.ar\/empas\/wp-content\/uploads\/sites\/3\/2023\/11\/IMG_20231101_131651-1536x1152.jpg 1536w, https:\/\/escuelas.mvl.edu.ar\/empas\/wp-content\/uploads\/sites\/3\/2023\/11\/IMG_20231101_131651-2048x1536.jpg 2048w\" sizes=\"(max-width: 1024px) 100vw, 1024px\" \/><\/figure>\n\n\n\n<figure class=\"wp-block-image size-large\"><img loading=\"lazy\" decoding=\"async\" width=\"770\" height=\"1024\" data-id=\"9672\" src=\"https:\/\/escuelas.mvl.edu.ar\/empas\/wp-content\/uploads\/sites\/3\/2023\/11\/IMG_20231101_132139-770x1024.jpg\" alt=\"\" class=\"wp-image-9672\" srcset=\"https:\/\/escuelas.mvl.edu.ar\/empas\/wp-content\/uploads\/sites\/3\/2023\/11\/IMG_20231101_132139-770x1024.jpg 770w, https:\/\/escuelas.mvl.edu.ar\/empas\/wp-content\/uploads\/sites\/3\/2023\/11\/IMG_20231101_132139-226x300.jpg 226w, https:\/\/escuelas.mvl.edu.ar\/empas\/wp-content\/uploads\/sites\/3\/2023\/11\/IMG_20231101_132139-768x1022.jpg 768w, https:\/\/escuelas.mvl.edu.ar\/empas\/wp-content\/uploads\/sites\/3\/2023\/11\/IMG_20231101_132139-1155x1536.jpg 1155w, https:\/\/escuelas.mvl.edu.ar\/empas\/wp-content\/uploads\/sites\/3\/2023\/11\/IMG_20231101_132139-1540x2048.jpg 1540w, https:\/\/escuelas.mvl.edu.ar\/empas\/wp-content\/uploads\/sites\/3\/2023\/11\/IMG_20231101_132139-scaled.jpg 1924w\" sizes=\"(max-width: 770px) 100vw, 770px\" \/><\/figure>\n<\/figure>\n","protected":false},"excerpt":{"rendered":"<p>Participamos nuevamente de la FERIA STEAM, un enfoque educativo que integra las disciplinas de Ciencia, Tecnolog\u00eda, Ingenier\u00eda, Artes y Matem\u00e1ticas. STEAM promueve el pensamiento cr\u00edtico y la resoluci\u00f3n de problemas. Los estudiantes son desafiados a aplicar sus conocimientos para abordar problemas complejos y desarrollar soluciones creativas e innovadoras. El prop\u00f3sito, una educaci\u00f3n m\u00e1s completa y relevante para las demandas cambiantes del mundo actual. La experiencia expande los aprendizajes buscando integrar las diferentes materias y fomenta habilidades interdisciplinarias en un proyecto com\u00fan, ofreciendo a los estudiantes la integraci\u00f3n de disciciplinas partieno del conocimiento academico e impulsando la creatividad, la investiaci\u00f3n, el trabajo colaborativo, el dise\u00f1o y el desarrollo de tecnolog\u00eda para la resoluci\u00f3n de problemas, mediante la experiencia vivencial. Los estudiantes de 6to Naturales participaron desde la materia de Qu\u00edmica con su profesora Graciela Lucero desarrollando una \u00abCampa\u00f1a de Prevenci\u00f3n y concientizaci\u00f3n al consumo del alcohol\u00bb interviniendo otras materias como, Arte-Matem\u00e1tica-Biolog\u00eda-ESI-TIC. Por otro lado las docentes Paula D. Besada y&nbsp;Paula Violante de Naturales presentaron un proyecto de \u00abGerminaci\u00f3n&nbsp;en Suelos Nutricios\u00bb con la implementacion de tecnolog\u00eda desde el \u00e1rea de inform\u00e1tica.<\/p>\n","protected":false},"author":110,"featured_media":0,"comment_status":"closed","ping_status":"closed","sticky":false,"template":"","format":"standard","meta":{"footnotes":""},"categories":[86,53],"tags":[],"class_list":["post-9656","post","type-post","status-publish","format-standard","hentry","category-computacion","category-escuela-paula-albarracin"],"_links":{"self":[{"href":"https:\/\/escuelas.mvl.edu.ar\/empas\/wp-json\/wp\/v2\/posts\/9656","targetHints":{"allow":["GET"]}}],"collection":[{"href":"https:\/\/escuelas.mvl.edu.ar\/empas\/wp-json\/wp\/v2\/posts"}],"about":[{"href":"https:\/\/escuelas.mvl.edu.ar\/empas\/wp-json\/wp\/v2\/types\/post"}],"author":[{"embeddable":true,"href":"https:\/\/escuelas.mvl.edu.ar\/empas\/wp-json\/wp\/v2\/users\/110"}],"replies":[{"embeddable":true,"href":"https:\/\/escuelas.mvl.edu.ar\/empas\/wp-json\/wp\/v2\/comments?post=9656"}],"version-history":[{"count":4,"href":"https:\/\/escuelas.mvl.edu.ar\/empas\/wp-json\/wp\/v2\/posts\/9656\/revisions"}],"predecessor-version":[{"id":9678,"href":"https:\/\/escuelas.mvl.edu.ar\/empas\/wp-json\/wp\/v2\/posts\/9656\/revisions\/9678"}],"wp:attachment":[{"href":"https:\/\/escuelas.mvl.edu.ar\/empas\/wp-json\/wp\/v2\/media?parent=9656"}],"wp:term":[{"taxonomy":"category","embeddable":true,"href":"https:\/\/escuelas.mvl.edu.ar\/empas\/wp-json\/wp\/v2\/categories?post=9656"},{"taxonomy":"post_tag","embeddable":true,"href":"https:\/\/escuelas.mvl.edu.ar\/empas\/wp-json\/wp\/v2\/tags?post=9656"}],"curies":[{"name":"wp","href":"https:\/\/api.w.org\/{rel}","templated":true}]}}