{"id":9739,"date":"2024-08-26T13:08:54","date_gmt":"2024-08-26T13:08:54","guid":{"rendered":"https:\/\/escuelas.mvl.edu.ar\/empas\/?p=9739"},"modified":"2024-08-26T13:08:55","modified_gmt":"2024-08-26T13:08:55","slug":"ingreso-a-1-ano-para-2025","status":"publish","type":"post","link":"https:\/\/escuelas.mvl.edu.ar\/empas\/2024\/08\/26\/ingreso-a-1-ano-para-2025\/","title":{"rendered":"#EMPAS \ud83c\udfeb INGRESO A 1\u00b0 A\u00d1O PARA 2025"},"content":{"rendered":"\n<figure class=\"wp-block-image size-large\"><img fetchpriority=\"high\" decoding=\"async\" width=\"1024\" height=\"646\" src=\"https:\/\/escuelas.mvl.edu.ar\/empas\/wp-content\/uploads\/sites\/3\/2024\/04\/Ingreso_EMPAS_2024_baja-1024x646.png\" alt=\"\" class=\"wp-image-9741\" srcset=\"https:\/\/escuelas.mvl.edu.ar\/empas\/wp-content\/uploads\/sites\/3\/2024\/04\/Ingreso_EMPAS_2024_baja-1024x646.png 1024w, https:\/\/escuelas.mvl.edu.ar\/empas\/wp-content\/uploads\/sites\/3\/2024\/04\/Ingreso_EMPAS_2024_baja-300x189.png 300w, https:\/\/escuelas.mvl.edu.ar\/empas\/wp-content\/uploads\/sites\/3\/2024\/04\/Ingreso_EMPAS_2024_baja-768x484.png 768w, https:\/\/escuelas.mvl.edu.ar\/empas\/wp-content\/uploads\/sites\/3\/2024\/04\/Ingreso_EMPAS_2024_baja.png 1210w\" sizes=\"(max-width: 1024px) 100vw, 1024px\" \/><\/figure>\n\n\n\n<div style=\"height:37px\" aria-hidden=\"true\" class=\"wp-block-spacer\"><\/div>\n\n\n\n<hr class=\"wp-block-separator aligncenter has-alpha-channel-opacity is-style-default\" \/>\n\n\n<\/p>\n<p style=\"text-align: center\"><span style=\"font-size: 18pt\"><span style=\"color: #0096c2\"><span style=\"font-family: arial, helvetica, sans-serif;font-size: 18pt;color: #333333\"><span style=\"color: #132c7a\"><strong>&lt;<\/strong> <strong>PRE-INSCRIPCI\u00d3N ONLINE<\/strong><\/span> DEL 4 AL 6 DE SEPTIEMBRE<span style=\"color: #132c7a\"> <strong>&gt;<\/strong><\/span><\/span><\/span><\/span><\/p>\n<p style=\"text-align: center\"><span style=\"font-size: 30pt;color: #132c7a\"> <strong><span style=\"font-family: arial, helvetica, sans-serif\">INGRESO A PRIMER A\u00d1O <\/span><\/strong>\ud83c\udfeb <span style=\"font-family: arial, helvetica, sans-serif\">CICLO 2025<\/span><\/span><\/p>\n<p style=\"text-align: center\"><span style=\"font-size: 18pt\"><span style=\"color: #000000;font-family: arial, helvetica, sans-serif\">ESCUELA MUNICIPAL\u00a0<\/span><span style=\"color: #000000;font-family: arial, helvetica, sans-serif\">PAULA ALBARRAC\u00cdN DE SARMIENTO<\/span><\/span><\/p>\n\n\n<hr class=\"wp-block-separator has-alpha-channel-opacity is-style-wide\" \/>\n\n\n<p><span class=\"C9DxTc \">La\u00a0Escuela Municipal Secundaria \u00abPaula A. de Sarmiento\u00bb\u00a0abrir\u00e1 sus inscripciones para el\u00a0ciclo lectivo 2025.\u00a0El\u00a0proceso\u00a0para la<strong>\u00a0<\/strong><\/span><span style=\"color: #132c7a\"><strong><span class=\"C9DxTc \">pre-inscripci\u00f3n a 1\u00b0 a\u00f1o 2025<\/span><\/strong><\/span><span class=\"C9DxTc \">\u00a0se llevar\u00e1 adelante de manera<strong>\u00a0<\/strong><\/span><span style=\"color: #132c7a\"><strong><span class=\"C9DxTc \">online<\/span><\/strong><\/span><span class=\"C9DxTc \">\u00a0los d\u00edas<strong>\u00a0<\/strong><\/span><span style=\"color: #132c7a\"><strong><span class=\"C9DxTc \">4, 5 y 6 de septiembre<\/span><\/strong><\/span><span class=\"C9DxTc \">.<\/span><\/p>\n<p><span class=\"C9DxTc \">La escuela cuenta con<span style=\"color: #132c7a\">\u00a0<\/span><\/span><span style=\"color: #132c7a\"><strong><span class=\"C9DxTc \">180 vacantes disponibles<\/span><\/strong><\/span><span class=\"C9DxTc \">\u00a0<\/span><span class=\"C9DxTc \">para\u00a0<span style=\"color: #132c7a\"><strong>primer a\u00f1o<\/strong><\/span>, a cubrir en\u00a0<\/span><span style=\"color: #132c7a\"><strong><span class=\"C9DxTc \">dos turnos<\/span><\/strong><\/span><span class=\"C9DxTc \"><strong>\u00a0<\/strong>que\u00a0<\/span><span style=\"color: #132c7a\"><strong><span class=\"C9DxTc \">se asignar\u00e1n por sorteo<\/span><\/strong><\/span><span class=\"C9DxTc \">.\u00a0<\/span><span class=\"C9DxTc \">El\u00a0<span style=\"color: #132c7a\"><strong>orden de pre-inscripci\u00f3n<\/strong><strong>\u00a0no tiene incidencia alguna en la asignaci\u00f3n de la vacante<\/strong><\/span><\/span><span class=\"C9DxTc \" style=\"color: #132c7a\">.<\/span><span class=\"C9DxTc \">\u00a0El criterio para dicho otorgamiento ser\u00e1 el resultado final obtenido en el TFI.<\/span><\/p>\n\n\n<hr class=\"wp-block-separator has-alpha-channel-opacity is-style-wide\" \/>\n\n\n<table  class=\" table table-hover\" style=\"height: 80px\" width=\"839\">\n<tbody>\n<tr>\n<td style=\"width: 100%;height: 80px;background-color: #132c7a\"><strong style=\"color: #ffffff;font-family: arial, helvetica, sans-serif;font-size: 18pt\">\u00a0 \u00a0\u25ba CONDICIONES <\/strong><span style=\"color: #ffffff;font-family: arial, helvetica, sans-serif;font-size: 18pt;font-weight: inherit\">PARA EL PROCESO DE<\/span><strong style=\"color: #ffffff;font-family: arial, helvetica, sans-serif;font-size: 18pt\">\u00a0INGRESO 2025<\/strong><\/td>\n<\/tr>\n<\/tbody>\n<\/table>\n<p style=\"padding-left: 40px\"><span style=\"color: #132c7a\"><strong>&lt;<\/strong>\u00a0<\/span>De conformidad con la normativa vigente (Ordenanza N\u00ba 4676\/82 y sus modificatorias) y Resoluci\u00f3n de la Secretar\u00eda de Educaci\u00f3n y Empleo,<span style=\"color: #132c7a\">\u00a0<strong>las\/los aspirantes a ingreso a Primer A\u00f1o del Ciclo Lectivo 2025<\/strong><\/span>\u00a0de la\u00a0Escuela Secundaria Municipal Paula Albarrac\u00edn de Sarmiento, deber\u00e1n\u00a0<span style=\"color: #132c7a\"><strong>realizar un Trabajo Final Integrador<\/strong>\u00a0<\/span>que ser\u00e1 en<span style=\"color: #132c7a\">\u00a0<strong>formato presencial<\/strong><\/span>. Los<span style=\"color: #132c7a\">\u00a0<strong>contenidos y material de estudio<\/strong><\/span>\u00a0se encuentran<strong>\u00a0<span style=\"color: #132c7a\">publicados en<\/span><\/strong><span style=\"color: #132c7a\">\u00a0<a style=\"color: #132c7a\" href=\"https:\/\/ingreso.empas.mvl.edu.ar\/\" target=\"_blank\" rel=\"noopener\"><strong>ingreso.empas.mvl.edu.ar<\/strong><\/a><\/span>.<\/p>\n\n\n<div class=\"wp-block-buttons has-custom-font-size has-medium-font-size is-content-justification-center is-layout-flex wp-container-core-buttons-is-layout-16018d1d wp-block-buttons-is-layout-flex\">\n<div class=\"wp-block-button has-custom-font-size has-medium-font-size\"><a class=\"wp-block-button__link has-background has-text-align-center wp-element-button\" href=\"https:\/\/ingreso.empas.mvl.edu.ar\/\" style=\"background-color:#132c7a\" target=\"_blank\" rel=\"noreferrer noopener\"><strong>QUIERO CONOCER LOS CONTENIDOS<\/strong><\/a><\/div>\n<\/div>\n\n\n<p style=\"padding-left: 40px\"><span style=\"font-family: arial, helvetica, sans-serif;font-size: 12pt\"><span style=\"color: #132c7a\"><strong><br \/>&lt;<\/strong> <\/span>La <span style=\"color: #132c7a\"><strong>pre-inscripci\u00f3n<\/strong><\/span> y la <span style=\"color: #132c7a\"><strong>presentaci\u00f3n del DNI<\/strong><\/span>, ser\u00e1n<span style=\"color: #132c7a\"> <strong>requisitos indispensables<\/strong><\/span> para que las\/los aspirantes puedan acceder a <span style=\"color: #132c7a\"><strong>realizar el Trabajo Final Integrador<\/strong><\/span>.<\/span><\/p>\n<p style=\"padding-left: 40px\"><span style=\"font-family: arial, helvetica, sans-serif;font-size: 12pt\"><span style=\"color: #132c7a\"><strong>&lt;<\/strong><\/span> Para la realizaci\u00f3n del Trabajo Final Integrador se requerir\u00e1 la acreditaci\u00f3n de las\/los aspirantes a trav\u00e9s de la presentaci\u00f3n del documento nacional de identidad (DNI).<\/span><\/p>\n<p style=\"padding-left: 40px\"><span style=\"font-family: arial, helvetica, sans-serif;font-size: 12pt\"><span style=\"color: #132c7a\"><strong><span class=\"C9DxTc \">&lt;<\/span><\/strong><\/span><span class=\"C9DxTc \"><span style=\"color: #132c7a\"><strong>\u00a0<\/strong><\/span>La\u00a0<\/span><span class=\"C9DxTc \"><span style=\"color: #132c7a\"><strong>duraci\u00f3n\u00a0<\/strong><\/span>del\u00a0<span style=\"color: #132c7a\"><strong>Trabajo Final Integrador<\/strong><\/span><\/span><span style=\"color: #132c7a\"><strong><span class=\"C9DxTc \">\u00a0<\/span><\/strong><\/span><span class=\"C9DxTc \">ser\u00e1 de\u00a0<\/span><span style=\"color: #132c7a\"><strong><span class=\"C9DxTc \">1 hora 30 minutos por cada materia<\/span><\/strong><\/span><span class=\"C9DxTc \">\u00a0<\/span><span class=\"C9DxTc \">(Pr\u00e1cticas del Lenguaje y Matem\u00e1tica). El mismo se realizar\u00e1 el<\/span><span style=\"color: #132c7a\"><span class=\"C9DxTc \">\u00a0<\/span><span style=\"text-decoration: underline\"><strong><span class=\"C9DxTc \">S\u00c1BADO 23 DE NOVIEMBRE DE 2024 A LAS 8HS<\/span><\/strong><\/span><\/span><span class=\"C9DxTc \">.<\/span><\/span><\/p>\n<p style=\"padding-left: 40px\"><span style=\"font-family: arial, helvetica, sans-serif;font-size: 12pt;color: #000000\"><span style=\"color: #132c7a\"><strong>&lt; <\/strong><\/span>En el desarrollo del encuentro se contar\u00e1 con la supervisi\u00f3n y acompa\u00f1amiento de docentes designados y Directivos de la Escuela.<\/span><\/p>\n\n\n<hr class=\"wp-block-separator has-alpha-channel-opacity is-style-wide\" \/>\n\n\n<table  class=\" table table-hover\" style=\"border-collapse: collapse;width: 100%\">\n<tbody>\n<tr>\n<td style=\"width: 100%;height: 80px;background-color: #132c7a\">\n<p class=\"CDt4Ke zfr3Q\"><span style=\"color: #ffffff;font-family: arial, helvetica, sans-serif;font-size: 18pt\"><strong> \u00a0 \u00a0 SEGU\u00cd ESTOS PASOS SIN APURO <\/strong>DESDE TU COMPUTADORA O CELULAR:<\/span><\/p>\n<\/td>\n<\/tr>\n<\/tbody>\n<\/table>\n<ol>\n<li>\n<p><span style=\"font-family: arial, helvetica, sans-serif;font-size: 14pt\"><span style=\"color: #132c7a\"><strong>Complet\u00e1 los datos del aspirante<\/strong><\/span>: Nombre, apellido, fecha de nacimiento, documento, direcci\u00f3n y de qu\u00e9 instituci\u00f3n proviene.<br \/><\/span><\/p>\n<\/li>\n<li>\n<p><span style=\"font-family: arial, helvetica, sans-serif;font-size: 14pt\"><span style=\"color: #132c7a\"><strong>Carg\u00e1 los datos de los adultos responsables<\/strong><\/span>: Nombre, apellido, fecha de nacimiento, documento, direcci\u00f3n. Es importante que escribas un mail y un tel\u00e9fono de contacto para que estemos comunicados.<br \/><\/span><\/p>\n<\/li>\n<li>\n<p><span style=\"font-family: arial, helvetica, sans-serif;font-size: 14pt;color: #0096c2\"><span style=\"color: #132c7a\"><strong>Especifica si el ingresante tiene hermanos\/as cursando en esta Instituci\u00f3n.<br \/><\/strong><\/span><\/span><\/p>\n<\/li>\n<\/ol>\n<p style=\"text-align: center\"><span style=\"font-size: 18pt;font-family: arial, helvetica, sans-serif;color: #132c7a\"><strong>&lt; LA PRE-INSCRIPCI\u00d3N COMIENZA EL 4 DE SEPTIEMBRE &gt;<\/strong><\/span><\/p>\n\n\n<div class=\"wp-block-buttons is-content-justification-center is-layout-flex wp-container-core-buttons-is-layout-16018d1d wp-block-buttons-is-layout-flex\">\n<div class=\"wp-block-button has-custom-font-size has-large-font-size\"><a class=\"wp-block-button__link has-background has-text-align-center wp-element-button\" href=\"https:\/\/docs.google.com\/forms\/d\/e\/1FAIpQLSdcFl5IroDdYQGd7TDRX4xhlOGsxIJwC6s6qGw1-JooBD_KOA\/closedform\" style=\"border-radius:100px;background-color:#132c7a\"><strong>\u00a1QUIERO PRE-INSCRIBIRME!<\/strong><\/a><\/div>\n<\/div>\n\n\n\n<hr class=\"wp-block-separator has-alpha-channel-opacity is-style-wide\" \/>\n\n\n<table  class=\" table table-hover\" style=\"border-collapse: collapse;width: 100%\">\n<tbody>\n<tr>\n<td style=\"width: 100%;height: 80px;background-color: #132c7a\">\n<p class=\"CDt4Ke zfr3Q\"><span style=\"color: #ffffff;font-family: arial, helvetica, sans-serif;font-size: 24pt\"><strong>\u00a0 &lt; CRONOGRAMA <\/strong>2024<\/span><\/p>\n<\/td>\n<\/tr>\n<\/tbody>\n<\/table>\n<p><span style=\"color: #132c7a;font-size: 18pt\"><strong><span class=\"jgG6ef C9DxTc \">PRE-INSCRIPCI\u00d3N ONLINE<\/span><\/strong><\/span><span class=\"jgG6ef C9DxTc \"><br \/><\/span><span class=\"jgG6ef C9DxTc \" style=\"color: #132c7a;font-size: 18pt\">DEL 4 AL 6 DE SEPTIEMBRE<\/span><\/p>\n<p class=\"zfr3Q CDt4Ke \" dir=\"ltr\"><span style=\"color: #132c7a;font-size: 18pt\"><strong><span class=\"jgG6ef C9DxTc \"><br \/>TRABAJO INTEGRADOR FINAL<\/span><span class=\"jgG6ef C9DxTc \"><br \/><\/span><\/strong><span class=\"jgG6ef C9DxTc \">23 DE NOVIEMBRE<\/span><\/span><\/p>\n<p class=\"zfr3Q CDt4Ke \" dir=\"ltr\"><span class=\"C9DxTc \">Los y las inscriptas deber\u00e1n<\/span><span class=\"C9DxTc \">\u00a0<\/span><span style=\"color: #132c7a\"><strong><span class=\"C9DxTc \">asistir presencialmente a la realizaci\u00f3n del TFI<\/span><\/strong><\/span><span class=\"C9DxTc \"><span style=\"color: #132c7a\"><strong>\u00a0<\/strong><\/span>(Trabajo Integrador Final) de las materias\/\u00e1reas:<span style=\"color: #132c7a\"><strong>\u00a0<\/strong><\/span><\/span><span style=\"color: #132c7a\"><strong><span class=\"C9DxTc \">Pr\u00e1cticas del Lenguaje<\/span><\/strong><\/span><span class=\"C9DxTc \">\u00a0y<span style=\"color: #132c7a\"><strong>\u00a0<\/strong><\/span><\/span><span style=\"color: #132c7a\"><strong><span class=\"C9DxTc \">Matem\u00e1tica<\/span><\/strong><\/span><span class=\"C9DxTc \">. Los programas de estudio est\u00e1n disponibles en esta web. M\u00e1s abajo vas a encontrar los programas y contenidos.<\/span><\/p>\n<p class=\"zfr3Q CDt4Ke \" dir=\"ltr\"><span class=\"C9DxTc \">Para el TFI se deber\u00e1 traer:\u00a0<\/span><\/p>\n<ul>\n<li class=\"zfr3Q CDt4Ke \" dir=\"ltr\" role=\"presentation\"><span class=\"C9DxTc \">DNI del aspirante<\/span><\/li>\n<li class=\"zfr3Q CDt4Ke \" dir=\"ltr\" role=\"presentation\"><span class=\"C9DxTc \">\u00datiles escolares con elementos de geometr\u00eda<\/span><\/li>\n<li class=\"zfr3Q CDt4Ke \" dir=\"ltr\" role=\"presentation\"><span class=\"C9DxTc \">Hojas rayadas y cuadriculadas<\/span><\/li>\n<\/ul>\n<p class=\"zfr3Q CDt4Ke \" dir=\"ltr\"><span style=\"color: #132c7a\"><strong><span class=\"C9DxTc \">&lt;&lt;<\/span><span class=\"C9DxTc \">\u00a0NO se podr\u00e1n utilizar dispositivos electr\u00f3nicos<\/span><\/strong><span class=\"C9DxTc \">\u00a0(CALCULADORA, CELULAR, RELOJ, TABLET)<\/span><span class=\"C9DxTc \">\u00a0<strong>&gt;&gt;<\/strong><\/span><\/span><\/p>\n<p class=\"zfr3Q CDt4Ke \" dir=\"ltr\"><strong><span style=\"color: #132c7a;font-size: 18pt\"><span class=\"jgG6ef C9DxTc \"><br \/>PUBLICACI\u00d3N DE RESULTADOS<\/span><span class=\"jgG6ef C9DxTc \"><br \/><\/span><\/span><\/strong><span class=\"jgG6ef C9DxTc \" style=\"color: #132c7a;font-size: 18pt\">11 DE DICIEMBRE<\/span><\/p>\n<p class=\"zfr3Q CDt4Ke \" dir=\"ltr\"><span class=\"C9DxTc \">Publicaci\u00f3n de resultados en la cartelera de la Escuela y en la web (<\/span><a class=\"XqQF9c\" href=\"http:\/\/www.empas.mvl.edu.ar\/\" target=\"_blank\" rel=\"noopener\"><span class=\"C9DxTc aw5Odc \">empas.mvl.edu.ar<\/span><\/a><span class=\"C9DxTc \">)<\/span><\/p>\n<p class=\"zfr3Q CDt4Ke \" dir=\"ltr\"><span style=\"color: #132c7a;font-size: 18pt\"><strong><span class=\"jgG6ef C9DxTc \">SORTEO DE TURNOS<\/span><span class=\"jgG6ef C9DxTc \"><br \/><\/span><\/strong><span class=\"jgG6ef C9DxTc \">16 DE DICIEMBRE<\/span><\/span><\/p>\n<p class=\"zfr3Q CDt4Ke \" dir=\"ltr\"><span class=\"C9DxTc \">Aquellos\/as\u00a0<\/span><span style=\"color: #132c7a\"><strong><span class=\"C9DxTc \">aspirantes que tengan hermanos\/as matriculados\/as<\/span><span class=\"C9DxTc \">\u00a0<\/span><\/strong><\/span><span class=\"C9DxTc \">como alumnos\/as regulares en la Instituci\u00f3n,\u00a0<\/span><span style=\"color: #132c7a\"><strong><span class=\"C9DxTc \">se les otorgar\u00e1 el mismo turno<\/span><\/strong><\/span><span class=\"C9DxTc \">\u00a0que sus hermanos.<\/span><\/p>\n<p class=\"zfr3Q CDt4Ke \" dir=\"ltr\"><span class=\"C9DxTc \">Las\/los<\/span><span class=\"C9DxTc \">\u00a0<strong><span style=\"color: #132c7a\">hijos\/as de empleados \/os municipales<\/span><\/strong>, docentes y no docentes q<strong><span style=\"color: #132c7a\">ue presten servicios en la Escuela<\/span><\/strong><\/span><span class=\"C9DxTc \"><strong><span style=\"color: #132c7a\">, podr\u00e1n elegir el turno<\/span><\/strong>.<\/span><\/p>\n<p class=\"zfr3Q CDt4Ke \" dir=\"ltr\"><span style=\"color: #132c7a;font-size: 18pt\"><strong><span class=\"jgG6ef C9DxTc \"><br \/>MATRICULACI\u00d3N<\/span><span class=\"jgG6ef C9DxTc \"><br \/><\/span><\/strong><span class=\"jgG6ef C9DxTc \">FECHAS A CONFIRMAR<\/span><\/span><\/p>\n<p class=\"zfr3Q CDt4Ke \" dir=\"ltr\"><span class=\"C9DxTc \">La <span style=\"color: #132c7a\"><strong>documentaci\u00f3n<\/strong><\/span> se deber\u00e1 <strong><span style=\"color: #132c7a\">entregar en<\/span><\/strong><\/span><strong><span style=\"color: #132c7a\"><span class=\"C9DxTc \">\u00a0<\/span><span class=\"C9DxTc \">un\u00a0folio transparente tama\u00f1o oficio<\/span><\/span><\/strong><span class=\"C9DxTc \">\u00a0<\/span><span class=\"C9DxTc \">en la Escuela (<\/span><a class=\"XqQF9c\" href=\"https:\/\/goo.gl\/maps\/6t5hNfbZ7KcNVdyc8\" target=\"_blank\" rel=\"noopener\"><span class=\"C9DxTc aw5Odc \">J. B. Alberdi 1227, Olivos<\/span><\/a><span class=\"C9DxTc \">):<\/span><\/p>\n<ul>\n<li class=\"zfr3Q CDt4Ke \" dir=\"ltr\" role=\"presentation\"><span class=\"C9DxTc \">Formulario de matr\u00edcula completa<span style=\"color: #132c7a\"><strong>\u00a0<\/strong><\/span><\/span><span style=\"color: #132c7a\"><strong><span class=\"C9DxTc \">\u25ba\u00a0<\/span><a class=\"XqQF9c\" style=\"color: #132c7a\" href=\"https:\/\/drive.google.com\/file\/d\/1yZkPa7jLoIRUxu_b64T7y1lRyATlk7sN\/view?usp=sharing\" target=\"_blank\" rel=\"noopener\"><span class=\"C9DxTc aw5Odc \">DESCARGAR AQU\u00cd<\/span><\/a><\/strong><\/span><\/li>\n<li class=\"zfr3Q CDt4Ke \" dir=\"ltr\" role=\"presentation\"><span class=\"C9DxTc \">Fotocopia de DNI (frente y dorso)<\/span><\/li>\n<li class=\"zfr3Q CDt4Ke \" dir=\"ltr\" role=\"presentation\"><span class=\"C9DxTc \">Fotocopia de Partida de Nacimiento<\/span><\/li>\n<li class=\"zfr3Q CDt4Ke \" dir=\"ltr\" role=\"presentation\"><span class=\"C9DxTc \">Constancia de CUIL<\/span><\/li>\n<li class=\"zfr3Q CDt4Ke \" dir=\"ltr\" role=\"presentation\"><span class=\"C9DxTc \">Foto 4\u00d74<\/span><\/li>\n<li class=\"zfr3Q CDt4Ke \" dir=\"ltr\" role=\"presentation\"><span class=\"C9DxTc \">Fotocopia de DNI Adulto responsable<\/span><\/li>\n<li class=\"zfr3Q CDt4Ke \" dir=\"ltr\" role=\"presentation\"><span class=\"C9DxTc \">Solicitar la constancia de vacante otorgada en esta Escuela para tramitar el certificado de 6\u00b0 a\u00f1o EPB aprobado en la escuela de origen<\/span><\/li>\n<li class=\"zfr3Q CDt4Ke \" dir=\"ltr\" role=\"presentation\"><span class=\"C9DxTc \">Bolet\u00edn, constancia de finalizaci\u00f3n, Rite (con firma original)<\/span><span class=\"C9DxTc \"><br \/><\/span><\/li>\n<\/ul>\n<p class=\"zfr3Q CDt4Ke \" dir=\"ltr\"><span style=\"color: #132c7a\"><strong><span class=\"C9DxTc \">&lt; NO SE RECIBIR\u00c1N FOLIOS CON DOCUMENTACI\u00d3N PERSONAL FALTANTE<\/span><\/strong><span class=\"C9DxTc \">\u00a0(DNIs, Partida de Nacimiento, CUIL, matricula firmada por ambos adultos responsables\u00a0<\/span><strong><span class=\"C9DxTc \">&gt;\u00a0<\/span><\/strong><\/span><\/p>\n\n\n<hr class=\"wp-block-separator has-alpha-channel-opacity is-style-wide\" \/>\n\n\n<p style=\"text-align: center\"><span style=\"color: #132c7a\"><strong><span style=\"font-family: arial, helvetica, sans-serif;font-size: 12pt\">\u00bfAlguna duda?<\/span><\/strong><\/span> <a href=\"mailto:consultas.empas@mvl.edu.ar\" target=\"_blank\" rel=\"noopener\"><span style=\"font-family: arial, helvetica, sans-serif;font-size: 12pt\">consultas.empas@mvl.edu.ar<\/span><\/a><\/p>\n\n\n<hr class=\"wp-block-separator has-alpha-channel-opacity is-style-wide\" \/>\n","protected":false},"excerpt":{"rendered":"<p>&lt; PRE-INSCRIPCI\u00d3N ONLINE DEL 4 AL 6 DE SEPTIEMBRE &gt; INGRESO A PRIMER A\u00d1O \ud83c\udfeb CICLO 2025 ESCUELA MUNICIPAL\u00a0PAULA ALBARRAC\u00cdN DE SARMIENTO La\u00a0Escuela Municipal Secundaria \u00abPaula A. de Sarmiento\u00bb\u00a0abrir\u00e1 sus inscripciones para el\u00a0ciclo lectivo 2025.\u00a0El\u00a0proceso\u00a0para la\u00a0pre-inscripci\u00f3n a 1\u00b0 a\u00f1o 2025\u00a0se llevar\u00e1 adelante de manera\u00a0online\u00a0los d\u00edas\u00a04, 5 y 6 de septiembre. La escuela cuenta con\u00a0180 vacantes disponibles\u00a0para\u00a0primer a\u00f1o, a cubrir en\u00a0dos turnos\u00a0que\u00a0se asignar\u00e1n por sorteo.\u00a0El\u00a0orden de pre-inscripci\u00f3n\u00a0no tiene incidencia alguna en la asignaci\u00f3n de la vacante.\u00a0El criterio para dicho otorgamiento ser\u00e1 el resultado final obtenido en el TFI. \u00a0 \u00a0\u25ba CONDICIONES PARA EL PROCESO DE\u00a0INGRESO 2025 &lt;\u00a0De conformidad con la normativa vigente (Ordenanza N\u00ba 4676\/82 y sus modificatorias) y Resoluci\u00f3n de la Secretar\u00eda de Educaci\u00f3n y Empleo,\u00a0las\/los aspirantes a ingreso a Primer A\u00f1o del Ciclo Lectivo 2025\u00a0de la\u00a0Escuela Secundaria Municipal Paula Albarrac\u00edn de Sarmiento, deber\u00e1n\u00a0realizar un Trabajo Final Integrador\u00a0que ser\u00e1 en\u00a0formato presencial. Los\u00a0contenidos y material de estudio\u00a0se encuentran\u00a0publicados en\u00a0ingreso.empas.mvl.edu.ar. &lt; La pre-inscripci\u00f3n y la presentaci\u00f3n del DNI, ser\u00e1n requisitos indispensables para que las\/los aspirantes puedan acceder a realizar el Trabajo Final Integrador. &lt; Para la realizaci\u00f3n del Trabajo Final Integrador se requerir\u00e1 la acreditaci\u00f3n de las\/los aspirantes a trav\u00e9s de la presentaci\u00f3n del documento nacional de identidad (DNI). &lt;\u00a0La\u00a0duraci\u00f3n\u00a0del\u00a0Trabajo Final Integrador\u00a0ser\u00e1 de\u00a01 hora 30 minutos por cada materia\u00a0(Pr\u00e1cticas del Lenguaje y Matem\u00e1tica). El mismo se realizar\u00e1 el\u00a0S\u00c1BADO 23 DE NOVIEMBRE DE 2024 A LAS 8HS. &lt; En el desarrollo del encuentro se contar\u00e1 con la supervisi\u00f3n y acompa\u00f1amiento de docentes designados y Directivos de la Escuela. \u00a0 \u00a0 SEGU\u00cd ESTOS PASOS SIN APURO DESDE TU COMPUTADORA O CELULAR: Complet\u00e1 los datos del aspirante: Nombre, apellido, fecha de nacimiento, documento, direcci\u00f3n y de qu\u00e9 instituci\u00f3n proviene. Carg\u00e1 los datos de los adultos responsables: Nombre, apellido, fecha de nacimiento, documento, direcci\u00f3n. Es importante que escribas un mail y un tel\u00e9fono de contacto para que estemos comunicados. Especifica si el ingresante tiene hermanos\/as cursando en esta Instituci\u00f3n. &lt; LA PRE-INSCRIPCI\u00d3N COMIENZA EL 4 DE SEPTIEMBRE &gt; \u00a0 &lt; CRONOGRAMA 2024 PRE-INSCRIPCI\u00d3N ONLINEDEL 4 AL 6 DE SEPTIEMBRE TRABAJO INTEGRADOR FINAL23 DE NOVIEMBRE Los y las inscriptas deber\u00e1n\u00a0asistir presencialmente a la realizaci\u00f3n del TFI\u00a0(Trabajo Integrador Final) de las materias\/\u00e1reas:\u00a0Pr\u00e1cticas del Lenguaje\u00a0y\u00a0Matem\u00e1tica. Los programas de estudio est\u00e1n disponibles en esta web. M\u00e1s abajo vas a encontrar los programas y contenidos. Para el TFI se deber\u00e1 traer:\u00a0 DNI del aspirante \u00datiles escolares con elementos de geometr\u00eda Hojas rayadas y cuadriculadas &lt;&lt;\u00a0NO se podr\u00e1n utilizar dispositivos electr\u00f3nicos\u00a0(CALCULADORA, CELULAR, RELOJ, TABLET)\u00a0&gt;&gt; PUBLICACI\u00d3N DE RESULTADOS11 DE DICIEMBRE Publicaci\u00f3n de resultados en la cartelera de la Escuela y en la web (empas.mvl.edu.ar) SORTEO DE TURNOS16 DE DICIEMBRE Aquellos\/as\u00a0aspirantes que tengan hermanos\/as matriculados\/as\u00a0como alumnos\/as regulares en la Instituci\u00f3n,\u00a0se les otorgar\u00e1 el mismo turno\u00a0que sus hermanos. Las\/los\u00a0hijos\/as de empleados \/os municipales, docentes y no docentes que presten servicios en la Escuela, podr\u00e1n elegir el turno. MATRICULACI\u00d3NFECHAS A CONFIRMAR La documentaci\u00f3n se deber\u00e1 entregar en\u00a0un\u00a0folio transparente tama\u00f1o oficio\u00a0en la Escuela (J. B. Alberdi 1227, Olivos): Formulario de matr\u00edcula completa\u00a0\u25ba\u00a0DESCARGAR AQU\u00cd Fotocopia de DNI (frente y dorso) Fotocopia de Partida de Nacimiento Constancia de CUIL Foto 4\u00d74 Fotocopia de DNI Adulto responsable Solicitar la constancia de vacante otorgada en esta Escuela para tramitar el certificado de 6\u00b0 a\u00f1o EPB aprobado en la escuela de origen Bolet\u00edn, constancia de finalizaci\u00f3n, Rite (con firma original) &lt; NO SE RECIBIR\u00c1N FOLIOS CON DOCUMENTACI\u00d3N PERSONAL FALTANTE\u00a0(DNIs, Partida de Nacimiento, CUIL, matricula firmada por ambos adultos responsables\u00a0&gt;\u00a0 \u00bfAlguna duda? consultas.empas@mvl.edu.ar<\/p>\n","protected":false},"author":10,"featured_media":0,"comment_status":"closed","ping_status":"closed","sticky":false,"template":"","format":"standard","meta":{"footnotes":""},"categories":[161,160,53],"tags":[361,83],"class_list":["post-9739","post","type-post","status-publish","format-standard","hentry","category-1-ano","category-apirantes-a-ingreso","category-escuela-paula-albarracin","tag-ingreso","tag-noticias"],"_links":{"self":[{"href":"https:\/\/escuelas.mvl.edu.ar\/empas\/wp-json\/wp\/v2\/posts\/9739","targetHints":{"allow":["GET"]}}],"collection":[{"href":"https:\/\/escuelas.mvl.edu.ar\/empas\/wp-json\/wp\/v2\/posts"}],"about":[{"href":"https:\/\/escuelas.mvl.edu.ar\/empas\/wp-json\/wp\/v2\/types\/post"}],"author":[{"embeddable":true,"href":"https:\/\/escuelas.mvl.edu.ar\/empas\/wp-json\/wp\/v2\/users\/10"}],"replies":[{"embeddable":true,"href":"https:\/\/escuelas.mvl.edu.ar\/empas\/wp-json\/wp\/v2\/comments?post=9739"}],"version-history":[{"count":8,"href":"https:\/\/escuelas.mvl.edu.ar\/empas\/wp-json\/wp\/v2\/posts\/9739\/revisions"}],"predecessor-version":[{"id":9780,"href":"https:\/\/escuelas.mvl.edu.ar\/empas\/wp-json\/wp\/v2\/posts\/9739\/revisions\/9780"}],"wp:attachment":[{"href":"https:\/\/escuelas.mvl.edu.ar\/empas\/wp-json\/wp\/v2\/media?parent=9739"}],"wp:term":[{"taxonomy":"category","embeddable":true,"href":"https:\/\/escuelas.mvl.edu.ar\/empas\/wp-json\/wp\/v2\/categories?post=9739"},{"taxonomy":"post_tag","embeddable":true,"href":"https:\/\/escuelas.mvl.edu.ar\/empas\/wp-json\/wp\/v2\/tags?post=9739"}],"curies":[{"name":"wp","href":"https:\/\/api.w.org\/{rel}","templated":true}]}}