{"id":9783,"date":"2024-09-05T18:03:53","date_gmt":"2024-09-05T18:03:53","guid":{"rendered":"https:\/\/escuelas.mvl.edu.ar\/empas\/?p=9783"},"modified":"2024-09-05T18:15:04","modified_gmt":"2024-09-05T18:15:04","slug":"empas-recorrido-virtual","status":"publish","type":"post","link":"https:\/\/escuelas.mvl.edu.ar\/empas\/2024\/09\/05\/empas-recorrido-virtual\/","title":{"rendered":"#EMPAS | Recorrido Virtual"},"content":{"rendered":"\n<p>La Escuela cuenta con dos turnos (ma\u00f1ana y tarde) en los que se desarrollan el <strong>Ciclo B\u00e1sico<\/strong> y <strong>Superior<\/strong>, este \u00faltimo cuenta con<strong> 4 orientaciones<\/strong>: Econom\u00eda y Administraci\u00f3n, Artes Visuales, Ciencias Sociales y Ciencias Naturales.<\/p>\n\n\n\n<p>Se dicta <strong>Tecnolog\u00eda<\/strong> en el Ciclo B\u00e1sico y una <strong>segunda lengua extranjera a elecci\u00f3n <\/strong>en el Ciclo Superior (portugu\u00e9s, franc\u00e9s e italiano). Adem\u00e1s, desde 2017 cuenta con la posibilidad de acceder a un <strong>Bachillerato Internacional.<\/strong><\/p>\n\n\n\n<p>\ud83d\udccd \u00a1Acompa\u00f1anos a recorrer sus instalaciones y conocer m\u00e1s sobre nuestra propuesta educativa!<\/p>\n\n\n\n<hr class=\"wp-block-separator has-alpha-channel-opacity\" \/>\n\n\n\n<figure class=\"wp-block-embed is-type-video is-provider-youtube wp-block-embed-youtube wp-embed-aspect-16-9 wp-has-aspect-ratio\"><div class=\"wp-block-embed__wrapper\">\n<iframe title=\"#EMPAS | Recorrido Virtual\" width=\"648\" height=\"365\" src=\"https:\/\/www.youtube.com\/embed\/3UWs6NqDs3c?feature=oembed\" frameborder=\"0\" allow=\"accelerometer; autoplay; clipboard-write; encrypted-media; gyroscope; picture-in-picture; web-share\" referrerpolicy=\"strict-origin-when-cross-origin\" allowfullscreen><\/iframe>\n<\/div><\/figure>\n\n\n\n<hr class=\"wp-block-separator has-alpha-channel-opacity\" \/>\n","protected":false},"excerpt":{"rendered":"<p>La Escuela cuenta con dos turnos (ma\u00f1ana y tarde) en los que se desarrollan el Ciclo B\u00e1sico y Superior, este \u00faltimo cuenta con 4 orientaciones: Econom\u00eda y Administraci\u00f3n, Artes Visuales, Ciencias Sociales y Ciencias Naturales. Se dicta Tecnolog\u00eda en el Ciclo B\u00e1sico y una segunda lengua extranjera a elecci\u00f3n en el Ciclo Superior (portugu\u00e9s, franc\u00e9s e italiano). Adem\u00e1s, desde 2017 cuenta con la posibilidad de acceder a un Bachillerato Internacional. \ud83d\udccd \u00a1Acompa\u00f1anos a recorrer sus instalaciones y conocer m\u00e1s sobre nuestra propuesta educativa!<\/p>\n","protected":false},"author":10,"featured_media":0,"comment_status":"closed","ping_status":"closed","sticky":false,"template":"","format":"standard","meta":{"footnotes":""},"categories":[1],"tags":[],"class_list":["post-9783","post","type-post","status-publish","format-standard","hentry","category-sin-categoria"],"_links":{"self":[{"href":"https:\/\/escuelas.mvl.edu.ar\/empas\/wp-json\/wp\/v2\/posts\/9783","targetHints":{"allow":["GET"]}}],"collection":[{"href":"https:\/\/escuelas.mvl.edu.ar\/empas\/wp-json\/wp\/v2\/posts"}],"about":[{"href":"https:\/\/escuelas.mvl.edu.ar\/empas\/wp-json\/wp\/v2\/types\/post"}],"author":[{"embeddable":true,"href":"https:\/\/escuelas.mvl.edu.ar\/empas\/wp-json\/wp\/v2\/users\/10"}],"replies":[{"embeddable":true,"href":"https:\/\/escuelas.mvl.edu.ar\/empas\/wp-json\/wp\/v2\/comments?post=9783"}],"version-history":[{"count":2,"href":"https:\/\/escuelas.mvl.edu.ar\/empas\/wp-json\/wp\/v2\/posts\/9783\/revisions"}],"predecessor-version":[{"id":9785,"href":"https:\/\/escuelas.mvl.edu.ar\/empas\/wp-json\/wp\/v2\/posts\/9783\/revisions\/9785"}],"wp:attachment":[{"href":"https:\/\/escuelas.mvl.edu.ar\/empas\/wp-json\/wp\/v2\/media?parent=9783"}],"wp:term":[{"taxonomy":"category","embeddable":true,"href":"https:\/\/escuelas.mvl.edu.ar\/empas\/wp-json\/wp\/v2\/categories?post=9783"},{"taxonomy":"post_tag","embeddable":true,"href":"https:\/\/escuelas.mvl.edu.ar\/empas\/wp-json\/wp\/v2\/tags?post=9783"}],"curies":[{"name":"wp","href":"https:\/\/api.w.org\/{rel}","templated":true}]}}