{"id":9979,"date":"2025-02-03T13:21:36","date_gmt":"2025-02-03T13:21:36","guid":{"rendered":"https:\/\/escuelas.mvl.edu.ar\/empas\/?p=9979"},"modified":"2025-02-03T13:25:07","modified_gmt":"2025-02-03T13:25:07","slug":"acompanamos-a-la-familia-diz","status":"publish","type":"post","link":"https:\/\/escuelas.mvl.edu.ar\/empas\/2025\/02\/03\/acompanamos-a-la-familia-diz\/","title":{"rendered":"Acompa\u00f1amos a la familia Diz"},"content":{"rendered":"<div class=\"wp-block-image\">\n<figure class=\"aligncenter size-full is-resized\"><img fetchpriority=\"high\" decoding=\"async\" width=\"792\" height=\"347\" src=\"https:\/\/escuelas.mvl.edu.ar\/empas\/wp-content\/uploads\/sites\/3\/2025\/02\/unnamed.png\" alt=\"\" class=\"wp-image-9980\" style=\"width:840px;height:auto\" srcset=\"https:\/\/escuelas.mvl.edu.ar\/empas\/wp-content\/uploads\/sites\/3\/2025\/02\/unnamed.png 792w, https:\/\/escuelas.mvl.edu.ar\/empas\/wp-content\/uploads\/sites\/3\/2025\/02\/unnamed-300x131.png 300w, https:\/\/escuelas.mvl.edu.ar\/empas\/wp-content\/uploads\/sites\/3\/2025\/02\/unnamed-768x336.png 768w\" sizes=\"(max-width: 792px) 100vw, 792px\" \/><\/figure>\n<\/div>\n\n\n<hr class=\"wp-block-separator has-alpha-channel-opacity\" \/>\n\n\n<div>\n<p style=\"text-align: center\">Acompa\u00f1amos a la <strong>familia Diz<\/strong> y seres queridos en este dif\u00edcil momento.<br \/><strong>Sof\u00eda<\/strong>, siempre vas a estar en el coraz\u00f3n de toda la comunidad del Paula.<\/p>\n<\/div>\n\n\n<hr class=\"wp-block-separator has-alpha-channel-opacity\" \/>\n\n\n\n<p><\/p>\n","protected":false},"excerpt":{"rendered":"<p>Acompa\u00f1amos a la familia Diz y seres queridos en este dif\u00edcil momento.Sof\u00eda, siempre vas a estar en el coraz\u00f3n de toda la comunidad del Paula.<\/p>\n","protected":false},"author":10,"featured_media":0,"comment_status":"closed","ping_status":"closed","sticky":false,"template":"","format":"standard","meta":{"footnotes":""},"categories":[283,53],"tags":[],"class_list":["post-9979","post","type-post","status-publish","format-standard","hentry","category-comunicaciones","category-escuela-paula-albarracin"],"_links":{"self":[{"href":"https:\/\/escuelas.mvl.edu.ar\/empas\/wp-json\/wp\/v2\/posts\/9979","targetHints":{"allow":["GET"]}}],"collection":[{"href":"https:\/\/escuelas.mvl.edu.ar\/empas\/wp-json\/wp\/v2\/posts"}],"about":[{"href":"https:\/\/escuelas.mvl.edu.ar\/empas\/wp-json\/wp\/v2\/types\/post"}],"author":[{"embeddable":true,"href":"https:\/\/escuelas.mvl.edu.ar\/empas\/wp-json\/wp\/v2\/users\/10"}],"replies":[{"embeddable":true,"href":"https:\/\/escuelas.mvl.edu.ar\/empas\/wp-json\/wp\/v2\/comments?post=9979"}],"version-history":[{"count":3,"href":"https:\/\/escuelas.mvl.edu.ar\/empas\/wp-json\/wp\/v2\/posts\/9979\/revisions"}],"predecessor-version":[{"id":9984,"href":"https:\/\/escuelas.mvl.edu.ar\/empas\/wp-json\/wp\/v2\/posts\/9979\/revisions\/9984"}],"wp:attachment":[{"href":"https:\/\/escuelas.mvl.edu.ar\/empas\/wp-json\/wp\/v2\/media?parent=9979"}],"wp:term":[{"taxonomy":"category","embeddable":true,"href":"https:\/\/escuelas.mvl.edu.ar\/empas\/wp-json\/wp\/v2\/categories?post=9979"},{"taxonomy":"post_tag","embeddable":true,"href":"https:\/\/escuelas.mvl.edu.ar\/empas\/wp-json\/wp\/v2\/tags?post=9979"}],"curies":[{"name":"wp","href":"https:\/\/api.w.org\/{rel}","templated":true}]}}